{"id":5951,"date":"2020-12-10T19:58:08","date_gmt":"2020-12-10T19:58:08","guid":{"rendered":"https:\/\/www.cftestataltarapaca.cl\/inicio\/?p=5951"},"modified":"2020-12-10T19:58:08","modified_gmt":"2020-12-10T19:58:08","slug":"cft-estatales-se-adjudican-recursos-para-mejorar-vinculacion-con-sector-productivo-y-reducir-brechas-en-innovacion-y-transferencia-tecnologica","status":"publish","type":"post","link":"https:\/\/www.cftestataltarapaca.cl\/inicio\/2020\/12\/10\/cft-estatales-se-adjudican-recursos-para-mejorar-vinculacion-con-sector-productivo-y-reducir-brechas-en-innovacion-y-transferencia-tecnologica\/","title":{"rendered":"CFT Estatales se adjudican recursos para mejorar vinculaci\u00f3n con sector productivo y reducir brechas en innovaci\u00f3n y transferencia tecnol\u00f3gica"},"content":{"rendered":"<p style=\"text-align: justify\">CFT Estatales de las Regiones de Tarapac\u00e1, Coquimbo y Los Lagos se adjudicaron fondos que permitir\u00e1n desarrollar un Plan Estrat\u00e9gico Institucional, que busca mejorar la vinculaci\u00f3n del sector educativo con el productivo y disminuir las brechas de Innovaci\u00f3n y transferencia tecnol\u00f3gica;\u00a0 y emprendimiento.<\/p>\n<p style=\"text-align: justify\">El plan forma parte del programa IP-CFT 2030 del Ministerio de Educaci\u00f3n y CORFO, el cual tiene por finalidad fortalecer los Centros de Formaci\u00f3n T\u00e9cnica e Institutos Profesionales a trav\u00e9s de la incorporaci\u00f3n de herramientas y conocimientos de innovaci\u00f3n y transferencia tecnol\u00f3gica, permitiendo con ello contribuir a la desarrollo de capital humano con la formaci\u00f3n necesaria para enfrentar los desaf\u00edos de la econom\u00eda nacional.<\/p>\n<p style=\"text-align: justify\">La propuesta enviada de manera conjunta por los 3 CFT Estatales, fue la tercera de mayor puntaje entre las 23 propuestas que recepcion\u00f3 el programa a nivel nacional.<\/p>\n<p>IMPACTO<\/p>\n<p style=\"text-align: justify\">Con la generaci\u00f3n del Plan Estrat\u00e9gico Institucional y de su implementaci\u00f3n, se lograr\u00e1 la adecuaci\u00f3n y actualizaci\u00f3n entre la educaci\u00f3n t\u00e9cnica y superior y el mundo laboral, ello a trav\u00e9s de la Innovaci\u00f3n y la Transferencia Tecnol\u00f3gica, con foco en la vinculaci\u00f3n con la industria y el desarrollo sostenible.<\/p>\n<p style=\"text-align: justify\">El Plan adem\u00e1s adem\u00e1s fortalecer\u00e1 la gesti\u00f3n estrat\u00e9gica al contribuir al proceso de acreditaci\u00f3n institucional, esto porque los nuevos criterios del Consejo Nacional de Acreditaci\u00f3n en la dimensi\u00f3n\u00a0Innovaci\u00f3n requieren de instituciones que hayan iniciado su camino en estos \u00e1mbitos de manera activa, lo que concuerda con el plan y sus objetivos.<\/p>\n<p style=\"text-align: justify\">Junto con lo anterior la participaci\u00f3n de acad\u00e9micos y estudiantes, funcionarios y aliados estrat\u00e9gicos, permite visualizar un impacto transversal en el quehacer institucional, impactando positivamente las metodolog\u00edas docentes, actividades extracurriculares de los estudiantes, y el propio curr\u00edculum, aline\u00e1ndolo con el Marco de Cualificaciones T\u00e9cnico Profesional en lo referente a Innovaci\u00f3n en el Nivel 4, entre otros logros curriculares posibles.<\/p>\n<p style=\"text-align: justify\">El desarrollo del Plan Estrat\u00e9gico Institucional genera valor compartido, tanto para los CFTs como para la industria y a trav\u00e9s de ellos al pa\u00eds.<\/p>\n<p style=\"text-align: justify\">Su implementaci\u00f3n ser\u00e1 en el transcurso del 2021 y ser\u00e1 de manera conjunta entre los CFT Estatales de Tarapac\u00e1, Coquimbo y Los Lagos, mediante el comit\u00e9 rectores, un comit\u00e9 t\u00e9cnico, un Jefe de proyecto y la participaci\u00f3n de acad\u00e9micos y\u00a0 profesionales.<\/p>\n<p style=\"text-align: justify\">CAPACITACI\u00d3N<\/p>\n<p style=\"text-align: justify\">Inserto en el programa IP-CFT 2030 del Ministerio de Educaci\u00f3n y CORFO tambi\u00e9n se encuentra la capacitaci\u00f3n \u201cFortalecimiento de capacidades de innovaci\u00f3n y transferencia tecnol\u00f3gica en la educaci\u00f3n superior t\u00e9cnico profesional\u201d, en el cual participan 6 docentes del CFT Estatal Tarapac\u00e1.<\/p>\n","protected":false},"excerpt":{"rendered":"<p>CFT Estatales de las Regiones de Tarapac\u00e1, Coquimbo y Los Lagos se adjudicaron fondos que permitir\u00e1n desarrollar un Plan Estrat\u00e9gico Institucional, que busca mejorar la vinculaci\u00f3n del sector educativo con&#8230;<\/p>\n","protected":false},"author":2,"featured_media":5955,"comment_status":"open","ping_status":"open","sticky":false,"template":"","format":"standard","meta":{"_joinchat":[],"footnotes":""},"categories":[49,52,45],"tags":[],"class_list":["post-5951","post","type-post","status-publish","format-standard","has-post-thumbnail","hentry","category-academico","category-comunicados","category-vinculacion"],"yoast_head":"<!-- This site is optimized with the Yoast SEO plugin v27.4 - https:\/\/yoast.com\/product\/yoast-seo-wordpress\/ -->\n<title>CFT Estatales se adjudican recursos para mejorar vinculaci\u00f3n con sector productivo y reducir brechas en innovaci\u00f3n y transferencia tecnol\u00f3gica - CFT Estatal Tarapac\u00e1<\/title>\n<meta name=\"robots\" content=\"index, follow, max-snippet:-1, max-image-preview:large, max-video-preview:-1\" \/>\n<link rel=\"canonical\" href=\"https:\/\/www.cftestataltarapaca.cl\/inicio\/2020\/12\/10\/cft-estatales-se-adjudican-recursos-para-mejorar-vinculacion-con-sector-productivo-y-reducir-brechas-en-innovacion-y-transferencia-tecnologica\/\" \/>\n<meta property=\"og:locale\" content=\"es_ES\" \/>\n<meta property=\"og:type\" content=\"article\" \/>\n<meta property=\"og:title\" content=\"CFT Estatales se adjudican recursos para mejorar vinculaci\u00f3n con sector productivo y reducir brechas en innovaci\u00f3n y transferencia tecnol\u00f3gica - CFT Estatal Tarapac\u00e1\" \/>\n<meta property=\"og:description\" content=\"CFT Estatales de las Regiones de Tarapac\u00e1, Coquimbo y Los Lagos se adjudicaron fondos que permitir\u00e1n desarrollar un Plan Estrat\u00e9gico Institucional, que busca mejorar la vinculaci\u00f3n del sector educativo con...\" \/>\n<meta property=\"og:url\" content=\"https:\/\/www.cftestataltarapaca.cl\/inicio\/2020\/12\/10\/cft-estatales-se-adjudican-recursos-para-mejorar-vinculacion-con-sector-productivo-y-reducir-brechas-en-innovacion-y-transferencia-tecnologica\/\" \/>\n<meta property=\"og:site_name\" content=\"CFT Estatal Tarapac\u00e1\" \/>\n<meta property=\"article:publisher\" content=\"https:\/\/www.facebook.com\/CFTestataltarapaca\/\" \/>\n<meta property=\"article:published_time\" content=\"2020-12-10T19:58:08+00:00\" \/>\n<meta property=\"og:image\" content=\"https:\/\/www.cftestataltarapaca.cl\/inicio\/wp-content\/uploads\/2020\/12\/Disen\u0303o-sin-ti\u0301tulo.jpg\" \/>\n\t<meta property=\"og:image:width\" content=\"2000\" \/>\n\t<meta property=\"og:image:height\" content=\"1600\" \/>\n\t<meta property=\"og:image:type\" content=\"image\/jpeg\" \/>\n<meta name=\"author\" content=\"Comunicaciones\" \/>\n<meta name=\"twitter:card\" content=\"summary_large_image\" \/>\n<meta name=\"twitter:creator\" content=\"@CFTesTarapaca\" \/>\n<meta name=\"twitter:site\" content=\"@CFTesTarapaca\" \/>\n<meta name=\"twitter:label1\" content=\"Escrito por\" \/>\n\t<meta name=\"twitter:data1\" content=\"Comunicaciones\" \/>\n\t<meta name=\"twitter:label2\" content=\"Tiempo de lectura\" \/>\n\t<meta name=\"twitter:data2\" content=\"2 minutos\" \/>\n<script type=\"application\/ld+json\" class=\"yoast-schema-graph\">{\"@context\":\"https:\\\/\\\/schema.org\",\"@graph\":[{\"@type\":\"Article\",\"@id\":\"https:\\\/\\\/www.cftestataltarapaca.cl\\\/inicio\\\/2020\\\/12\\\/10\\\/cft-estatales-se-adjudican-recursos-para-mejorar-vinculacion-con-sector-productivo-y-reducir-brechas-en-innovacion-y-transferencia-tecnologica\\\/#article\",\"isPartOf\":{\"@id\":\"https:\\\/\\\/www.cftestataltarapaca.cl\\\/inicio\\\/2020\\\/12\\\/10\\\/cft-estatales-se-adjudican-recursos-para-mejorar-vinculacion-con-sector-productivo-y-reducir-brechas-en-innovacion-y-transferencia-tecnologica\\\/\"},\"author\":{\"name\":\"Comunicaciones\",\"@id\":\"https:\\\/\\\/www.cftestataltarapaca.cl\\\/inicio\\\/#\\\/schema\\\/person\\\/ad1fbfa1fa7c3d3889f4ae5401dd660e\"},\"headline\":\"CFT Estatales se adjudican recursos para mejorar vinculaci\u00f3n con sector productivo y reducir brechas en innovaci\u00f3n y transferencia tecnol\u00f3gica\",\"datePublished\":\"2020-12-10T19:58:08+00:00\",\"mainEntityOfPage\":{\"@id\":\"https:\\\/\\\/www.cftestataltarapaca.cl\\\/inicio\\\/2020\\\/12\\\/10\\\/cft-estatales-se-adjudican-recursos-para-mejorar-vinculacion-con-sector-productivo-y-reducir-brechas-en-innovacion-y-transferencia-tecnologica\\\/\"},\"wordCount\":475,\"commentCount\":0,\"publisher\":{\"@id\":\"https:\\\/\\\/www.cftestataltarapaca.cl\\\/inicio\\\/#organization\"},\"image\":{\"@id\":\"https:\\\/\\\/www.cftestataltarapaca.cl\\\/inicio\\\/2020\\\/12\\\/10\\\/cft-estatales-se-adjudican-recursos-para-mejorar-vinculacion-con-sector-productivo-y-reducir-brechas-en-innovacion-y-transferencia-tecnologica\\\/#primaryimage\"},\"thumbnailUrl\":\"https:\\\/\\\/www.cftestataltarapaca.cl\\\/inicio\\\/wp-content\\\/uploads\\\/2020\\\/12\\\/Disen\u0303o-sin-ti\u0301tulo.jpg\",\"articleSection\":[\"Acad\u00e9mico\",\"Comunicados\",\"Vinculaci\u00f3n\"],\"inLanguage\":\"es\",\"potentialAction\":[{\"@type\":\"CommentAction\",\"name\":\"Comment\",\"target\":[\"https:\\\/\\\/www.cftestataltarapaca.cl\\\/inicio\\\/2020\\\/12\\\/10\\\/cft-estatales-se-adjudican-recursos-para-mejorar-vinculacion-con-sector-productivo-y-reducir-brechas-en-innovacion-y-transferencia-tecnologica\\\/#respond\"]}]},{\"@type\":\"WebPage\",\"@id\":\"https:\\\/\\\/www.cftestataltarapaca.cl\\\/inicio\\\/2020\\\/12\\\/10\\\/cft-estatales-se-adjudican-recursos-para-mejorar-vinculacion-con-sector-productivo-y-reducir-brechas-en-innovacion-y-transferencia-tecnologica\\\/\",\"url\":\"https:\\\/\\\/www.cftestataltarapaca.cl\\\/inicio\\\/2020\\\/12\\\/10\\\/cft-estatales-se-adjudican-recursos-para-mejorar-vinculacion-con-sector-productivo-y-reducir-brechas-en-innovacion-y-transferencia-tecnologica\\\/\",\"name\":\"CFT Estatales se adjudican recursos para mejorar vinculaci\u00f3n con sector productivo y reducir brechas en innovaci\u00f3n y transferencia tecnol\u00f3gica - CFT Estatal Tarapac\u00e1\",\"isPartOf\":{\"@id\":\"https:\\\/\\\/www.cftestataltarapaca.cl\\\/inicio\\\/#website\"},\"primaryImageOfPage\":{\"@id\":\"https:\\\/\\\/www.cftestataltarapaca.cl\\\/inicio\\\/2020\\\/12\\\/10\\\/cft-estatales-se-adjudican-recursos-para-mejorar-vinculacion-con-sector-productivo-y-reducir-brechas-en-innovacion-y-transferencia-tecnologica\\\/#primaryimage\"},\"image\":{\"@id\":\"https:\\\/\\\/www.cftestataltarapaca.cl\\\/inicio\\\/2020\\\/12\\\/10\\\/cft-estatales-se-adjudican-recursos-para-mejorar-vinculacion-con-sector-productivo-y-reducir-brechas-en-innovacion-y-transferencia-tecnologica\\\/#primaryimage\"},\"thumbnailUrl\":\"https:\\\/\\\/www.cftestataltarapaca.cl\\\/inicio\\\/wp-content\\\/uploads\\\/2020\\\/12\\\/Disen\u0303o-sin-ti\u0301tulo.jpg\",\"datePublished\":\"2020-12-10T19:58:08+00:00\",\"breadcrumb\":{\"@id\":\"https:\\\/\\\/www.cftestataltarapaca.cl\\\/inicio\\\/2020\\\/12\\\/10\\\/cft-estatales-se-adjudican-recursos-para-mejorar-vinculacion-con-sector-productivo-y-reducir-brechas-en-innovacion-y-transferencia-tecnologica\\\/#breadcrumb\"},\"inLanguage\":\"es\",\"potentialAction\":[{\"@type\":\"ReadAction\",\"target\":[\"https:\\\/\\\/www.cftestataltarapaca.cl\\\/inicio\\\/2020\\\/12\\\/10\\\/cft-estatales-se-adjudican-recursos-para-mejorar-vinculacion-con-sector-productivo-y-reducir-brechas-en-innovacion-y-transferencia-tecnologica\\\/\"]}]},{\"@type\":\"ImageObject\",\"inLanguage\":\"es\",\"@id\":\"https:\\\/\\\/www.cftestataltarapaca.cl\\\/inicio\\\/2020\\\/12\\\/10\\\/cft-estatales-se-adjudican-recursos-para-mejorar-vinculacion-con-sector-productivo-y-reducir-brechas-en-innovacion-y-transferencia-tecnologica\\\/#primaryimage\",\"url\":\"https:\\\/\\\/www.cftestataltarapaca.cl\\\/inicio\\\/wp-content\\\/uploads\\\/2020\\\/12\\\/Disen\u0303o-sin-ti\u0301tulo.jpg\",\"contentUrl\":\"https:\\\/\\\/www.cftestataltarapaca.cl\\\/inicio\\\/wp-content\\\/uploads\\\/2020\\\/12\\\/Disen\u0303o-sin-ti\u0301tulo.jpg\",\"width\":2000,\"height\":1600},{\"@type\":\"BreadcrumbList\",\"@id\":\"https:\\\/\\\/www.cftestataltarapaca.cl\\\/inicio\\\/2020\\\/12\\\/10\\\/cft-estatales-se-adjudican-recursos-para-mejorar-vinculacion-con-sector-productivo-y-reducir-brechas-en-innovacion-y-transferencia-tecnologica\\\/#breadcrumb\",\"itemListElement\":[{\"@type\":\"ListItem\",\"position\":1,\"name\":\"Portada\",\"item\":\"https:\\\/\\\/www.cftestataltarapaca.cl\\\/inicio\\\/\"},{\"@type\":\"ListItem\",\"position\":2,\"name\":\"CFT Estatales se adjudican recursos para mejorar vinculaci\u00f3n con sector productivo y reducir brechas en innovaci\u00f3n y transferencia tecnol\u00f3gica\"}]},{\"@type\":\"WebSite\",\"@id\":\"https:\\\/\\\/www.cftestataltarapaca.cl\\\/inicio\\\/#website\",\"url\":\"https:\\\/\\\/www.cftestataltarapaca.cl\\\/inicio\\\/\",\"name\":\"CFT Estatal Tarapac\u00e1\",\"description\":\"Admisi\u00f3n 2025\",\"publisher\":{\"@id\":\"https:\\\/\\\/www.cftestataltarapaca.cl\\\/inicio\\\/#organization\"},\"potentialAction\":[{\"@type\":\"SearchAction\",\"target\":{\"@type\":\"EntryPoint\",\"urlTemplate\":\"https:\\\/\\\/www.cftestataltarapaca.cl\\\/inicio\\\/?s={search_term_string}\"},\"query-input\":{\"@type\":\"PropertyValueSpecification\",\"valueRequired\":true,\"valueName\":\"search_term_string\"}}],\"inLanguage\":\"es\"},{\"@type\":\"Organization\",\"@id\":\"https:\\\/\\\/www.cftestataltarapaca.cl\\\/inicio\\\/#organization\",\"name\":\"CFT Estatal Tarapac\u00e1\",\"url\":\"https:\\\/\\\/www.cftestataltarapaca.cl\\\/inicio\\\/\",\"logo\":{\"@type\":\"ImageObject\",\"inLanguage\":\"es\",\"@id\":\"https:\\\/\\\/www.cftestataltarapaca.cl\\\/inicio\\\/#\\\/schema\\\/logo\\\/image\\\/\",\"url\":\"https:\\\/\\\/www.cftestataltarapaca.cl\\\/inicio\\\/wp-content\\\/uploads\\\/2019\\\/03\\\/logo-retina-1.png\",\"contentUrl\":\"https:\\\/\\\/www.cftestataltarapaca.cl\\\/inicio\\\/wp-content\\\/uploads\\\/2019\\\/03\\\/logo-retina-1.png\",\"width\":401,\"height\":150,\"caption\":\"CFT Estatal Tarapac\u00e1\"},\"image\":{\"@id\":\"https:\\\/\\\/www.cftestataltarapaca.cl\\\/inicio\\\/#\\\/schema\\\/logo\\\/image\\\/\"},\"sameAs\":[\"https:\\\/\\\/www.facebook.com\\\/CFTestataltarapaca\\\/\",\"https:\\\/\\\/x.com\\\/CFTesTarapaca\",\"https:\\\/\\\/www.instagram.com\\\/CFTestataltarapaca\\\/\"]},{\"@type\":\"Person\",\"@id\":\"https:\\\/\\\/www.cftestataltarapaca.cl\\\/inicio\\\/#\\\/schema\\\/person\\\/ad1fbfa1fa7c3d3889f4ae5401dd660e\",\"name\":\"Comunicaciones\",\"image\":{\"@type\":\"ImageObject\",\"inLanguage\":\"es\",\"@id\":\"https:\\\/\\\/secure.gravatar.com\\\/avatar\\\/ed1c2728327f20a5a62edaeb7dc181858f225b765044c5314c3d1059a1bd992f?s=96&d=mm&r=g\",\"url\":\"https:\\\/\\\/secure.gravatar.com\\\/avatar\\\/ed1c2728327f20a5a62edaeb7dc181858f225b765044c5314c3d1059a1bd992f?s=96&d=mm&r=g\",\"contentUrl\":\"https:\\\/\\\/secure.gravatar.com\\\/avatar\\\/ed1c2728327f20a5a62edaeb7dc181858f225b765044c5314c3d1059a1bd992f?s=96&d=mm&r=g\",\"caption\":\"Comunicaciones\"},\"sameAs\":[\"http:\\\/\\\/www.cftestataltarapaca.cl\"],\"url\":\"https:\\\/\\\/www.cftestataltarapaca.cl\\\/inicio\\\/author\\\/comunicaciones\\\/\"}]}<\/script>\n<!-- \/ Yoast SEO plugin. -->","yoast_head_json":{"title":"CFT Estatales se adjudican recursos para mejorar vinculaci\u00f3n con sector productivo y reducir brechas en innovaci\u00f3n y transferencia tecnol\u00f3gica - CFT Estatal Tarapac\u00e1","robots":{"index":"index","follow":"follow","max-snippet":"max-snippet:-1","max-image-preview":"max-image-preview:large","max-video-preview":"max-video-preview:-1"},"canonical":"https:\/\/www.cftestataltarapaca.cl\/inicio\/2020\/12\/10\/cft-estatales-se-adjudican-recursos-para-mejorar-vinculacion-con-sector-productivo-y-reducir-brechas-en-innovacion-y-transferencia-tecnologica\/","og_locale":"es_ES","og_type":"article","og_title":"CFT Estatales se adjudican recursos para mejorar vinculaci\u00f3n con sector productivo y reducir brechas en innovaci\u00f3n y transferencia tecnol\u00f3gica - CFT Estatal Tarapac\u00e1","og_description":"CFT Estatales de las Regiones de Tarapac\u00e1, Coquimbo y Los Lagos se adjudicaron fondos que permitir\u00e1n desarrollar un Plan Estrat\u00e9gico Institucional, que busca mejorar la vinculaci\u00f3n del sector educativo con...","og_url":"https:\/\/www.cftestataltarapaca.cl\/inicio\/2020\/12\/10\/cft-estatales-se-adjudican-recursos-para-mejorar-vinculacion-con-sector-productivo-y-reducir-brechas-en-innovacion-y-transferencia-tecnologica\/","og_site_name":"CFT Estatal Tarapac\u00e1","article_publisher":"https:\/\/www.facebook.com\/CFTestataltarapaca\/","article_published_time":"2020-12-10T19:58:08+00:00","og_image":[{"width":2000,"height":1600,"url":"https:\/\/www.cftestataltarapaca.cl\/inicio\/wp-content\/uploads\/2020\/12\/Disen\u0303o-sin-ti\u0301tulo.jpg","type":"image\/jpeg"}],"author":"Comunicaciones","twitter_card":"summary_large_image","twitter_creator":"@CFTesTarapaca","twitter_site":"@CFTesTarapaca","twitter_misc":{"Escrito por":"Comunicaciones","Tiempo de lectura":"2 minutos"},"schema":{"@context":"https:\/\/schema.org","@graph":[{"@type":"Article","@id":"https:\/\/www.cftestataltarapaca.cl\/inicio\/2020\/12\/10\/cft-estatales-se-adjudican-recursos-para-mejorar-vinculacion-con-sector-productivo-y-reducir-brechas-en-innovacion-y-transferencia-tecnologica\/#article","isPartOf":{"@id":"https:\/\/www.cftestataltarapaca.cl\/inicio\/2020\/12\/10\/cft-estatales-se-adjudican-recursos-para-mejorar-vinculacion-con-sector-productivo-y-reducir-brechas-en-innovacion-y-transferencia-tecnologica\/"},"author":{"name":"Comunicaciones","@id":"https:\/\/www.cftestataltarapaca.cl\/inicio\/#\/schema\/person\/ad1fbfa1fa7c3d3889f4ae5401dd660e"},"headline":"CFT Estatales se adjudican recursos para mejorar vinculaci\u00f3n con sector productivo y reducir brechas en innovaci\u00f3n y transferencia tecnol\u00f3gica","datePublished":"2020-12-10T19:58:08+00:00","mainEntityOfPage":{"@id":"https:\/\/www.cftestataltarapaca.cl\/inicio\/2020\/12\/10\/cft-estatales-se-adjudican-recursos-para-mejorar-vinculacion-con-sector-productivo-y-reducir-brechas-en-innovacion-y-transferencia-tecnologica\/"},"wordCount":475,"commentCount":0,"publisher":{"@id":"https:\/\/www.cftestataltarapaca.cl\/inicio\/#organization"},"image":{"@id":"https:\/\/www.cftestataltarapaca.cl\/inicio\/2020\/12\/10\/cft-estatales-se-adjudican-recursos-para-mejorar-vinculacion-con-sector-productivo-y-reducir-brechas-en-innovacion-y-transferencia-tecnologica\/#primaryimage"},"thumbnailUrl":"https:\/\/www.cftestataltarapaca.cl\/inicio\/wp-content\/uploads\/2020\/12\/Disen\u0303o-sin-ti\u0301tulo.jpg","articleSection":["Acad\u00e9mico","Comunicados","Vinculaci\u00f3n"],"inLanguage":"es","potentialAction":[{"@type":"CommentAction","name":"Comment","target":["https:\/\/www.cftestataltarapaca.cl\/inicio\/2020\/12\/10\/cft-estatales-se-adjudican-recursos-para-mejorar-vinculacion-con-sector-productivo-y-reducir-brechas-en-innovacion-y-transferencia-tecnologica\/#respond"]}]},{"@type":"WebPage","@id":"https:\/\/www.cftestataltarapaca.cl\/inicio\/2020\/12\/10\/cft-estatales-se-adjudican-recursos-para-mejorar-vinculacion-con-sector-productivo-y-reducir-brechas-en-innovacion-y-transferencia-tecnologica\/","url":"https:\/\/www.cftestataltarapaca.cl\/inicio\/2020\/12\/10\/cft-estatales-se-adjudican-recursos-para-mejorar-vinculacion-con-sector-productivo-y-reducir-brechas-en-innovacion-y-transferencia-tecnologica\/","name":"CFT Estatales se adjudican recursos para mejorar vinculaci\u00f3n con sector productivo y reducir brechas en innovaci\u00f3n y transferencia tecnol\u00f3gica - CFT Estatal Tarapac\u00e1","isPartOf":{"@id":"https:\/\/www.cftestataltarapaca.cl\/inicio\/#website"},"primaryImageOfPage":{"@id":"https:\/\/www.cftestataltarapaca.cl\/inicio\/2020\/12\/10\/cft-estatales-se-adjudican-recursos-para-mejorar-vinculacion-con-sector-productivo-y-reducir-brechas-en-innovacion-y-transferencia-tecnologica\/#primaryimage"},"image":{"@id":"https:\/\/www.cftestataltarapaca.cl\/inicio\/2020\/12\/10\/cft-estatales-se-adjudican-recursos-para-mejorar-vinculacion-con-sector-productivo-y-reducir-brechas-en-innovacion-y-transferencia-tecnologica\/#primaryimage"},"thumbnailUrl":"https:\/\/www.cftestataltarapaca.cl\/inicio\/wp-content\/uploads\/2020\/12\/Disen\u0303o-sin-ti\u0301tulo.jpg","datePublished":"2020-12-10T19:58:08+00:00","breadcrumb":{"@id":"https:\/\/www.cftestataltarapaca.cl\/inicio\/2020\/12\/10\/cft-estatales-se-adjudican-recursos-para-mejorar-vinculacion-con-sector-productivo-y-reducir-brechas-en-innovacion-y-transferencia-tecnologica\/#breadcrumb"},"inLanguage":"es","potentialAction":[{"@type":"ReadAction","target":["https:\/\/www.cftestataltarapaca.cl\/inicio\/2020\/12\/10\/cft-estatales-se-adjudican-recursos-para-mejorar-vinculacion-con-sector-productivo-y-reducir-brechas-en-innovacion-y-transferencia-tecnologica\/"]}]},{"@type":"ImageObject","inLanguage":"es","@id":"https:\/\/www.cftestataltarapaca.cl\/inicio\/2020\/12\/10\/cft-estatales-se-adjudican-recursos-para-mejorar-vinculacion-con-sector-productivo-y-reducir-brechas-en-innovacion-y-transferencia-tecnologica\/#primaryimage","url":"https:\/\/www.cftestataltarapaca.cl\/inicio\/wp-content\/uploads\/2020\/12\/Disen\u0303o-sin-ti\u0301tulo.jpg","contentUrl":"https:\/\/www.cftestataltarapaca.cl\/inicio\/wp-content\/uploads\/2020\/12\/Disen\u0303o-sin-ti\u0301tulo.jpg","width":2000,"height":1600},{"@type":"BreadcrumbList","@id":"https:\/\/www.cftestataltarapaca.cl\/inicio\/2020\/12\/10\/cft-estatales-se-adjudican-recursos-para-mejorar-vinculacion-con-sector-productivo-y-reducir-brechas-en-innovacion-y-transferencia-tecnologica\/#breadcrumb","itemListElement":[{"@type":"ListItem","position":1,"name":"Portada","item":"https:\/\/www.cftestataltarapaca.cl\/inicio\/"},{"@type":"ListItem","position":2,"name":"CFT Estatales se adjudican recursos para mejorar vinculaci\u00f3n con sector productivo y reducir brechas en innovaci\u00f3n y transferencia tecnol\u00f3gica"}]},{"@type":"WebSite","@id":"https:\/\/www.cftestataltarapaca.cl\/inicio\/#website","url":"https:\/\/www.cftestataltarapaca.cl\/inicio\/","name":"CFT Estatal Tarapac\u00e1","description":"Admisi\u00f3n 2025","publisher":{"@id":"https:\/\/www.cftestataltarapaca.cl\/inicio\/#organization"},"potentialAction":[{"@type":"SearchAction","target":{"@type":"EntryPoint","urlTemplate":"https:\/\/www.cftestataltarapaca.cl\/inicio\/?s={search_term_string}"},"query-input":{"@type":"PropertyValueSpecification","valueRequired":true,"valueName":"search_term_string"}}],"inLanguage":"es"},{"@type":"Organization","@id":"https:\/\/www.cftestataltarapaca.cl\/inicio\/#organization","name":"CFT Estatal Tarapac\u00e1","url":"https:\/\/www.cftestataltarapaca.cl\/inicio\/","logo":{"@type":"ImageObject","inLanguage":"es","@id":"https:\/\/www.cftestataltarapaca.cl\/inicio\/#\/schema\/logo\/image\/","url":"https:\/\/www.cftestataltarapaca.cl\/inicio\/wp-content\/uploads\/2019\/03\/logo-retina-1.png","contentUrl":"https:\/\/www.cftestataltarapaca.cl\/inicio\/wp-content\/uploads\/2019\/03\/logo-retina-1.png","width":401,"height":150,"caption":"CFT Estatal Tarapac\u00e1"},"image":{"@id":"https:\/\/www.cftestataltarapaca.cl\/inicio\/#\/schema\/logo\/image\/"},"sameAs":["https:\/\/www.facebook.com\/CFTestataltarapaca\/","https:\/\/x.com\/CFTesTarapaca","https:\/\/www.instagram.com\/CFTestataltarapaca\/"]},{"@type":"Person","@id":"https:\/\/www.cftestataltarapaca.cl\/inicio\/#\/schema\/person\/ad1fbfa1fa7c3d3889f4ae5401dd660e","name":"Comunicaciones","image":{"@type":"ImageObject","inLanguage":"es","@id":"https:\/\/secure.gravatar.com\/avatar\/ed1c2728327f20a5a62edaeb7dc181858f225b765044c5314c3d1059a1bd992f?s=96&d=mm&r=g","url":"https:\/\/secure.gravatar.com\/avatar\/ed1c2728327f20a5a62edaeb7dc181858f225b765044c5314c3d1059a1bd992f?s=96&d=mm&r=g","contentUrl":"https:\/\/secure.gravatar.com\/avatar\/ed1c2728327f20a5a62edaeb7dc181858f225b765044c5314c3d1059a1bd992f?s=96&d=mm&r=g","caption":"Comunicaciones"},"sameAs":["http:\/\/www.cftestataltarapaca.cl"],"url":"https:\/\/www.cftestataltarapaca.cl\/inicio\/author\/comunicaciones\/"}]}},"publishpress_future_action":{"enabled":false,"date":"2026-05-08 17:24:42","action":"change-status","newStatus":"draft","terms":[],"taxonomy":"category","extraData":[]},"publishpress_future_workflow_manual_trigger":{"enabledWorkflows":[]},"_links":{"self":[{"href":"https:\/\/www.cftestataltarapaca.cl\/inicio\/wp-json\/wp\/v2\/posts\/5951","targetHints":{"allow":["GET"]}}],"collection":[{"href":"https:\/\/www.cftestataltarapaca.cl\/inicio\/wp-json\/wp\/v2\/posts"}],"about":[{"href":"https:\/\/www.cftestataltarapaca.cl\/inicio\/wp-json\/wp\/v2\/types\/post"}],"author":[{"embeddable":true,"href":"https:\/\/www.cftestataltarapaca.cl\/inicio\/wp-json\/wp\/v2\/users\/2"}],"replies":[{"embeddable":true,"href":"https:\/\/www.cftestataltarapaca.cl\/inicio\/wp-json\/wp\/v2\/comments?post=5951"}],"version-history":[{"count":4,"href":"https:\/\/www.cftestataltarapaca.cl\/inicio\/wp-json\/wp\/v2\/posts\/5951\/revisions"}],"predecessor-version":[{"id":5957,"href":"https:\/\/www.cftestataltarapaca.cl\/inicio\/wp-json\/wp\/v2\/posts\/5951\/revisions\/5957"}],"wp:featuredmedia":[{"embeddable":true,"href":"https:\/\/www.cftestataltarapaca.cl\/inicio\/wp-json\/wp\/v2\/media\/5955"}],"wp:attachment":[{"href":"https:\/\/www.cftestataltarapaca.cl\/inicio\/wp-json\/wp\/v2\/media?parent=5951"}],"wp:term":[{"taxonomy":"category","embeddable":true,"href":"https:\/\/www.cftestataltarapaca.cl\/inicio\/wp-json\/wp\/v2\/categories?post=5951"},{"taxonomy":"post_tag","embeddable":true,"href":"https:\/\/www.cftestataltarapaca.cl\/inicio\/wp-json\/wp\/v2\/tags?post=5951"}],"curies":[{"name":"wp","href":"https:\/\/api.w.org\/{rel}","templated":true}]}}