{"id":5993,"date":"2020-12-14T13:14:34","date_gmt":"2020-12-14T13:14:34","guid":{"rendered":"https:\/\/www.cftestataltarapaca.cl\/inicio\/?p=5993"},"modified":"2020-12-14T13:14:34","modified_gmt":"2020-12-14T13:14:34","slug":"exitosa-jornada-de-competencias-sello-realizo-cft-estatal-tarapaca","status":"publish","type":"post","link":"https:\/\/www.cftestataltarapaca.cl\/inicio\/2020\/12\/14\/exitosa-jornada-de-competencias-sello-realizo-cft-estatal-tarapaca\/","title":{"rendered":"Exitosa Jornada de Competencias Sello realiz\u00f3 CFT Estatal Tarapac\u00e1"},"content":{"rendered":"<p style=\"text-align: justify\">Ser buenas personas, responsables en sus trabajos, comprometidos con su entorno, emp\u00e1ticos y respetuosos con sus pares, son parte de los valores que identifican a estudiantes del Centro de Formaci\u00f3n T\u00e9cnica Estatal de Tarapac\u00e1.<\/p>\n<p style=\"text-align: justify\">Para difundir esa formaci\u00f3n se llevaron a cabo las Jornadas de Competencias Sello para estudiantes de liceos de EMTP que mantienen convenio de articulaci\u00f3n con el CFT Estatal Tarapac\u00e1.<\/p>\n<p style=\"text-align: justify\">La actividad, que dur\u00f3 3 d\u00edas, fue desarrollada de manera online, siendo liderada por el rector Jorge Villegas Ahumada y contando con la participaci\u00f3n de los destacados deportistas nacionales Natalia Duco y Tom\u00e1s Gonz\u00e1lez.<\/p>\n<p style=\"text-align: justify\">SELLOS<\/p>\n<p style=\"text-align: justify\">En la oportunidad el rector destac\u00f3 que para el CFT Estatal el sello val\u00f3rico es muy importante y que por ello est\u00e1 presente durante toda la formaci\u00f3n de cada estudiante, as\u00ed como tambi\u00e9n en el perfil de egreso de todas las carreras t\u00e9cnicas de nivel superior que se imparten, destacando la formaci\u00f3n c\u00edvica, el uso de las tecnolog\u00edas y el emprendimiento. \u201cEstas competencias se ven reflejadas en las asignaturas que componen la malla curricular y estrategias metodol\u00f3gicas tanto en contexto curricular como extracurricular, promoviendo en el estudiante los valores que les hacen diferentes a los ojos del sector productivo y la regi\u00f3n\u201d.<\/p>\n<p style=\"text-align: justify\">EXPOSITORES<\/p>\n<p style=\"text-align: justify\">Las jornadas contaron con la participaci\u00f3n especial de los destacados deportistas nacionales Natalia Duco y Tom\u00e1s Gonz\u00e1lez. Quienes compartieron su experiencia de vida y esfuerzo no solo en el deporte sino tambi\u00e9n la familiar, mencionando tanto los triunfos como los problemas que han debido enfrentar y de c\u00f3mo han logrado alcanzar sus metas.<\/p>\n<p style=\"text-align: justify\">Ambos conversaron no solo con estudiantes que se articular\u00e1n en el CFT sino tambi\u00e9n con acad\u00e9micos y estudiantes de la instituci\u00f3n, logrando incentivar a cada uno respecto a seguir adelante con las metas, pero siempre siendo buenas personas, respetando, escuchando y valorando al resto, valores compartidos por el CFT en su proceso formativo.<\/p>\n<p style=\"text-align: justify\">En las jornadas tambi\u00e9n expusieron la profesora Diana Leyton y Javier \u00dabeda de la unidad de deportes y recreaci\u00f3n, comentando la experiencia desde el punto de vista de quienes trabajan en la instituci\u00f3n; y la alumna de la carrera de Administraci\u00f3n de Empresas, Andrea Cejas, estudiante que en el presente a\u00f1o fue reconocida dentro de las 100 mujeres m\u00e1s destacadas del pa\u00eds por su aporte social que lleva a cabo y que va en beneficios de muchas personas.<\/p>\n","protected":false},"excerpt":{"rendered":"<p>Ser buenas personas, responsables en sus trabajos, comprometidos con su entorno, emp\u00e1ticos y respetuosos con sus pares, son parte de los valores que identifican a estudiantes del Centro de Formaci\u00f3n&#8230;<\/p>\n","protected":false},"author":2,"featured_media":5996,"comment_status":"open","ping_status":"open","sticky":false,"template":"","format":"standard","meta":{"_joinchat":[],"footnotes":""},"categories":[49,52,45],"tags":[75,125,86,80,68],"class_list":["post-5993","post","type-post","status-publish","format-standard","has-post-thumbnail","hentry","category-academico","category-comunicados","category-vinculacion","tag-alto-hospicio","tag-articulacion","tag-cft-estatal-tarapaca","tag-educacion","tag-tecnicos"],"yoast_head":"<!-- This site is optimized with the Yoast SEO plugin v27.4 - https:\/\/yoast.com\/product\/yoast-seo-wordpress\/ -->\n<title>Exitosa Jornada de Competencias Sello realiz\u00f3 CFT Estatal Tarapac\u00e1 - CFT Estatal Tarapac\u00e1<\/title>\n<meta name=\"robots\" content=\"index, follow, max-snippet:-1, max-image-preview:large, max-video-preview:-1\" \/>\n<link rel=\"canonical\" href=\"https:\/\/www.cftestataltarapaca.cl\/inicio\/2020\/12\/14\/exitosa-jornada-de-competencias-sello-realizo-cft-estatal-tarapaca\/\" \/>\n<meta property=\"og:locale\" content=\"es_ES\" \/>\n<meta property=\"og:type\" content=\"article\" \/>\n<meta property=\"og:title\" content=\"Exitosa Jornada de Competencias Sello realiz\u00f3 CFT Estatal Tarapac\u00e1 - CFT Estatal Tarapac\u00e1\" \/>\n<meta property=\"og:description\" content=\"Ser buenas personas, responsables en sus trabajos, comprometidos con su entorno, emp\u00e1ticos y respetuosos con sus pares, son parte de los valores que identifican a estudiantes del Centro de Formaci\u00f3n...\" \/>\n<meta property=\"og:url\" content=\"https:\/\/www.cftestataltarapaca.cl\/inicio\/2020\/12\/14\/exitosa-jornada-de-competencias-sello-realizo-cft-estatal-tarapaca\/\" \/>\n<meta property=\"og:site_name\" content=\"CFT Estatal Tarapac\u00e1\" \/>\n<meta property=\"article:publisher\" content=\"https:\/\/www.facebook.com\/CFTestataltarapaca\/\" \/>\n<meta property=\"article:published_time\" content=\"2020-12-14T13:14:34+00:00\" \/>\n<meta property=\"og:image\" content=\"https:\/\/www.cftestataltarapaca.cl\/inicio\/wp-content\/uploads\/2020\/12\/sellos.jpeg\" \/>\n\t<meta property=\"og:image:width\" content=\"1024\" \/>\n\t<meta property=\"og:image:height\" content=\"1024\" \/>\n\t<meta property=\"og:image:type\" content=\"image\/jpeg\" \/>\n<meta name=\"author\" content=\"Comunicaciones\" \/>\n<meta name=\"twitter:card\" content=\"summary_large_image\" \/>\n<meta name=\"twitter:creator\" content=\"@CFTesTarapaca\" \/>\n<meta name=\"twitter:site\" content=\"@CFTesTarapaca\" \/>\n<meta name=\"twitter:label1\" content=\"Escrito por\" \/>\n\t<meta name=\"twitter:data1\" content=\"Comunicaciones\" \/>\n\t<meta name=\"twitter:label2\" content=\"Tiempo de lectura\" \/>\n\t<meta name=\"twitter:data2\" content=\"2 minutos\" \/>\n<script type=\"application\/ld+json\" class=\"yoast-schema-graph\">{\"@context\":\"https:\\\/\\\/schema.org\",\"@graph\":[{\"@type\":\"Article\",\"@id\":\"https:\\\/\\\/www.cftestataltarapaca.cl\\\/inicio\\\/2020\\\/12\\\/14\\\/exitosa-jornada-de-competencias-sello-realizo-cft-estatal-tarapaca\\\/#article\",\"isPartOf\":{\"@id\":\"https:\\\/\\\/www.cftestataltarapaca.cl\\\/inicio\\\/2020\\\/12\\\/14\\\/exitosa-jornada-de-competencias-sello-realizo-cft-estatal-tarapaca\\\/\"},\"author\":{\"name\":\"Comunicaciones\",\"@id\":\"https:\\\/\\\/www.cftestataltarapaca.cl\\\/inicio\\\/#\\\/schema\\\/person\\\/ad1fbfa1fa7c3d3889f4ae5401dd660e\"},\"headline\":\"Exitosa Jornada de Competencias Sello realiz\u00f3 CFT Estatal Tarapac\u00e1\",\"datePublished\":\"2020-12-14T13:14:34+00:00\",\"mainEntityOfPage\":{\"@id\":\"https:\\\/\\\/www.cftestataltarapaca.cl\\\/inicio\\\/2020\\\/12\\\/14\\\/exitosa-jornada-de-competencias-sello-realizo-cft-estatal-tarapaca\\\/\"},\"wordCount\":426,\"commentCount\":0,\"publisher\":{\"@id\":\"https:\\\/\\\/www.cftestataltarapaca.cl\\\/inicio\\\/#organization\"},\"image\":{\"@id\":\"https:\\\/\\\/www.cftestataltarapaca.cl\\\/inicio\\\/2020\\\/12\\\/14\\\/exitosa-jornada-de-competencias-sello-realizo-cft-estatal-tarapaca\\\/#primaryimage\"},\"thumbnailUrl\":\"https:\\\/\\\/www.cftestataltarapaca.cl\\\/inicio\\\/wp-content\\\/uploads\\\/2020\\\/12\\\/sellos.jpeg\",\"keywords\":[\"Alto Hospicio\",\"articulaci\u00f3n\",\"CFT Estatal Tarapac\u00e1\",\"educaci\u00f3n\",\"t\u00e9cnicos\"],\"articleSection\":[\"Acad\u00e9mico\",\"Comunicados\",\"Vinculaci\u00f3n\"],\"inLanguage\":\"es\",\"potentialAction\":[{\"@type\":\"CommentAction\",\"name\":\"Comment\",\"target\":[\"https:\\\/\\\/www.cftestataltarapaca.cl\\\/inicio\\\/2020\\\/12\\\/14\\\/exitosa-jornada-de-competencias-sello-realizo-cft-estatal-tarapaca\\\/#respond\"]}]},{\"@type\":\"WebPage\",\"@id\":\"https:\\\/\\\/www.cftestataltarapaca.cl\\\/inicio\\\/2020\\\/12\\\/14\\\/exitosa-jornada-de-competencias-sello-realizo-cft-estatal-tarapaca\\\/\",\"url\":\"https:\\\/\\\/www.cftestataltarapaca.cl\\\/inicio\\\/2020\\\/12\\\/14\\\/exitosa-jornada-de-competencias-sello-realizo-cft-estatal-tarapaca\\\/\",\"name\":\"Exitosa Jornada de Competencias Sello realiz\u00f3 CFT Estatal Tarapac\u00e1 - CFT Estatal Tarapac\u00e1\",\"isPartOf\":{\"@id\":\"https:\\\/\\\/www.cftestataltarapaca.cl\\\/inicio\\\/#website\"},\"primaryImageOfPage\":{\"@id\":\"https:\\\/\\\/www.cftestataltarapaca.cl\\\/inicio\\\/2020\\\/12\\\/14\\\/exitosa-jornada-de-competencias-sello-realizo-cft-estatal-tarapaca\\\/#primaryimage\"},\"image\":{\"@id\":\"https:\\\/\\\/www.cftestataltarapaca.cl\\\/inicio\\\/2020\\\/12\\\/14\\\/exitosa-jornada-de-competencias-sello-realizo-cft-estatal-tarapaca\\\/#primaryimage\"},\"thumbnailUrl\":\"https:\\\/\\\/www.cftestataltarapaca.cl\\\/inicio\\\/wp-content\\\/uploads\\\/2020\\\/12\\\/sellos.jpeg\",\"datePublished\":\"2020-12-14T13:14:34+00:00\",\"breadcrumb\":{\"@id\":\"https:\\\/\\\/www.cftestataltarapaca.cl\\\/inicio\\\/2020\\\/12\\\/14\\\/exitosa-jornada-de-competencias-sello-realizo-cft-estatal-tarapaca\\\/#breadcrumb\"},\"inLanguage\":\"es\",\"potentialAction\":[{\"@type\":\"ReadAction\",\"target\":[\"https:\\\/\\\/www.cftestataltarapaca.cl\\\/inicio\\\/2020\\\/12\\\/14\\\/exitosa-jornada-de-competencias-sello-realizo-cft-estatal-tarapaca\\\/\"]}]},{\"@type\":\"ImageObject\",\"inLanguage\":\"es\",\"@id\":\"https:\\\/\\\/www.cftestataltarapaca.cl\\\/inicio\\\/2020\\\/12\\\/14\\\/exitosa-jornada-de-competencias-sello-realizo-cft-estatal-tarapaca\\\/#primaryimage\",\"url\":\"https:\\\/\\\/www.cftestataltarapaca.cl\\\/inicio\\\/wp-content\\\/uploads\\\/2020\\\/12\\\/sellos.jpeg\",\"contentUrl\":\"https:\\\/\\\/www.cftestataltarapaca.cl\\\/inicio\\\/wp-content\\\/uploads\\\/2020\\\/12\\\/sellos.jpeg\",\"width\":1024,\"height\":1024},{\"@type\":\"BreadcrumbList\",\"@id\":\"https:\\\/\\\/www.cftestataltarapaca.cl\\\/inicio\\\/2020\\\/12\\\/14\\\/exitosa-jornada-de-competencias-sello-realizo-cft-estatal-tarapaca\\\/#breadcrumb\",\"itemListElement\":[{\"@type\":\"ListItem\",\"position\":1,\"name\":\"Portada\",\"item\":\"https:\\\/\\\/www.cftestataltarapaca.cl\\\/inicio\\\/\"},{\"@type\":\"ListItem\",\"position\":2,\"name\":\"Exitosa Jornada de Competencias Sello realiz\u00f3 CFT Estatal Tarapac\u00e1\"}]},{\"@type\":\"WebSite\",\"@id\":\"https:\\\/\\\/www.cftestataltarapaca.cl\\\/inicio\\\/#website\",\"url\":\"https:\\\/\\\/www.cftestataltarapaca.cl\\\/inicio\\\/\",\"name\":\"CFT Estatal Tarapac\u00e1\",\"description\":\"Admisi\u00f3n 2025\",\"publisher\":{\"@id\":\"https:\\\/\\\/www.cftestataltarapaca.cl\\\/inicio\\\/#organization\"},\"potentialAction\":[{\"@type\":\"SearchAction\",\"target\":{\"@type\":\"EntryPoint\",\"urlTemplate\":\"https:\\\/\\\/www.cftestataltarapaca.cl\\\/inicio\\\/?s={search_term_string}\"},\"query-input\":{\"@type\":\"PropertyValueSpecification\",\"valueRequired\":true,\"valueName\":\"search_term_string\"}}],\"inLanguage\":\"es\"},{\"@type\":\"Organization\",\"@id\":\"https:\\\/\\\/www.cftestataltarapaca.cl\\\/inicio\\\/#organization\",\"name\":\"CFT Estatal Tarapac\u00e1\",\"url\":\"https:\\\/\\\/www.cftestataltarapaca.cl\\\/inicio\\\/\",\"logo\":{\"@type\":\"ImageObject\",\"inLanguage\":\"es\",\"@id\":\"https:\\\/\\\/www.cftestataltarapaca.cl\\\/inicio\\\/#\\\/schema\\\/logo\\\/image\\\/\",\"url\":\"https:\\\/\\\/www.cftestataltarapaca.cl\\\/inicio\\\/wp-content\\\/uploads\\\/2019\\\/03\\\/logo-retina-1.png\",\"contentUrl\":\"https:\\\/\\\/www.cftestataltarapaca.cl\\\/inicio\\\/wp-content\\\/uploads\\\/2019\\\/03\\\/logo-retina-1.png\",\"width\":401,\"height\":150,\"caption\":\"CFT Estatal Tarapac\u00e1\"},\"image\":{\"@id\":\"https:\\\/\\\/www.cftestataltarapaca.cl\\\/inicio\\\/#\\\/schema\\\/logo\\\/image\\\/\"},\"sameAs\":[\"https:\\\/\\\/www.facebook.com\\\/CFTestataltarapaca\\\/\",\"https:\\\/\\\/x.com\\\/CFTesTarapaca\",\"https:\\\/\\\/www.instagram.com\\\/CFTestataltarapaca\\\/\"]},{\"@type\":\"Person\",\"@id\":\"https:\\\/\\\/www.cftestataltarapaca.cl\\\/inicio\\\/#\\\/schema\\\/person\\\/ad1fbfa1fa7c3d3889f4ae5401dd660e\",\"name\":\"Comunicaciones\",\"image\":{\"@type\":\"ImageObject\",\"inLanguage\":\"es\",\"@id\":\"https:\\\/\\\/secure.gravatar.com\\\/avatar\\\/ed1c2728327f20a5a62edaeb7dc181858f225b765044c5314c3d1059a1bd992f?s=96&d=mm&r=g\",\"url\":\"https:\\\/\\\/secure.gravatar.com\\\/avatar\\\/ed1c2728327f20a5a62edaeb7dc181858f225b765044c5314c3d1059a1bd992f?s=96&d=mm&r=g\",\"contentUrl\":\"https:\\\/\\\/secure.gravatar.com\\\/avatar\\\/ed1c2728327f20a5a62edaeb7dc181858f225b765044c5314c3d1059a1bd992f?s=96&d=mm&r=g\",\"caption\":\"Comunicaciones\"},\"sameAs\":[\"http:\\\/\\\/www.cftestataltarapaca.cl\"],\"url\":\"https:\\\/\\\/www.cftestataltarapaca.cl\\\/inicio\\\/author\\\/comunicaciones\\\/\"}]}<\/script>\n<!-- \/ Yoast SEO plugin. -->","yoast_head_json":{"title":"Exitosa Jornada de Competencias Sello realiz\u00f3 CFT Estatal Tarapac\u00e1 - CFT Estatal Tarapac\u00e1","robots":{"index":"index","follow":"follow","max-snippet":"max-snippet:-1","max-image-preview":"max-image-preview:large","max-video-preview":"max-video-preview:-1"},"canonical":"https:\/\/www.cftestataltarapaca.cl\/inicio\/2020\/12\/14\/exitosa-jornada-de-competencias-sello-realizo-cft-estatal-tarapaca\/","og_locale":"es_ES","og_type":"article","og_title":"Exitosa Jornada de Competencias Sello realiz\u00f3 CFT Estatal Tarapac\u00e1 - CFT Estatal Tarapac\u00e1","og_description":"Ser buenas personas, responsables en sus trabajos, comprometidos con su entorno, emp\u00e1ticos y respetuosos con sus pares, son parte de los valores que identifican a estudiantes del Centro de Formaci\u00f3n...","og_url":"https:\/\/www.cftestataltarapaca.cl\/inicio\/2020\/12\/14\/exitosa-jornada-de-competencias-sello-realizo-cft-estatal-tarapaca\/","og_site_name":"CFT Estatal Tarapac\u00e1","article_publisher":"https:\/\/www.facebook.com\/CFTestataltarapaca\/","article_published_time":"2020-12-14T13:14:34+00:00","og_image":[{"width":1024,"height":1024,"url":"https:\/\/www.cftestataltarapaca.cl\/inicio\/wp-content\/uploads\/2020\/12\/sellos.jpeg","type":"image\/jpeg"}],"author":"Comunicaciones","twitter_card":"summary_large_image","twitter_creator":"@CFTesTarapaca","twitter_site":"@CFTesTarapaca","twitter_misc":{"Escrito por":"Comunicaciones","Tiempo de lectura":"2 minutos"},"schema":{"@context":"https:\/\/schema.org","@graph":[{"@type":"Article","@id":"https:\/\/www.cftestataltarapaca.cl\/inicio\/2020\/12\/14\/exitosa-jornada-de-competencias-sello-realizo-cft-estatal-tarapaca\/#article","isPartOf":{"@id":"https:\/\/www.cftestataltarapaca.cl\/inicio\/2020\/12\/14\/exitosa-jornada-de-competencias-sello-realizo-cft-estatal-tarapaca\/"},"author":{"name":"Comunicaciones","@id":"https:\/\/www.cftestataltarapaca.cl\/inicio\/#\/schema\/person\/ad1fbfa1fa7c3d3889f4ae5401dd660e"},"headline":"Exitosa Jornada de Competencias Sello realiz\u00f3 CFT Estatal Tarapac\u00e1","datePublished":"2020-12-14T13:14:34+00:00","mainEntityOfPage":{"@id":"https:\/\/www.cftestataltarapaca.cl\/inicio\/2020\/12\/14\/exitosa-jornada-de-competencias-sello-realizo-cft-estatal-tarapaca\/"},"wordCount":426,"commentCount":0,"publisher":{"@id":"https:\/\/www.cftestataltarapaca.cl\/inicio\/#organization"},"image":{"@id":"https:\/\/www.cftestataltarapaca.cl\/inicio\/2020\/12\/14\/exitosa-jornada-de-competencias-sello-realizo-cft-estatal-tarapaca\/#primaryimage"},"thumbnailUrl":"https:\/\/www.cftestataltarapaca.cl\/inicio\/wp-content\/uploads\/2020\/12\/sellos.jpeg","keywords":["Alto Hospicio","articulaci\u00f3n","CFT Estatal Tarapac\u00e1","educaci\u00f3n","t\u00e9cnicos"],"articleSection":["Acad\u00e9mico","Comunicados","Vinculaci\u00f3n"],"inLanguage":"es","potentialAction":[{"@type":"CommentAction","name":"Comment","target":["https:\/\/www.cftestataltarapaca.cl\/inicio\/2020\/12\/14\/exitosa-jornada-de-competencias-sello-realizo-cft-estatal-tarapaca\/#respond"]}]},{"@type":"WebPage","@id":"https:\/\/www.cftestataltarapaca.cl\/inicio\/2020\/12\/14\/exitosa-jornada-de-competencias-sello-realizo-cft-estatal-tarapaca\/","url":"https:\/\/www.cftestataltarapaca.cl\/inicio\/2020\/12\/14\/exitosa-jornada-de-competencias-sello-realizo-cft-estatal-tarapaca\/","name":"Exitosa Jornada de Competencias Sello realiz\u00f3 CFT Estatal Tarapac\u00e1 - CFT Estatal Tarapac\u00e1","isPartOf":{"@id":"https:\/\/www.cftestataltarapaca.cl\/inicio\/#website"},"primaryImageOfPage":{"@id":"https:\/\/www.cftestataltarapaca.cl\/inicio\/2020\/12\/14\/exitosa-jornada-de-competencias-sello-realizo-cft-estatal-tarapaca\/#primaryimage"},"image":{"@id":"https:\/\/www.cftestataltarapaca.cl\/inicio\/2020\/12\/14\/exitosa-jornada-de-competencias-sello-realizo-cft-estatal-tarapaca\/#primaryimage"},"thumbnailUrl":"https:\/\/www.cftestataltarapaca.cl\/inicio\/wp-content\/uploads\/2020\/12\/sellos.jpeg","datePublished":"2020-12-14T13:14:34+00:00","breadcrumb":{"@id":"https:\/\/www.cftestataltarapaca.cl\/inicio\/2020\/12\/14\/exitosa-jornada-de-competencias-sello-realizo-cft-estatal-tarapaca\/#breadcrumb"},"inLanguage":"es","potentialAction":[{"@type":"ReadAction","target":["https:\/\/www.cftestataltarapaca.cl\/inicio\/2020\/12\/14\/exitosa-jornada-de-competencias-sello-realizo-cft-estatal-tarapaca\/"]}]},{"@type":"ImageObject","inLanguage":"es","@id":"https:\/\/www.cftestataltarapaca.cl\/inicio\/2020\/12\/14\/exitosa-jornada-de-competencias-sello-realizo-cft-estatal-tarapaca\/#primaryimage","url":"https:\/\/www.cftestataltarapaca.cl\/inicio\/wp-content\/uploads\/2020\/12\/sellos.jpeg","contentUrl":"https:\/\/www.cftestataltarapaca.cl\/inicio\/wp-content\/uploads\/2020\/12\/sellos.jpeg","width":1024,"height":1024},{"@type":"BreadcrumbList","@id":"https:\/\/www.cftestataltarapaca.cl\/inicio\/2020\/12\/14\/exitosa-jornada-de-competencias-sello-realizo-cft-estatal-tarapaca\/#breadcrumb","itemListElement":[{"@type":"ListItem","position":1,"name":"Portada","item":"https:\/\/www.cftestataltarapaca.cl\/inicio\/"},{"@type":"ListItem","position":2,"name":"Exitosa Jornada de Competencias Sello realiz\u00f3 CFT Estatal Tarapac\u00e1"}]},{"@type":"WebSite","@id":"https:\/\/www.cftestataltarapaca.cl\/inicio\/#website","url":"https:\/\/www.cftestataltarapaca.cl\/inicio\/","name":"CFT Estatal Tarapac\u00e1","description":"Admisi\u00f3n 2025","publisher":{"@id":"https:\/\/www.cftestataltarapaca.cl\/inicio\/#organization"},"potentialAction":[{"@type":"SearchAction","target":{"@type":"EntryPoint","urlTemplate":"https:\/\/www.cftestataltarapaca.cl\/inicio\/?s={search_term_string}"},"query-input":{"@type":"PropertyValueSpecification","valueRequired":true,"valueName":"search_term_string"}}],"inLanguage":"es"},{"@type":"Organization","@id":"https:\/\/www.cftestataltarapaca.cl\/inicio\/#organization","name":"CFT Estatal Tarapac\u00e1","url":"https:\/\/www.cftestataltarapaca.cl\/inicio\/","logo":{"@type":"ImageObject","inLanguage":"es","@id":"https:\/\/www.cftestataltarapaca.cl\/inicio\/#\/schema\/logo\/image\/","url":"https:\/\/www.cftestataltarapaca.cl\/inicio\/wp-content\/uploads\/2019\/03\/logo-retina-1.png","contentUrl":"https:\/\/www.cftestataltarapaca.cl\/inicio\/wp-content\/uploads\/2019\/03\/logo-retina-1.png","width":401,"height":150,"caption":"CFT Estatal Tarapac\u00e1"},"image":{"@id":"https:\/\/www.cftestataltarapaca.cl\/inicio\/#\/schema\/logo\/image\/"},"sameAs":["https:\/\/www.facebook.com\/CFTestataltarapaca\/","https:\/\/x.com\/CFTesTarapaca","https:\/\/www.instagram.com\/CFTestataltarapaca\/"]},{"@type":"Person","@id":"https:\/\/www.cftestataltarapaca.cl\/inicio\/#\/schema\/person\/ad1fbfa1fa7c3d3889f4ae5401dd660e","name":"Comunicaciones","image":{"@type":"ImageObject","inLanguage":"es","@id":"https:\/\/secure.gravatar.com\/avatar\/ed1c2728327f20a5a62edaeb7dc181858f225b765044c5314c3d1059a1bd992f?s=96&d=mm&r=g","url":"https:\/\/secure.gravatar.com\/avatar\/ed1c2728327f20a5a62edaeb7dc181858f225b765044c5314c3d1059a1bd992f?s=96&d=mm&r=g","contentUrl":"https:\/\/secure.gravatar.com\/avatar\/ed1c2728327f20a5a62edaeb7dc181858f225b765044c5314c3d1059a1bd992f?s=96&d=mm&r=g","caption":"Comunicaciones"},"sameAs":["http:\/\/www.cftestataltarapaca.cl"],"url":"https:\/\/www.cftestataltarapaca.cl\/inicio\/author\/comunicaciones\/"}]}},"publishpress_future_action":{"enabled":false,"date":"2026-05-08 17:23:49","action":"change-status","newStatus":"draft","terms":[],"taxonomy":"category","extraData":[]},"publishpress_future_workflow_manual_trigger":{"enabledWorkflows":[]},"_links":{"self":[{"href":"https:\/\/www.cftestataltarapaca.cl\/inicio\/wp-json\/wp\/v2\/posts\/5993","targetHints":{"allow":["GET"]}}],"collection":[{"href":"https:\/\/www.cftestataltarapaca.cl\/inicio\/wp-json\/wp\/v2\/posts"}],"about":[{"href":"https:\/\/www.cftestataltarapaca.cl\/inicio\/wp-json\/wp\/v2\/types\/post"}],"author":[{"embeddable":true,"href":"https:\/\/www.cftestataltarapaca.cl\/inicio\/wp-json\/wp\/v2\/users\/2"}],"replies":[{"embeddable":true,"href":"https:\/\/www.cftestataltarapaca.cl\/inicio\/wp-json\/wp\/v2\/comments?post=5993"}],"version-history":[{"count":1,"href":"https:\/\/www.cftestataltarapaca.cl\/inicio\/wp-json\/wp\/v2\/posts\/5993\/revisions"}],"predecessor-version":[{"id":5997,"href":"https:\/\/www.cftestataltarapaca.cl\/inicio\/wp-json\/wp\/v2\/posts\/5993\/revisions\/5997"}],"wp:featuredmedia":[{"embeddable":true,"href":"https:\/\/www.cftestataltarapaca.cl\/inicio\/wp-json\/wp\/v2\/media\/5996"}],"wp:attachment":[{"href":"https:\/\/www.cftestataltarapaca.cl\/inicio\/wp-json\/wp\/v2\/media?parent=5993"}],"wp:term":[{"taxonomy":"category","embeddable":true,"href":"https:\/\/www.cftestataltarapaca.cl\/inicio\/wp-json\/wp\/v2\/categories?post=5993"},{"taxonomy":"post_tag","embeddable":true,"href":"https:\/\/www.cftestataltarapaca.cl\/inicio\/wp-json\/wp\/v2\/tags?post=5993"}],"curies":[{"name":"wp","href":"https:\/\/api.w.org\/{rel}","templated":true}]}}