{"id":6909,"date":"2021-03-08T16:35:11","date_gmt":"2021-03-08T16:35:11","guid":{"rendered":"https:\/\/www.cftestataltarapaca.cl\/inicio\/?p=6909"},"modified":"2021-03-09T13:21:28","modified_gmt":"2021-03-09T13:21:28","slug":"cft-estatal-tarapaca-da-la-bienvenida-a-sus-nuevos-estudiantes","status":"publish","type":"post","link":"https:\/\/www.cftestataltarapaca.cl\/inicio\/2021\/03\/08\/cft-estatal-tarapaca-da-la-bienvenida-a-sus-nuevos-estudiantes\/","title":{"rendered":"CFT Estatal Tarapac\u00e1 da la bienvenida a sus nuevos estudiantes"},"content":{"rendered":"<p style=\"text-align: justify\">El 8 de marzo, con la tradicional ceremonia de bienvenida a estudiantes nuevos de la jornada diurna, dio inicio a su a\u00f1o acad\u00e9mico 2021 el Centro de Formaci\u00f3n T\u00e9cnica Estatal de Tarapac\u00e1, instituci\u00f3n que imparte 7 carreras t\u00e9cnicas de nivel superior y que se encuentra ubicada en la comuna de Alto Hospicio.<\/p>\n<p style=\"text-align: justify\">Con una actividad desarrollada de manera online, el rector del CFT Estatal Tarapac\u00e1, Jorge Villegas Ahumada, dio la bienvenida a quienes se suman a la comunidad educativa, destacando los planes acad\u00e9micos y el compromiso que tiene la instituci\u00f3n de entregar oportunidades a quienes el acceder a estudios superiores se hac\u00eda complejo tanto por la situaci\u00f3n socioecon\u00f3mica como de tiempo.<\/p>\n<p style=\"text-align: justify\">\u201cTodos quienes trabajamos e integramos el CFT Estatal Tarapac\u00e1 tenemos el compromiso de formar a las y los mejores t\u00e9cnicos que la regi\u00f3n necesita\u201d, se\u00f1al\u00f3 el rector.<\/p>\n<p style=\"text-align: justify\">Junto con ello el director acad\u00e9mico, Roberto Urdanivia present\u00f3 a estudiantes de la jornada diurna a los jefes de carrera y a docentes, mencionando adem\u00e1s los valores y principios de la instituci\u00f3n.<\/p>\n<p style=\"text-align: justify\">Tambi\u00e9n destac\u00f3 el programa de acompa\u00f1amiento y psicosocial que la instituci\u00f3n ofrece a estudiantes, el cual tiene por finalidad alcanzar los logros de aprendizaje y desarrollo de competencias.<\/p>\n<p style=\"text-align: justify\">La autoridad acad\u00e9mica dijo que si bien el objetivo principal es retomar todas las clases de manera presencial, durante el primer semestre y con el objetivo de resguardar la salud y cumplir con las medidas sanitarias exigidas, se llevar\u00e1 a cabo un plan que contempla clases en modalidad online y presencial, dependiendo de la materia y requerimiento de la carrera.<\/p>\n<p style=\"text-align: justify\">EXPERIENCIAS<\/p>\n<p style=\"text-align: justify\">La jornada de Bienvenida contempl\u00f3 dos exposiciones que tuvieron por finalidad motivar a los nuevos estudiantes a cumplir con sus metas pese a los obst\u00e1culos que se presenten.<\/p>\n<p style=\"text-align: justify\">As\u00ed por ejemplo la estudiante Ely Asebo, de carrera de Administraci\u00f3n de Empresas, comparti\u00f3 su experiencia de estudiar en el CFT Estatal Tarapac\u00e1, haciendo menci\u00f3n no solo del plan acad\u00e9mico sino tambi\u00e9n del apoyo que la instituci\u00f3n entrega a estudiantes para que no abandonen sus sue\u00f1os de estudiar una carrera de nivel superior.<\/p>\n<p style=\"text-align: justify\">Finalmente fue el periodista iquique\u00f1o Felipe Carvajal, quien cont\u00f3 c\u00f3mo ha logrado alcanzar sus metas, pasando desde ingresar a una radio local siendo un adolescente, a estar hoy trabajando para un medio de comunicaci\u00f3n en Miami, Estados Unidos como profesional de las comunicaciones.<\/p>\n<p style=\"text-align: justify\">Ambos fueron enf\u00e1ticos en se\u00f1alar que el esfuerzo tiene sus frutos y que no deben rendirse ante las adversidades, que deben seguir avanzando.<\/p>\n<p>La actividad fue replicada para estudiantes de la jornada vespertina del CFT Estatal Tarapac\u00e1.<\/p>\n<p style=\"text-align: justify\">CARRERAS<\/p>\n<p style=\"text-align: justify\">CFT Estatal Tarapac\u00e1 imparte en jornadas diurna y vespertina las carreras t\u00e9cnicas de nivel superior en Enfermer\u00eda, Educaci\u00f3n Parvularia, El\u00e9ctrico en Energ\u00edas Renovables, Mec\u00e1nico Mantenimiento Predictivo, Administraci\u00f3n de Empresas, Administraci\u00f3n P\u00fablica y en Log\u00edstica.<\/p>\n<p style=\"text-align: justify\">Si bien el proceso de matr\u00edcula 2021 permanece abierto, son muy pocos los cupos disponibles y solo en algunas carreras,<\/p>\n<p>Para mayor informaci\u00f3n en <a href=\"http:\/\/www.cftestataltarapaca.cl\">www.cftestataltarapaca.cl<\/a><\/p>\n<p>&nbsp;<\/p>\n<p>&nbsp;<\/p>\n<p><img loading=\"lazy\" decoding=\"async\" class=\"alignnone size-medium wp-image-6911\" src=\"https:\/\/www.cftestataltarapaca.cl\/inicio\/wp-content\/uploads\/2021\/03\/bienvenida-3-300x188.jpg\" alt=\"\" width=\"300\" height=\"188\" srcset=\"https:\/\/www.cftestataltarapaca.cl\/inicio\/wp-content\/uploads\/2021\/03\/bienvenida-3-300x188.jpg 300w, https:\/\/www.cftestataltarapaca.cl\/inicio\/wp-content\/uploads\/2021\/03\/bienvenida-3-1024x640.jpg 1024w, https:\/\/www.cftestataltarapaca.cl\/inicio\/wp-content\/uploads\/2021\/03\/bienvenida-3-768x480.jpg 768w, https:\/\/www.cftestataltarapaca.cl\/inicio\/wp-content\/uploads\/2021\/03\/bienvenida-3.jpg 1440w\" sizes=\"auto, (max-width: 300px) 100vw, 300px\" \/>\u00a0 \u00a0 \u00a0 \u00a0<img loading=\"lazy\" decoding=\"async\" class=\"alignnone size-medium wp-image-6913\" src=\"https:\/\/www.cftestataltarapaca.cl\/inicio\/wp-content\/uploads\/2021\/03\/bienvenida-5-300x188.jpg\" alt=\"\" width=\"300\" height=\"188\" srcset=\"https:\/\/www.cftestataltarapaca.cl\/inicio\/wp-content\/uploads\/2021\/03\/bienvenida-5-300x188.jpg 300w, https:\/\/www.cftestataltarapaca.cl\/inicio\/wp-content\/uploads\/2021\/03\/bienvenida-5-1024x640.jpg 1024w, https:\/\/www.cftestataltarapaca.cl\/inicio\/wp-content\/uploads\/2021\/03\/bienvenida-5-768x480.jpg 768w, https:\/\/www.cftestataltarapaca.cl\/inicio\/wp-content\/uploads\/2021\/03\/bienvenida-5.jpg 1440w\" sizes=\"auto, (max-width: 300px) 100vw, 300px\" \/><\/p>\n","protected":false},"excerpt":{"rendered":"<p>El 8 de marzo, con la tradicional ceremonia de bienvenida a estudiantes nuevos de la jornada diurna, dio inicio a su a\u00f1o acad\u00e9mico 2021 el Centro de Formaci\u00f3n T\u00e9cnica Estatal&#8230;<\/p>\n","protected":false},"author":2,"featured_media":6910,"comment_status":"open","ping_status":"open","sticky":false,"template":"","format":"standard","meta":{"_joinchat":[],"footnotes":""},"categories":[1],"tags":[],"class_list":["post-6909","post","type-post","status-publish","format-standard","has-post-thumbnail","hentry","category-sin-categoria"],"yoast_head":"<!-- This site is optimized with the Yoast SEO plugin v27.4 - https:\/\/yoast.com\/product\/yoast-seo-wordpress\/ -->\n<title>CFT Estatal Tarapac\u00e1 da la bienvenida a sus nuevos estudiantes - CFT Estatal Tarapac\u00e1<\/title>\n<meta name=\"robots\" content=\"index, follow, max-snippet:-1, max-image-preview:large, max-video-preview:-1\" \/>\n<link rel=\"canonical\" href=\"https:\/\/www.cftestataltarapaca.cl\/inicio\/2021\/03\/08\/cft-estatal-tarapaca-da-la-bienvenida-a-sus-nuevos-estudiantes\/\" \/>\n<meta property=\"og:locale\" content=\"es_ES\" \/>\n<meta property=\"og:type\" content=\"article\" \/>\n<meta property=\"og:title\" content=\"CFT Estatal Tarapac\u00e1 da la bienvenida a sus nuevos estudiantes - CFT Estatal Tarapac\u00e1\" \/>\n<meta property=\"og:description\" content=\"El 8 de marzo, con la tradicional ceremonia de bienvenida a estudiantes nuevos de la jornada diurna, dio inicio a su a\u00f1o acad\u00e9mico 2021 el Centro de Formaci\u00f3n T\u00e9cnica Estatal...\" \/>\n<meta property=\"og:url\" content=\"https:\/\/www.cftestataltarapaca.cl\/inicio\/2021\/03\/08\/cft-estatal-tarapaca-da-la-bienvenida-a-sus-nuevos-estudiantes\/\" \/>\n<meta property=\"og:site_name\" content=\"CFT Estatal Tarapac\u00e1\" \/>\n<meta property=\"article:publisher\" content=\"https:\/\/www.facebook.com\/CFTestataltarapaca\/\" \/>\n<meta property=\"article:published_time\" content=\"2021-03-08T16:35:11+00:00\" \/>\n<meta property=\"article:modified_time\" content=\"2021-03-09T13:21:28+00:00\" \/>\n<meta property=\"og:image\" content=\"https:\/\/www.cftestataltarapaca.cl\/inicio\/wp-content\/uploads\/2021\/03\/bienvenida-1.jpg\" \/>\n\t<meta property=\"og:image:width\" content=\"1440\" \/>\n\t<meta property=\"og:image:height\" content=\"900\" \/>\n\t<meta property=\"og:image:type\" content=\"image\/jpeg\" \/>\n<meta name=\"author\" content=\"Comunicaciones\" \/>\n<meta name=\"twitter:card\" content=\"summary_large_image\" \/>\n<meta name=\"twitter:creator\" content=\"@CFTesTarapaca\" \/>\n<meta name=\"twitter:site\" content=\"@CFTesTarapaca\" \/>\n<meta name=\"twitter:label1\" content=\"Escrito por\" \/>\n\t<meta name=\"twitter:data1\" content=\"Comunicaciones\" \/>\n\t<meta name=\"twitter:label2\" content=\"Tiempo de lectura\" \/>\n\t<meta name=\"twitter:data2\" content=\"3 minutos\" \/>\n<script type=\"application\/ld+json\" class=\"yoast-schema-graph\">{\"@context\":\"https:\\\/\\\/schema.org\",\"@graph\":[{\"@type\":\"Article\",\"@id\":\"https:\\\/\\\/www.cftestataltarapaca.cl\\\/inicio\\\/2021\\\/03\\\/08\\\/cft-estatal-tarapaca-da-la-bienvenida-a-sus-nuevos-estudiantes\\\/#article\",\"isPartOf\":{\"@id\":\"https:\\\/\\\/www.cftestataltarapaca.cl\\\/inicio\\\/2021\\\/03\\\/08\\\/cft-estatal-tarapaca-da-la-bienvenida-a-sus-nuevos-estudiantes\\\/\"},\"author\":{\"name\":\"Comunicaciones\",\"@id\":\"https:\\\/\\\/www.cftestataltarapaca.cl\\\/inicio\\\/#\\\/schema\\\/person\\\/ad1fbfa1fa7c3d3889f4ae5401dd660e\"},\"headline\":\"CFT Estatal Tarapac\u00e1 da la bienvenida a sus nuevos estudiantes\",\"datePublished\":\"2021-03-08T16:35:11+00:00\",\"dateModified\":\"2021-03-09T13:21:28+00:00\",\"mainEntityOfPage\":{\"@id\":\"https:\\\/\\\/www.cftestataltarapaca.cl\\\/inicio\\\/2021\\\/03\\\/08\\\/cft-estatal-tarapaca-da-la-bienvenida-a-sus-nuevos-estudiantes\\\/\"},\"wordCount\":535,\"commentCount\":0,\"publisher\":{\"@id\":\"https:\\\/\\\/www.cftestataltarapaca.cl\\\/inicio\\\/#organization\"},\"image\":{\"@id\":\"https:\\\/\\\/www.cftestataltarapaca.cl\\\/inicio\\\/2021\\\/03\\\/08\\\/cft-estatal-tarapaca-da-la-bienvenida-a-sus-nuevos-estudiantes\\\/#primaryimage\"},\"thumbnailUrl\":\"https:\\\/\\\/www.cftestataltarapaca.cl\\\/inicio\\\/wp-content\\\/uploads\\\/2021\\\/03\\\/bienvenida-1.jpg\",\"inLanguage\":\"es\",\"potentialAction\":[{\"@type\":\"CommentAction\",\"name\":\"Comment\",\"target\":[\"https:\\\/\\\/www.cftestataltarapaca.cl\\\/inicio\\\/2021\\\/03\\\/08\\\/cft-estatal-tarapaca-da-la-bienvenida-a-sus-nuevos-estudiantes\\\/#respond\"]}]},{\"@type\":\"WebPage\",\"@id\":\"https:\\\/\\\/www.cftestataltarapaca.cl\\\/inicio\\\/2021\\\/03\\\/08\\\/cft-estatal-tarapaca-da-la-bienvenida-a-sus-nuevos-estudiantes\\\/\",\"url\":\"https:\\\/\\\/www.cftestataltarapaca.cl\\\/inicio\\\/2021\\\/03\\\/08\\\/cft-estatal-tarapaca-da-la-bienvenida-a-sus-nuevos-estudiantes\\\/\",\"name\":\"CFT Estatal Tarapac\u00e1 da la bienvenida a sus nuevos estudiantes - CFT Estatal Tarapac\u00e1\",\"isPartOf\":{\"@id\":\"https:\\\/\\\/www.cftestataltarapaca.cl\\\/inicio\\\/#website\"},\"primaryImageOfPage\":{\"@id\":\"https:\\\/\\\/www.cftestataltarapaca.cl\\\/inicio\\\/2021\\\/03\\\/08\\\/cft-estatal-tarapaca-da-la-bienvenida-a-sus-nuevos-estudiantes\\\/#primaryimage\"},\"image\":{\"@id\":\"https:\\\/\\\/www.cftestataltarapaca.cl\\\/inicio\\\/2021\\\/03\\\/08\\\/cft-estatal-tarapaca-da-la-bienvenida-a-sus-nuevos-estudiantes\\\/#primaryimage\"},\"thumbnailUrl\":\"https:\\\/\\\/www.cftestataltarapaca.cl\\\/inicio\\\/wp-content\\\/uploads\\\/2021\\\/03\\\/bienvenida-1.jpg\",\"datePublished\":\"2021-03-08T16:35:11+00:00\",\"dateModified\":\"2021-03-09T13:21:28+00:00\",\"breadcrumb\":{\"@id\":\"https:\\\/\\\/www.cftestataltarapaca.cl\\\/inicio\\\/2021\\\/03\\\/08\\\/cft-estatal-tarapaca-da-la-bienvenida-a-sus-nuevos-estudiantes\\\/#breadcrumb\"},\"inLanguage\":\"es\",\"potentialAction\":[{\"@type\":\"ReadAction\",\"target\":[\"https:\\\/\\\/www.cftestataltarapaca.cl\\\/inicio\\\/2021\\\/03\\\/08\\\/cft-estatal-tarapaca-da-la-bienvenida-a-sus-nuevos-estudiantes\\\/\"]}]},{\"@type\":\"ImageObject\",\"inLanguage\":\"es\",\"@id\":\"https:\\\/\\\/www.cftestataltarapaca.cl\\\/inicio\\\/2021\\\/03\\\/08\\\/cft-estatal-tarapaca-da-la-bienvenida-a-sus-nuevos-estudiantes\\\/#primaryimage\",\"url\":\"https:\\\/\\\/www.cftestataltarapaca.cl\\\/inicio\\\/wp-content\\\/uploads\\\/2021\\\/03\\\/bienvenida-1.jpg\",\"contentUrl\":\"https:\\\/\\\/www.cftestataltarapaca.cl\\\/inicio\\\/wp-content\\\/uploads\\\/2021\\\/03\\\/bienvenida-1.jpg\",\"width\":1440,\"height\":900},{\"@type\":\"BreadcrumbList\",\"@id\":\"https:\\\/\\\/www.cftestataltarapaca.cl\\\/inicio\\\/2021\\\/03\\\/08\\\/cft-estatal-tarapaca-da-la-bienvenida-a-sus-nuevos-estudiantes\\\/#breadcrumb\",\"itemListElement\":[{\"@type\":\"ListItem\",\"position\":1,\"name\":\"Portada\",\"item\":\"https:\\\/\\\/www.cftestataltarapaca.cl\\\/inicio\\\/\"},{\"@type\":\"ListItem\",\"position\":2,\"name\":\"CFT Estatal Tarapac\u00e1 da la bienvenida a sus nuevos estudiantes\"}]},{\"@type\":\"WebSite\",\"@id\":\"https:\\\/\\\/www.cftestataltarapaca.cl\\\/inicio\\\/#website\",\"url\":\"https:\\\/\\\/www.cftestataltarapaca.cl\\\/inicio\\\/\",\"name\":\"CFT Estatal Tarapac\u00e1\",\"description\":\"Admisi\u00f3n 2025\",\"publisher\":{\"@id\":\"https:\\\/\\\/www.cftestataltarapaca.cl\\\/inicio\\\/#organization\"},\"potentialAction\":[{\"@type\":\"SearchAction\",\"target\":{\"@type\":\"EntryPoint\",\"urlTemplate\":\"https:\\\/\\\/www.cftestataltarapaca.cl\\\/inicio\\\/?s={search_term_string}\"},\"query-input\":{\"@type\":\"PropertyValueSpecification\",\"valueRequired\":true,\"valueName\":\"search_term_string\"}}],\"inLanguage\":\"es\"},{\"@type\":\"Organization\",\"@id\":\"https:\\\/\\\/www.cftestataltarapaca.cl\\\/inicio\\\/#organization\",\"name\":\"CFT Estatal Tarapac\u00e1\",\"url\":\"https:\\\/\\\/www.cftestataltarapaca.cl\\\/inicio\\\/\",\"logo\":{\"@type\":\"ImageObject\",\"inLanguage\":\"es\",\"@id\":\"https:\\\/\\\/www.cftestataltarapaca.cl\\\/inicio\\\/#\\\/schema\\\/logo\\\/image\\\/\",\"url\":\"https:\\\/\\\/www.cftestataltarapaca.cl\\\/inicio\\\/wp-content\\\/uploads\\\/2019\\\/03\\\/logo-retina-1.png\",\"contentUrl\":\"https:\\\/\\\/www.cftestataltarapaca.cl\\\/inicio\\\/wp-content\\\/uploads\\\/2019\\\/03\\\/logo-retina-1.png\",\"width\":401,\"height\":150,\"caption\":\"CFT Estatal Tarapac\u00e1\"},\"image\":{\"@id\":\"https:\\\/\\\/www.cftestataltarapaca.cl\\\/inicio\\\/#\\\/schema\\\/logo\\\/image\\\/\"},\"sameAs\":[\"https:\\\/\\\/www.facebook.com\\\/CFTestataltarapaca\\\/\",\"https:\\\/\\\/x.com\\\/CFTesTarapaca\",\"https:\\\/\\\/www.instagram.com\\\/CFTestataltarapaca\\\/\"]},{\"@type\":\"Person\",\"@id\":\"https:\\\/\\\/www.cftestataltarapaca.cl\\\/inicio\\\/#\\\/schema\\\/person\\\/ad1fbfa1fa7c3d3889f4ae5401dd660e\",\"name\":\"Comunicaciones\",\"image\":{\"@type\":\"ImageObject\",\"inLanguage\":\"es\",\"@id\":\"https:\\\/\\\/secure.gravatar.com\\\/avatar\\\/ed1c2728327f20a5a62edaeb7dc181858f225b765044c5314c3d1059a1bd992f?s=96&d=mm&r=g\",\"url\":\"https:\\\/\\\/secure.gravatar.com\\\/avatar\\\/ed1c2728327f20a5a62edaeb7dc181858f225b765044c5314c3d1059a1bd992f?s=96&d=mm&r=g\",\"contentUrl\":\"https:\\\/\\\/secure.gravatar.com\\\/avatar\\\/ed1c2728327f20a5a62edaeb7dc181858f225b765044c5314c3d1059a1bd992f?s=96&d=mm&r=g\",\"caption\":\"Comunicaciones\"},\"sameAs\":[\"http:\\\/\\\/www.cftestataltarapaca.cl\"],\"url\":\"https:\\\/\\\/www.cftestataltarapaca.cl\\\/inicio\\\/author\\\/comunicaciones\\\/\"}]}<\/script>\n<!-- \/ Yoast SEO plugin. -->","yoast_head_json":{"title":"CFT Estatal Tarapac\u00e1 da la bienvenida a sus nuevos estudiantes - CFT Estatal Tarapac\u00e1","robots":{"index":"index","follow":"follow","max-snippet":"max-snippet:-1","max-image-preview":"max-image-preview:large","max-video-preview":"max-video-preview:-1"},"canonical":"https:\/\/www.cftestataltarapaca.cl\/inicio\/2021\/03\/08\/cft-estatal-tarapaca-da-la-bienvenida-a-sus-nuevos-estudiantes\/","og_locale":"es_ES","og_type":"article","og_title":"CFT Estatal Tarapac\u00e1 da la bienvenida a sus nuevos estudiantes - CFT Estatal Tarapac\u00e1","og_description":"El 8 de marzo, con la tradicional ceremonia de bienvenida a estudiantes nuevos de la jornada diurna, dio inicio a su a\u00f1o acad\u00e9mico 2021 el Centro de Formaci\u00f3n T\u00e9cnica Estatal...","og_url":"https:\/\/www.cftestataltarapaca.cl\/inicio\/2021\/03\/08\/cft-estatal-tarapaca-da-la-bienvenida-a-sus-nuevos-estudiantes\/","og_site_name":"CFT Estatal Tarapac\u00e1","article_publisher":"https:\/\/www.facebook.com\/CFTestataltarapaca\/","article_published_time":"2021-03-08T16:35:11+00:00","article_modified_time":"2021-03-09T13:21:28+00:00","og_image":[{"width":1440,"height":900,"url":"https:\/\/www.cftestataltarapaca.cl\/inicio\/wp-content\/uploads\/2021\/03\/bienvenida-1.jpg","type":"image\/jpeg"}],"author":"Comunicaciones","twitter_card":"summary_large_image","twitter_creator":"@CFTesTarapaca","twitter_site":"@CFTesTarapaca","twitter_misc":{"Escrito por":"Comunicaciones","Tiempo de lectura":"3 minutos"},"schema":{"@context":"https:\/\/schema.org","@graph":[{"@type":"Article","@id":"https:\/\/www.cftestataltarapaca.cl\/inicio\/2021\/03\/08\/cft-estatal-tarapaca-da-la-bienvenida-a-sus-nuevos-estudiantes\/#article","isPartOf":{"@id":"https:\/\/www.cftestataltarapaca.cl\/inicio\/2021\/03\/08\/cft-estatal-tarapaca-da-la-bienvenida-a-sus-nuevos-estudiantes\/"},"author":{"name":"Comunicaciones","@id":"https:\/\/www.cftestataltarapaca.cl\/inicio\/#\/schema\/person\/ad1fbfa1fa7c3d3889f4ae5401dd660e"},"headline":"CFT Estatal Tarapac\u00e1 da la bienvenida a sus nuevos estudiantes","datePublished":"2021-03-08T16:35:11+00:00","dateModified":"2021-03-09T13:21:28+00:00","mainEntityOfPage":{"@id":"https:\/\/www.cftestataltarapaca.cl\/inicio\/2021\/03\/08\/cft-estatal-tarapaca-da-la-bienvenida-a-sus-nuevos-estudiantes\/"},"wordCount":535,"commentCount":0,"publisher":{"@id":"https:\/\/www.cftestataltarapaca.cl\/inicio\/#organization"},"image":{"@id":"https:\/\/www.cftestataltarapaca.cl\/inicio\/2021\/03\/08\/cft-estatal-tarapaca-da-la-bienvenida-a-sus-nuevos-estudiantes\/#primaryimage"},"thumbnailUrl":"https:\/\/www.cftestataltarapaca.cl\/inicio\/wp-content\/uploads\/2021\/03\/bienvenida-1.jpg","inLanguage":"es","potentialAction":[{"@type":"CommentAction","name":"Comment","target":["https:\/\/www.cftestataltarapaca.cl\/inicio\/2021\/03\/08\/cft-estatal-tarapaca-da-la-bienvenida-a-sus-nuevos-estudiantes\/#respond"]}]},{"@type":"WebPage","@id":"https:\/\/www.cftestataltarapaca.cl\/inicio\/2021\/03\/08\/cft-estatal-tarapaca-da-la-bienvenida-a-sus-nuevos-estudiantes\/","url":"https:\/\/www.cftestataltarapaca.cl\/inicio\/2021\/03\/08\/cft-estatal-tarapaca-da-la-bienvenida-a-sus-nuevos-estudiantes\/","name":"CFT Estatal Tarapac\u00e1 da la bienvenida a sus nuevos estudiantes - CFT Estatal Tarapac\u00e1","isPartOf":{"@id":"https:\/\/www.cftestataltarapaca.cl\/inicio\/#website"},"primaryImageOfPage":{"@id":"https:\/\/www.cftestataltarapaca.cl\/inicio\/2021\/03\/08\/cft-estatal-tarapaca-da-la-bienvenida-a-sus-nuevos-estudiantes\/#primaryimage"},"image":{"@id":"https:\/\/www.cftestataltarapaca.cl\/inicio\/2021\/03\/08\/cft-estatal-tarapaca-da-la-bienvenida-a-sus-nuevos-estudiantes\/#primaryimage"},"thumbnailUrl":"https:\/\/www.cftestataltarapaca.cl\/inicio\/wp-content\/uploads\/2021\/03\/bienvenida-1.jpg","datePublished":"2021-03-08T16:35:11+00:00","dateModified":"2021-03-09T13:21:28+00:00","breadcrumb":{"@id":"https:\/\/www.cftestataltarapaca.cl\/inicio\/2021\/03\/08\/cft-estatal-tarapaca-da-la-bienvenida-a-sus-nuevos-estudiantes\/#breadcrumb"},"inLanguage":"es","potentialAction":[{"@type":"ReadAction","target":["https:\/\/www.cftestataltarapaca.cl\/inicio\/2021\/03\/08\/cft-estatal-tarapaca-da-la-bienvenida-a-sus-nuevos-estudiantes\/"]}]},{"@type":"ImageObject","inLanguage":"es","@id":"https:\/\/www.cftestataltarapaca.cl\/inicio\/2021\/03\/08\/cft-estatal-tarapaca-da-la-bienvenida-a-sus-nuevos-estudiantes\/#primaryimage","url":"https:\/\/www.cftestataltarapaca.cl\/inicio\/wp-content\/uploads\/2021\/03\/bienvenida-1.jpg","contentUrl":"https:\/\/www.cftestataltarapaca.cl\/inicio\/wp-content\/uploads\/2021\/03\/bienvenida-1.jpg","width":1440,"height":900},{"@type":"BreadcrumbList","@id":"https:\/\/www.cftestataltarapaca.cl\/inicio\/2021\/03\/08\/cft-estatal-tarapaca-da-la-bienvenida-a-sus-nuevos-estudiantes\/#breadcrumb","itemListElement":[{"@type":"ListItem","position":1,"name":"Portada","item":"https:\/\/www.cftestataltarapaca.cl\/inicio\/"},{"@type":"ListItem","position":2,"name":"CFT Estatal Tarapac\u00e1 da la bienvenida a sus nuevos estudiantes"}]},{"@type":"WebSite","@id":"https:\/\/www.cftestataltarapaca.cl\/inicio\/#website","url":"https:\/\/www.cftestataltarapaca.cl\/inicio\/","name":"CFT Estatal Tarapac\u00e1","description":"Admisi\u00f3n 2025","publisher":{"@id":"https:\/\/www.cftestataltarapaca.cl\/inicio\/#organization"},"potentialAction":[{"@type":"SearchAction","target":{"@type":"EntryPoint","urlTemplate":"https:\/\/www.cftestataltarapaca.cl\/inicio\/?s={search_term_string}"},"query-input":{"@type":"PropertyValueSpecification","valueRequired":true,"valueName":"search_term_string"}}],"inLanguage":"es"},{"@type":"Organization","@id":"https:\/\/www.cftestataltarapaca.cl\/inicio\/#organization","name":"CFT Estatal Tarapac\u00e1","url":"https:\/\/www.cftestataltarapaca.cl\/inicio\/","logo":{"@type":"ImageObject","inLanguage":"es","@id":"https:\/\/www.cftestataltarapaca.cl\/inicio\/#\/schema\/logo\/image\/","url":"https:\/\/www.cftestataltarapaca.cl\/inicio\/wp-content\/uploads\/2019\/03\/logo-retina-1.png","contentUrl":"https:\/\/www.cftestataltarapaca.cl\/inicio\/wp-content\/uploads\/2019\/03\/logo-retina-1.png","width":401,"height":150,"caption":"CFT Estatal Tarapac\u00e1"},"image":{"@id":"https:\/\/www.cftestataltarapaca.cl\/inicio\/#\/schema\/logo\/image\/"},"sameAs":["https:\/\/www.facebook.com\/CFTestataltarapaca\/","https:\/\/x.com\/CFTesTarapaca","https:\/\/www.instagram.com\/CFTestataltarapaca\/"]},{"@type":"Person","@id":"https:\/\/www.cftestataltarapaca.cl\/inicio\/#\/schema\/person\/ad1fbfa1fa7c3d3889f4ae5401dd660e","name":"Comunicaciones","image":{"@type":"ImageObject","inLanguage":"es","@id":"https:\/\/secure.gravatar.com\/avatar\/ed1c2728327f20a5a62edaeb7dc181858f225b765044c5314c3d1059a1bd992f?s=96&d=mm&r=g","url":"https:\/\/secure.gravatar.com\/avatar\/ed1c2728327f20a5a62edaeb7dc181858f225b765044c5314c3d1059a1bd992f?s=96&d=mm&r=g","contentUrl":"https:\/\/secure.gravatar.com\/avatar\/ed1c2728327f20a5a62edaeb7dc181858f225b765044c5314c3d1059a1bd992f?s=96&d=mm&r=g","caption":"Comunicaciones"},"sameAs":["http:\/\/www.cftestataltarapaca.cl"],"url":"https:\/\/www.cftestataltarapaca.cl\/inicio\/author\/comunicaciones\/"}]}},"publishpress_future_action":{"enabled":false,"date":"2026-05-08 16:21:21","action":"change-status","newStatus":"draft","terms":[],"taxonomy":"category","extraData":[]},"publishpress_future_workflow_manual_trigger":{"enabledWorkflows":[]},"_links":{"self":[{"href":"https:\/\/www.cftestataltarapaca.cl\/inicio\/wp-json\/wp\/v2\/posts\/6909","targetHints":{"allow":["GET"]}}],"collection":[{"href":"https:\/\/www.cftestataltarapaca.cl\/inicio\/wp-json\/wp\/v2\/posts"}],"about":[{"href":"https:\/\/www.cftestataltarapaca.cl\/inicio\/wp-json\/wp\/v2\/types\/post"}],"author":[{"embeddable":true,"href":"https:\/\/www.cftestataltarapaca.cl\/inicio\/wp-json\/wp\/v2\/users\/2"}],"replies":[{"embeddable":true,"href":"https:\/\/www.cftestataltarapaca.cl\/inicio\/wp-json\/wp\/v2\/comments?post=6909"}],"version-history":[{"count":3,"href":"https:\/\/www.cftestataltarapaca.cl\/inicio\/wp-json\/wp\/v2\/posts\/6909\/revisions"}],"predecessor-version":[{"id":6930,"href":"https:\/\/www.cftestataltarapaca.cl\/inicio\/wp-json\/wp\/v2\/posts\/6909\/revisions\/6930"}],"wp:featuredmedia":[{"embeddable":true,"href":"https:\/\/www.cftestataltarapaca.cl\/inicio\/wp-json\/wp\/v2\/media\/6910"}],"wp:attachment":[{"href":"https:\/\/www.cftestataltarapaca.cl\/inicio\/wp-json\/wp\/v2\/media?parent=6909"}],"wp:term":[{"taxonomy":"category","embeddable":true,"href":"https:\/\/www.cftestataltarapaca.cl\/inicio\/wp-json\/wp\/v2\/categories?post=6909"},{"taxonomy":"post_tag","embeddable":true,"href":"https:\/\/www.cftestataltarapaca.cl\/inicio\/wp-json\/wp\/v2\/tags?post=6909"}],"curies":[{"name":"wp","href":"https:\/\/api.w.org\/{rel}","templated":true}]}}