{"id":7012,"date":"2021-03-12T19:11:44","date_gmt":"2021-03-12T19:11:44","guid":{"rendered":"https:\/\/www.cftestataltarapaca.cl\/inicio\/?p=7012"},"modified":"2021-03-12T19:11:44","modified_gmt":"2021-03-12T19:11:44","slug":"docentes-del-cft-estatal-tarapaca-fortalecen-conocimientos","status":"publish","type":"post","link":"https:\/\/www.cftestataltarapaca.cl\/inicio\/2021\/03\/12\/docentes-del-cft-estatal-tarapaca-fortalecen-conocimientos\/","title":{"rendered":"Docentes del CFT Estatal Tarapac\u00e1 fortalecen conocimientos"},"content":{"rendered":"<p style=\"text-align: justify\">Entre el 1 y 10 de marzo se llevaron a cabo los cursos dirigidos a docentes del Centro de Formaci\u00f3n T\u00e9cnica Estatal de Tarapac\u00e1.<\/p>\n<p style=\"text-align: justify\">La actividad forma parte del plan de Formaci\u00f3n Docente que la instituci\u00f3n ejecuta de manea anual y contempl\u00f3 cursos de 9 horas cada uno, correspondientes a los temas de Dise\u00f1o de la Situaci\u00f3n de Evaluaci\u00f3n; Uso Pedag\u00f3gico de Plataformas Virtuales de Aprendizaje; Planificaci\u00f3n de Asignaturas.<\/p>\n<p style=\"text-align: justify\">En promedio fueron 40 las y los acad\u00e9micos que participaron en la capacitaci\u00f3n, la que busca la mejora continua de la calidad de la ense\u00f1anza permitiendo con ello fortalecer la educaci\u00f3n t\u00e9cnica.<\/p>\n<p>&nbsp;<\/p>\n","protected":false},"excerpt":{"rendered":"<p>Entre el 1 y 10 de marzo se llevaron a cabo los cursos dirigidos a docentes del Centro de Formaci\u00f3n T\u00e9cnica Estatal de Tarapac\u00e1. La actividad forma parte del plan&#8230;<\/p>\n","protected":false},"author":2,"featured_media":7013,"comment_status":"open","ping_status":"open","sticky":false,"template":"","format":"standard","meta":{"_joinchat":[],"footnotes":""},"categories":[49,52,1],"tags":[75,111,86,67],"class_list":["post-7012","post","type-post","status-publish","format-standard","has-post-thumbnail","hentry","category-academico","category-comunicados","category-sin-categoria","tag-alto-hospicio","tag-capacitacion","tag-cft-estatal-tarapaca","tag-tarapaca"],"yoast_head":"<!-- This site is optimized with the Yoast SEO plugin v27.4 - https:\/\/yoast.com\/product\/yoast-seo-wordpress\/ -->\n<title>Docentes del CFT Estatal Tarapac\u00e1 fortalecen conocimientos - CFT Estatal Tarapac\u00e1<\/title>\n<meta name=\"robots\" content=\"index, follow, max-snippet:-1, max-image-preview:large, max-video-preview:-1\" \/>\n<link rel=\"canonical\" href=\"https:\/\/www.cftestataltarapaca.cl\/inicio\/2021\/03\/12\/docentes-del-cft-estatal-tarapaca-fortalecen-conocimientos\/\" \/>\n<meta property=\"og:locale\" content=\"es_ES\" \/>\n<meta property=\"og:type\" content=\"article\" \/>\n<meta property=\"og:title\" content=\"Docentes del CFT Estatal Tarapac\u00e1 fortalecen conocimientos - CFT Estatal Tarapac\u00e1\" \/>\n<meta property=\"og:description\" content=\"Entre el 1 y 10 de marzo se llevaron a cabo los cursos dirigidos a docentes del Centro de Formaci\u00f3n T\u00e9cnica Estatal de Tarapac\u00e1. La actividad forma parte del plan...\" \/>\n<meta property=\"og:url\" content=\"https:\/\/www.cftestataltarapaca.cl\/inicio\/2021\/03\/12\/docentes-del-cft-estatal-tarapaca-fortalecen-conocimientos\/\" \/>\n<meta property=\"og:site_name\" content=\"CFT Estatal Tarapac\u00e1\" \/>\n<meta property=\"article:publisher\" content=\"https:\/\/www.facebook.com\/CFTestataltarapaca\/\" \/>\n<meta property=\"article:published_time\" content=\"2021-03-12T19:11:44+00:00\" \/>\n<meta property=\"og:image\" content=\"https:\/\/www.cftestataltarapaca.cl\/inicio\/wp-content\/uploads\/2021\/03\/PHOTO-2021-03-01-19-04-30-1-1.jpg\" \/>\n\t<meta property=\"og:image:width\" content=\"1280\" \/>\n\t<meta property=\"og:image:height\" content=\"531\" \/>\n\t<meta property=\"og:image:type\" content=\"image\/jpeg\" \/>\n<meta name=\"author\" content=\"Comunicaciones\" \/>\n<meta name=\"twitter:card\" content=\"summary_large_image\" \/>\n<meta name=\"twitter:creator\" content=\"@CFTesTarapaca\" \/>\n<meta name=\"twitter:site\" content=\"@CFTesTarapaca\" \/>\n<meta name=\"twitter:label1\" content=\"Escrito por\" \/>\n\t<meta name=\"twitter:data1\" content=\"Comunicaciones\" \/>\n\t<meta name=\"twitter:label2\" content=\"Tiempo de lectura\" \/>\n\t<meta name=\"twitter:data2\" content=\"1 minuto\" \/>\n<script type=\"application\/ld+json\" class=\"yoast-schema-graph\">{\"@context\":\"https:\\\/\\\/schema.org\",\"@graph\":[{\"@type\":\"Article\",\"@id\":\"https:\\\/\\\/www.cftestataltarapaca.cl\\\/inicio\\\/2021\\\/03\\\/12\\\/docentes-del-cft-estatal-tarapaca-fortalecen-conocimientos\\\/#article\",\"isPartOf\":{\"@id\":\"https:\\\/\\\/www.cftestataltarapaca.cl\\\/inicio\\\/2021\\\/03\\\/12\\\/docentes-del-cft-estatal-tarapaca-fortalecen-conocimientos\\\/\"},\"author\":{\"name\":\"Comunicaciones\",\"@id\":\"https:\\\/\\\/www.cftestataltarapaca.cl\\\/inicio\\\/#\\\/schema\\\/person\\\/ad1fbfa1fa7c3d3889f4ae5401dd660e\"},\"headline\":\"Docentes del CFT Estatal Tarapac\u00e1 fortalecen conocimientos\",\"datePublished\":\"2021-03-12T19:11:44+00:00\",\"mainEntityOfPage\":{\"@id\":\"https:\\\/\\\/www.cftestataltarapaca.cl\\\/inicio\\\/2021\\\/03\\\/12\\\/docentes-del-cft-estatal-tarapaca-fortalecen-conocimientos\\\/\"},\"wordCount\":119,\"commentCount\":0,\"publisher\":{\"@id\":\"https:\\\/\\\/www.cftestataltarapaca.cl\\\/inicio\\\/#organization\"},\"image\":{\"@id\":\"https:\\\/\\\/www.cftestataltarapaca.cl\\\/inicio\\\/2021\\\/03\\\/12\\\/docentes-del-cft-estatal-tarapaca-fortalecen-conocimientos\\\/#primaryimage\"},\"thumbnailUrl\":\"https:\\\/\\\/www.cftestataltarapaca.cl\\\/inicio\\\/wp-content\\\/uploads\\\/2021\\\/03\\\/PHOTO-2021-03-01-19-04-30-1-1.jpg\",\"keywords\":[\"Alto Hospicio\",\"capacitaci\u00f3n\",\"CFT Estatal Tarapac\u00e1\",\"Tarapac\u00e1\"],\"articleSection\":[\"Acad\u00e9mico\",\"Comunicados\"],\"inLanguage\":\"es\",\"potentialAction\":[{\"@type\":\"CommentAction\",\"name\":\"Comment\",\"target\":[\"https:\\\/\\\/www.cftestataltarapaca.cl\\\/inicio\\\/2021\\\/03\\\/12\\\/docentes-del-cft-estatal-tarapaca-fortalecen-conocimientos\\\/#respond\"]}]},{\"@type\":\"WebPage\",\"@id\":\"https:\\\/\\\/www.cftestataltarapaca.cl\\\/inicio\\\/2021\\\/03\\\/12\\\/docentes-del-cft-estatal-tarapaca-fortalecen-conocimientos\\\/\",\"url\":\"https:\\\/\\\/www.cftestataltarapaca.cl\\\/inicio\\\/2021\\\/03\\\/12\\\/docentes-del-cft-estatal-tarapaca-fortalecen-conocimientos\\\/\",\"name\":\"Docentes del CFT Estatal Tarapac\u00e1 fortalecen conocimientos - CFT Estatal Tarapac\u00e1\",\"isPartOf\":{\"@id\":\"https:\\\/\\\/www.cftestataltarapaca.cl\\\/inicio\\\/#website\"},\"primaryImageOfPage\":{\"@id\":\"https:\\\/\\\/www.cftestataltarapaca.cl\\\/inicio\\\/2021\\\/03\\\/12\\\/docentes-del-cft-estatal-tarapaca-fortalecen-conocimientos\\\/#primaryimage\"},\"image\":{\"@id\":\"https:\\\/\\\/www.cftestataltarapaca.cl\\\/inicio\\\/2021\\\/03\\\/12\\\/docentes-del-cft-estatal-tarapaca-fortalecen-conocimientos\\\/#primaryimage\"},\"thumbnailUrl\":\"https:\\\/\\\/www.cftestataltarapaca.cl\\\/inicio\\\/wp-content\\\/uploads\\\/2021\\\/03\\\/PHOTO-2021-03-01-19-04-30-1-1.jpg\",\"datePublished\":\"2021-03-12T19:11:44+00:00\",\"breadcrumb\":{\"@id\":\"https:\\\/\\\/www.cftestataltarapaca.cl\\\/inicio\\\/2021\\\/03\\\/12\\\/docentes-del-cft-estatal-tarapaca-fortalecen-conocimientos\\\/#breadcrumb\"},\"inLanguage\":\"es\",\"potentialAction\":[{\"@type\":\"ReadAction\",\"target\":[\"https:\\\/\\\/www.cftestataltarapaca.cl\\\/inicio\\\/2021\\\/03\\\/12\\\/docentes-del-cft-estatal-tarapaca-fortalecen-conocimientos\\\/\"]}]},{\"@type\":\"ImageObject\",\"inLanguage\":\"es\",\"@id\":\"https:\\\/\\\/www.cftestataltarapaca.cl\\\/inicio\\\/2021\\\/03\\\/12\\\/docentes-del-cft-estatal-tarapaca-fortalecen-conocimientos\\\/#primaryimage\",\"url\":\"https:\\\/\\\/www.cftestataltarapaca.cl\\\/inicio\\\/wp-content\\\/uploads\\\/2021\\\/03\\\/PHOTO-2021-03-01-19-04-30-1-1.jpg\",\"contentUrl\":\"https:\\\/\\\/www.cftestataltarapaca.cl\\\/inicio\\\/wp-content\\\/uploads\\\/2021\\\/03\\\/PHOTO-2021-03-01-19-04-30-1-1.jpg\",\"width\":1280,\"height\":531},{\"@type\":\"BreadcrumbList\",\"@id\":\"https:\\\/\\\/www.cftestataltarapaca.cl\\\/inicio\\\/2021\\\/03\\\/12\\\/docentes-del-cft-estatal-tarapaca-fortalecen-conocimientos\\\/#breadcrumb\",\"itemListElement\":[{\"@type\":\"ListItem\",\"position\":1,\"name\":\"Portada\",\"item\":\"https:\\\/\\\/www.cftestataltarapaca.cl\\\/inicio\\\/\"},{\"@type\":\"ListItem\",\"position\":2,\"name\":\"Docentes del CFT Estatal Tarapac\u00e1 fortalecen conocimientos\"}]},{\"@type\":\"WebSite\",\"@id\":\"https:\\\/\\\/www.cftestataltarapaca.cl\\\/inicio\\\/#website\",\"url\":\"https:\\\/\\\/www.cftestataltarapaca.cl\\\/inicio\\\/\",\"name\":\"CFT Estatal Tarapac\u00e1\",\"description\":\"Admisi\u00f3n 2025\",\"publisher\":{\"@id\":\"https:\\\/\\\/www.cftestataltarapaca.cl\\\/inicio\\\/#organization\"},\"potentialAction\":[{\"@type\":\"SearchAction\",\"target\":{\"@type\":\"EntryPoint\",\"urlTemplate\":\"https:\\\/\\\/www.cftestataltarapaca.cl\\\/inicio\\\/?s={search_term_string}\"},\"query-input\":{\"@type\":\"PropertyValueSpecification\",\"valueRequired\":true,\"valueName\":\"search_term_string\"}}],\"inLanguage\":\"es\"},{\"@type\":\"Organization\",\"@id\":\"https:\\\/\\\/www.cftestataltarapaca.cl\\\/inicio\\\/#organization\",\"name\":\"CFT Estatal Tarapac\u00e1\",\"url\":\"https:\\\/\\\/www.cftestataltarapaca.cl\\\/inicio\\\/\",\"logo\":{\"@type\":\"ImageObject\",\"inLanguage\":\"es\",\"@id\":\"https:\\\/\\\/www.cftestataltarapaca.cl\\\/inicio\\\/#\\\/schema\\\/logo\\\/image\\\/\",\"url\":\"https:\\\/\\\/www.cftestataltarapaca.cl\\\/inicio\\\/wp-content\\\/uploads\\\/2019\\\/03\\\/logo-retina-1.png\",\"contentUrl\":\"https:\\\/\\\/www.cftestataltarapaca.cl\\\/inicio\\\/wp-content\\\/uploads\\\/2019\\\/03\\\/logo-retina-1.png\",\"width\":401,\"height\":150,\"caption\":\"CFT Estatal Tarapac\u00e1\"},\"image\":{\"@id\":\"https:\\\/\\\/www.cftestataltarapaca.cl\\\/inicio\\\/#\\\/schema\\\/logo\\\/image\\\/\"},\"sameAs\":[\"https:\\\/\\\/www.facebook.com\\\/CFTestataltarapaca\\\/\",\"https:\\\/\\\/x.com\\\/CFTesTarapaca\",\"https:\\\/\\\/www.instagram.com\\\/CFTestataltarapaca\\\/\"]},{\"@type\":\"Person\",\"@id\":\"https:\\\/\\\/www.cftestataltarapaca.cl\\\/inicio\\\/#\\\/schema\\\/person\\\/ad1fbfa1fa7c3d3889f4ae5401dd660e\",\"name\":\"Comunicaciones\",\"image\":{\"@type\":\"ImageObject\",\"inLanguage\":\"es\",\"@id\":\"https:\\\/\\\/secure.gravatar.com\\\/avatar\\\/ed1c2728327f20a5a62edaeb7dc181858f225b765044c5314c3d1059a1bd992f?s=96&d=mm&r=g\",\"url\":\"https:\\\/\\\/secure.gravatar.com\\\/avatar\\\/ed1c2728327f20a5a62edaeb7dc181858f225b765044c5314c3d1059a1bd992f?s=96&d=mm&r=g\",\"contentUrl\":\"https:\\\/\\\/secure.gravatar.com\\\/avatar\\\/ed1c2728327f20a5a62edaeb7dc181858f225b765044c5314c3d1059a1bd992f?s=96&d=mm&r=g\",\"caption\":\"Comunicaciones\"},\"sameAs\":[\"http:\\\/\\\/www.cftestataltarapaca.cl\"],\"url\":\"https:\\\/\\\/www.cftestataltarapaca.cl\\\/inicio\\\/author\\\/comunicaciones\\\/\"}]}<\/script>\n<!-- \/ Yoast SEO plugin. -->","yoast_head_json":{"title":"Docentes del CFT Estatal Tarapac\u00e1 fortalecen conocimientos - CFT Estatal Tarapac\u00e1","robots":{"index":"index","follow":"follow","max-snippet":"max-snippet:-1","max-image-preview":"max-image-preview:large","max-video-preview":"max-video-preview:-1"},"canonical":"https:\/\/www.cftestataltarapaca.cl\/inicio\/2021\/03\/12\/docentes-del-cft-estatal-tarapaca-fortalecen-conocimientos\/","og_locale":"es_ES","og_type":"article","og_title":"Docentes del CFT Estatal Tarapac\u00e1 fortalecen conocimientos - CFT Estatal Tarapac\u00e1","og_description":"Entre el 1 y 10 de marzo se llevaron a cabo los cursos dirigidos a docentes del Centro de Formaci\u00f3n T\u00e9cnica Estatal de Tarapac\u00e1. La actividad forma parte del plan...","og_url":"https:\/\/www.cftestataltarapaca.cl\/inicio\/2021\/03\/12\/docentes-del-cft-estatal-tarapaca-fortalecen-conocimientos\/","og_site_name":"CFT Estatal Tarapac\u00e1","article_publisher":"https:\/\/www.facebook.com\/CFTestataltarapaca\/","article_published_time":"2021-03-12T19:11:44+00:00","og_image":[{"width":1280,"height":531,"url":"https:\/\/www.cftestataltarapaca.cl\/inicio\/wp-content\/uploads\/2021\/03\/PHOTO-2021-03-01-19-04-30-1-1.jpg","type":"image\/jpeg"}],"author":"Comunicaciones","twitter_card":"summary_large_image","twitter_creator":"@CFTesTarapaca","twitter_site":"@CFTesTarapaca","twitter_misc":{"Escrito por":"Comunicaciones","Tiempo de lectura":"1 minuto"},"schema":{"@context":"https:\/\/schema.org","@graph":[{"@type":"Article","@id":"https:\/\/www.cftestataltarapaca.cl\/inicio\/2021\/03\/12\/docentes-del-cft-estatal-tarapaca-fortalecen-conocimientos\/#article","isPartOf":{"@id":"https:\/\/www.cftestataltarapaca.cl\/inicio\/2021\/03\/12\/docentes-del-cft-estatal-tarapaca-fortalecen-conocimientos\/"},"author":{"name":"Comunicaciones","@id":"https:\/\/www.cftestataltarapaca.cl\/inicio\/#\/schema\/person\/ad1fbfa1fa7c3d3889f4ae5401dd660e"},"headline":"Docentes del CFT Estatal Tarapac\u00e1 fortalecen conocimientos","datePublished":"2021-03-12T19:11:44+00:00","mainEntityOfPage":{"@id":"https:\/\/www.cftestataltarapaca.cl\/inicio\/2021\/03\/12\/docentes-del-cft-estatal-tarapaca-fortalecen-conocimientos\/"},"wordCount":119,"commentCount":0,"publisher":{"@id":"https:\/\/www.cftestataltarapaca.cl\/inicio\/#organization"},"image":{"@id":"https:\/\/www.cftestataltarapaca.cl\/inicio\/2021\/03\/12\/docentes-del-cft-estatal-tarapaca-fortalecen-conocimientos\/#primaryimage"},"thumbnailUrl":"https:\/\/www.cftestataltarapaca.cl\/inicio\/wp-content\/uploads\/2021\/03\/PHOTO-2021-03-01-19-04-30-1-1.jpg","keywords":["Alto Hospicio","capacitaci\u00f3n","CFT Estatal Tarapac\u00e1","Tarapac\u00e1"],"articleSection":["Acad\u00e9mico","Comunicados"],"inLanguage":"es","potentialAction":[{"@type":"CommentAction","name":"Comment","target":["https:\/\/www.cftestataltarapaca.cl\/inicio\/2021\/03\/12\/docentes-del-cft-estatal-tarapaca-fortalecen-conocimientos\/#respond"]}]},{"@type":"WebPage","@id":"https:\/\/www.cftestataltarapaca.cl\/inicio\/2021\/03\/12\/docentes-del-cft-estatal-tarapaca-fortalecen-conocimientos\/","url":"https:\/\/www.cftestataltarapaca.cl\/inicio\/2021\/03\/12\/docentes-del-cft-estatal-tarapaca-fortalecen-conocimientos\/","name":"Docentes del CFT Estatal Tarapac\u00e1 fortalecen conocimientos - CFT Estatal Tarapac\u00e1","isPartOf":{"@id":"https:\/\/www.cftestataltarapaca.cl\/inicio\/#website"},"primaryImageOfPage":{"@id":"https:\/\/www.cftestataltarapaca.cl\/inicio\/2021\/03\/12\/docentes-del-cft-estatal-tarapaca-fortalecen-conocimientos\/#primaryimage"},"image":{"@id":"https:\/\/www.cftestataltarapaca.cl\/inicio\/2021\/03\/12\/docentes-del-cft-estatal-tarapaca-fortalecen-conocimientos\/#primaryimage"},"thumbnailUrl":"https:\/\/www.cftestataltarapaca.cl\/inicio\/wp-content\/uploads\/2021\/03\/PHOTO-2021-03-01-19-04-30-1-1.jpg","datePublished":"2021-03-12T19:11:44+00:00","breadcrumb":{"@id":"https:\/\/www.cftestataltarapaca.cl\/inicio\/2021\/03\/12\/docentes-del-cft-estatal-tarapaca-fortalecen-conocimientos\/#breadcrumb"},"inLanguage":"es","potentialAction":[{"@type":"ReadAction","target":["https:\/\/www.cftestataltarapaca.cl\/inicio\/2021\/03\/12\/docentes-del-cft-estatal-tarapaca-fortalecen-conocimientos\/"]}]},{"@type":"ImageObject","inLanguage":"es","@id":"https:\/\/www.cftestataltarapaca.cl\/inicio\/2021\/03\/12\/docentes-del-cft-estatal-tarapaca-fortalecen-conocimientos\/#primaryimage","url":"https:\/\/www.cftestataltarapaca.cl\/inicio\/wp-content\/uploads\/2021\/03\/PHOTO-2021-03-01-19-04-30-1-1.jpg","contentUrl":"https:\/\/www.cftestataltarapaca.cl\/inicio\/wp-content\/uploads\/2021\/03\/PHOTO-2021-03-01-19-04-30-1-1.jpg","width":1280,"height":531},{"@type":"BreadcrumbList","@id":"https:\/\/www.cftestataltarapaca.cl\/inicio\/2021\/03\/12\/docentes-del-cft-estatal-tarapaca-fortalecen-conocimientos\/#breadcrumb","itemListElement":[{"@type":"ListItem","position":1,"name":"Portada","item":"https:\/\/www.cftestataltarapaca.cl\/inicio\/"},{"@type":"ListItem","position":2,"name":"Docentes del CFT Estatal Tarapac\u00e1 fortalecen conocimientos"}]},{"@type":"WebSite","@id":"https:\/\/www.cftestataltarapaca.cl\/inicio\/#website","url":"https:\/\/www.cftestataltarapaca.cl\/inicio\/","name":"CFT Estatal Tarapac\u00e1","description":"Admisi\u00f3n 2025","publisher":{"@id":"https:\/\/www.cftestataltarapaca.cl\/inicio\/#organization"},"potentialAction":[{"@type":"SearchAction","target":{"@type":"EntryPoint","urlTemplate":"https:\/\/www.cftestataltarapaca.cl\/inicio\/?s={search_term_string}"},"query-input":{"@type":"PropertyValueSpecification","valueRequired":true,"valueName":"search_term_string"}}],"inLanguage":"es"},{"@type":"Organization","@id":"https:\/\/www.cftestataltarapaca.cl\/inicio\/#organization","name":"CFT Estatal Tarapac\u00e1","url":"https:\/\/www.cftestataltarapaca.cl\/inicio\/","logo":{"@type":"ImageObject","inLanguage":"es","@id":"https:\/\/www.cftestataltarapaca.cl\/inicio\/#\/schema\/logo\/image\/","url":"https:\/\/www.cftestataltarapaca.cl\/inicio\/wp-content\/uploads\/2019\/03\/logo-retina-1.png","contentUrl":"https:\/\/www.cftestataltarapaca.cl\/inicio\/wp-content\/uploads\/2019\/03\/logo-retina-1.png","width":401,"height":150,"caption":"CFT Estatal Tarapac\u00e1"},"image":{"@id":"https:\/\/www.cftestataltarapaca.cl\/inicio\/#\/schema\/logo\/image\/"},"sameAs":["https:\/\/www.facebook.com\/CFTestataltarapaca\/","https:\/\/x.com\/CFTesTarapaca","https:\/\/www.instagram.com\/CFTestataltarapaca\/"]},{"@type":"Person","@id":"https:\/\/www.cftestataltarapaca.cl\/inicio\/#\/schema\/person\/ad1fbfa1fa7c3d3889f4ae5401dd660e","name":"Comunicaciones","image":{"@type":"ImageObject","inLanguage":"es","@id":"https:\/\/secure.gravatar.com\/avatar\/ed1c2728327f20a5a62edaeb7dc181858f225b765044c5314c3d1059a1bd992f?s=96&d=mm&r=g","url":"https:\/\/secure.gravatar.com\/avatar\/ed1c2728327f20a5a62edaeb7dc181858f225b765044c5314c3d1059a1bd992f?s=96&d=mm&r=g","contentUrl":"https:\/\/secure.gravatar.com\/avatar\/ed1c2728327f20a5a62edaeb7dc181858f225b765044c5314c3d1059a1bd992f?s=96&d=mm&r=g","caption":"Comunicaciones"},"sameAs":["http:\/\/www.cftestataltarapaca.cl"],"url":"https:\/\/www.cftestataltarapaca.cl\/inicio\/author\/comunicaciones\/"}]}},"publishpress_future_action":{"enabled":false,"date":"2026-05-08 16:21:20","action":"change-status","newStatus":"draft","terms":[],"taxonomy":"category","extraData":[]},"publishpress_future_workflow_manual_trigger":{"enabledWorkflows":[]},"_links":{"self":[{"href":"https:\/\/www.cftestataltarapaca.cl\/inicio\/wp-json\/wp\/v2\/posts\/7012","targetHints":{"allow":["GET"]}}],"collection":[{"href":"https:\/\/www.cftestataltarapaca.cl\/inicio\/wp-json\/wp\/v2\/posts"}],"about":[{"href":"https:\/\/www.cftestataltarapaca.cl\/inicio\/wp-json\/wp\/v2\/types\/post"}],"author":[{"embeddable":true,"href":"https:\/\/www.cftestataltarapaca.cl\/inicio\/wp-json\/wp\/v2\/users\/2"}],"replies":[{"embeddable":true,"href":"https:\/\/www.cftestataltarapaca.cl\/inicio\/wp-json\/wp\/v2\/comments?post=7012"}],"version-history":[{"count":1,"href":"https:\/\/www.cftestataltarapaca.cl\/inicio\/wp-json\/wp\/v2\/posts\/7012\/revisions"}],"predecessor-version":[{"id":7014,"href":"https:\/\/www.cftestataltarapaca.cl\/inicio\/wp-json\/wp\/v2\/posts\/7012\/revisions\/7014"}],"wp:featuredmedia":[{"embeddable":true,"href":"https:\/\/www.cftestataltarapaca.cl\/inicio\/wp-json\/wp\/v2\/media\/7013"}],"wp:attachment":[{"href":"https:\/\/www.cftestataltarapaca.cl\/inicio\/wp-json\/wp\/v2\/media?parent=7012"}],"wp:term":[{"taxonomy":"category","embeddable":true,"href":"https:\/\/www.cftestataltarapaca.cl\/inicio\/wp-json\/wp\/v2\/categories?post=7012"},{"taxonomy":"post_tag","embeddable":true,"href":"https:\/\/www.cftestataltarapaca.cl\/inicio\/wp-json\/wp\/v2\/tags?post=7012"}],"curies":[{"name":"wp","href":"https:\/\/api.w.org\/{rel}","templated":true}]}}