{"id":7274,"date":"2021-03-30T18:57:46","date_gmt":"2021-03-30T18:57:46","guid":{"rendered":"https:\/\/www.cftestataltarapaca.cl\/inicio\/?p=7274"},"modified":"2021-03-30T18:57:46","modified_gmt":"2021-03-30T18:57:46","slug":"mineduc-y-corfo-destinan-mas-de-1-845-millones-para-innovacion-y-transferencia-tecnologica-en-instituciones-de-educacion-superior-tecnico-profesional","status":"publish","type":"post","link":"https:\/\/www.cftestataltarapaca.cl\/inicio\/2021\/03\/30\/mineduc-y-corfo-destinan-mas-de-1-845-millones-para-innovacion-y-transferencia-tecnologica-en-instituciones-de-educacion-superior-tecnico-profesional\/","title":{"rendered":"Mineduc y Corfo destinan m\u00e1s de $1.845 millones para innovaci\u00f3n y transferencia tecnol\u00f3gica en instituciones de Educaci\u00f3n Superior T\u00e9cnico Profesional"},"content":{"rendered":"<p style=\"text-align: justify\"><strong>Martes 30 de marzo, 2021<\/strong>.- Hoy se llev\u00f3 a cabo un encuentro virtual para dar a conocer oficialmente las instituciones de Educaci\u00f3n Superior T\u00e9cnico Profesional que fueron adjudicadas con fondos MINEDUC-Corfo para el desarrollo de sus Planes Estrat\u00e9gicos Institucionales. La actividad fue encabezada por el Subsecretario de Educaci\u00f3n Superior, Juan Eduardo Vargas y el Vicepresidente Ejecutivo de Corfo, Pablo Terrazas, adem\u00e1s de los rectores de las entidades acad\u00e9micas ganadoras de los fondos concursables.<\/p>\n<p style=\"text-align: justify\">La iniciativa es parte del Programa IP-CFT 2030 que involucra a 26 instituciones y tiene como objetivo que estas incorporen herramientas y conocimientos de innovaci\u00f3n y transferencia tecnol\u00f3gica en su quehacer, para que as\u00ed puedan mejorar su vinculaci\u00f3n con los sectores econ\u00f3micos y empresariales del pa\u00eds y, con ello, contribuir al desarrollo del capital humano necesario para enfrentar los desaf\u00edos de la econom\u00eda chilena.<\/p>\n<p style=\"text-align: justify\">En su saludo de bienvenida el Subsecretario Vargas indic\u00f3 que la Ley de Educaci\u00f3n Superior N\u00b021.091 establece que los Institutos Profesionales y Centros de Formaci\u00f3n T\u00e9cnica, deben realizar innovaci\u00f3n aplicada y transferencia tecnol\u00f3gica destinada a aportar a sus entornos productivos y sociales y adem\u00e1s, vincularla con la formaci\u00f3n de sus estudiantes: \u201cEs por ello que, el pa\u00eds debe afrontar este desaf\u00edo en el m\u00e1s breve plazo posible, para lo cual es clave generar mecanismos que faciliten la relaci\u00f3n entre las entidades de educaci\u00f3n y los sectores econ\u00f3micos, fortalezcan la\u00a0 vinculaci\u00f3n con otros espacios de la formaci\u00f3n y mejoren su pertinencia con las necesidades de los sectores econ\u00f3micos y sociales en los distintos territorios del pa\u00eds\u201d, recalc\u00f3.<\/p>\n<p style=\"text-align: justify\">Por su parte el Vicepresidente Ejecutivo de Corfo, Pablo Terrazas, afirm\u00f3: \u201cCorfo tiene una vinculaci\u00f3n hist\u00f3rica con la formaci\u00f3n Superior T\u00e9cnico Profesional, ya que une temprana y r\u00e1pidamente a los estudiantes con los sectores productivos, ense\u00f1ando habilidades y capacidades especializadas para afrontar las necesidades de la industria, y haciendo de ellos un aporte evidente para la competitividad. Los IP y CFT se han posicionado como actores relevantes para impulsar el desarrollo del pa\u00eds, y los t\u00e9cnicos que all\u00ed se forman son fundamentales para la reactivaci\u00f3n econ\u00f3mica que Chile necesita. Necesitamos ense\u00f1ar personas conectadas con las necesidades del mundo de hoy y del futuro, y este Programa que impulsamos de manera conjunta con el Mineduc va en esa direcci\u00f3n. Esta iniciativa permite enfrentar con tecnolog\u00eda e innovaci\u00f3n las necesidades de las empresas, siendo un aporte real y concreto a la sociedad\u201d.<\/p>\n<p style=\"text-align: justify\">En la reuni\u00f3n, los rectores de las instituciones adjudicadas con mejor ranking en sus postulaciones a los fondos, compartieron sus expectativas con respecto al trabajo que deber\u00e1n desarrollar, junto a sus comunidades educativas. Sergio Morales, Rector del CFT San Agust\u00edn indic\u00f3 que \u201ca trav\u00e9s de la innovaci\u00f3n aspiramos poder formar titulados que hayan vivido o comprendan la experiencia de innovar para afectar indirectamente a la regi\u00f3n, mientras que a trav\u00e9s del mismo proceso podamos ser aliados importantes de quienes quieran adoptar tecnolog\u00edas o t\u00e9cnicas para acortar las brechas productivas o sociales que nos tienen a\u00fan camino al desarrollo\u201d. Por su parte Christian Quezada, Rector CFT Estatal Magallanes, afirm\u00f3 que \u201cel proyecto postulado de manera conjunta entre nuestro CFT estatal de Magallanes y el de Antofagasta, fue seleccionado obteniendo el primer lugar dentro de las 19 propuestas adjudicadas a nivel nacional de instituciones TP tanto p\u00fablicas como privadas, lo cual permitir\u00e1 ir incorporando en nuestro plan estrat\u00e9gico los desaf\u00edos relacionados a vinculaci\u00f3n con el medio, innovaci\u00f3n y emprendimiento donde queremos ser protagonistas aportando al desarrollo de nuestros territorios\u201d.<\/p>\n<p style=\"text-align: justify\"><strong>IP-CFT 2030: un proyecto en tres fases<\/strong><\/p>\n<p style=\"text-align: justify\">La primera fase de IP-CFT 2030 (2019 al 2020) consider\u00f3 un aporte financiero de Corfo de $100 millones y consisti\u00f3 en un diagn\u00f3stico respecto a modelos de vinculaci\u00f3n con el medio utilizadas para el desarrollo de innovaci\u00f3n y transferencia tecnol\u00f3gica en las 26 instituciones t\u00e9cnico profesionales incluidas en el proyecto, as\u00ed como tambi\u00e9n un <em>benchmarking<\/em> internacional de modelos utilizados en Canad\u00e1, Suiza, Australia y Pa\u00eds Vasco. El diagn\u00f3stico permiti\u00f3 identificar brechas y oportunidades para as\u00ed desarrollar asistencia t\u00e9cnica individual por cada instituci\u00f3n participante.<\/p>\n<p style=\"text-align: justify\">La segunda fase parti\u00f3 en 2020 y est\u00e1 actualmente en desarrollo. Considera un aporte financiero del MINEDUC ($ 1.333 millones) y Corfo ($514 millones), y est\u00e1 destinado a implementar iniciativas de cierre brechas transversales, a trav\u00e9s de 1.500 becas de capacitaci\u00f3n en fortalecimiento de las capacidades de innovaci\u00f3n y transferencia tecnol\u00f3gica; dise\u00f1ar los Planes Estrat\u00e9gicos Institucionales de parte de las entidades educacionales; y establecer una hoja de ruta com\u00fan y compartida para el sector t\u00e9cnico profesional chileno, que promueva la vinculaci\u00f3n entre las instituciones del sector, el mundo empresarial y el sector p\u00fablico a trav\u00e9s del plan estrat\u00e9gico sectorial.<\/p>\n<p style=\"text-align: justify\">La tercera fase (2021 al 2022) considerar\u00e1 un aporte financiero del MINEDUC de $1.022 millones e incluye la puesta en marcha de planes estrat\u00e9gicos e iniciativas para el cierre de brechas transversales. En esta fase se apoya a las instituciones a financiar los proyectos incluidos en sus Hojas de Ruta, prioriz\u00e1ndolos seg\u00fan los criterios acordados entre todos los participantes.<\/p>\n<p>&nbsp;<\/p>\n<p><img loading=\"lazy\" decoding=\"async\" class=\"alignnone size-medium wp-image-7278\" src=\"https:\/\/www.cftestataltarapaca.cl\/inicio\/wp-content\/uploads\/2021\/03\/11-300x188.jpg\" alt=\"\" width=\"300\" height=\"188\" srcset=\"https:\/\/www.cftestataltarapaca.cl\/inicio\/wp-content\/uploads\/2021\/03\/11-300x188.jpg 300w, https:\/\/www.cftestataltarapaca.cl\/inicio\/wp-content\/uploads\/2021\/03\/11-1024x640.jpg 1024w, https:\/\/www.cftestataltarapaca.cl\/inicio\/wp-content\/uploads\/2021\/03\/11-768x480.jpg 768w, https:\/\/www.cftestataltarapaca.cl\/inicio\/wp-content\/uploads\/2021\/03\/11.jpg 1440w\" sizes=\"auto, (max-width: 300px) 100vw, 300px\" \/><\/p>\n","protected":false},"excerpt":{"rendered":"<p>Martes 30 de marzo, 2021.- Hoy se llev\u00f3 a cabo un encuentro virtual para dar a conocer oficialmente las instituciones de Educaci\u00f3n Superior T\u00e9cnico Profesional que fueron adjudicadas con fondos&#8230;<\/p>\n","protected":false},"author":2,"featured_media":7277,"comment_status":"open","ping_status":"open","sticky":false,"template":"","format":"standard","meta":{"_joinchat":[],"footnotes":""},"categories":[1],"tags":[],"class_list":["post-7274","post","type-post","status-publish","format-standard","has-post-thumbnail","hentry","category-sin-categoria"],"yoast_head":"<!-- This site is optimized with the Yoast SEO plugin v27.4 - https:\/\/yoast.com\/product\/yoast-seo-wordpress\/ -->\n<title>Mineduc y Corfo destinan m\u00e1s de $1.845 millones para innovaci\u00f3n y transferencia tecnol\u00f3gica en instituciones de Educaci\u00f3n Superior T\u00e9cnico Profesional - CFT Estatal Tarapac\u00e1<\/title>\n<meta name=\"robots\" content=\"index, follow, max-snippet:-1, max-image-preview:large, max-video-preview:-1\" \/>\n<link rel=\"canonical\" href=\"https:\/\/www.cftestataltarapaca.cl\/inicio\/2021\/03\/30\/mineduc-y-corfo-destinan-mas-de-1-845-millones-para-innovacion-y-transferencia-tecnologica-en-instituciones-de-educacion-superior-tecnico-profesional\/\" \/>\n<meta property=\"og:locale\" content=\"es_ES\" \/>\n<meta property=\"og:type\" content=\"article\" \/>\n<meta property=\"og:title\" content=\"Mineduc y Corfo destinan m\u00e1s de $1.845 millones para innovaci\u00f3n y transferencia tecnol\u00f3gica en instituciones de Educaci\u00f3n Superior T\u00e9cnico Profesional - CFT Estatal Tarapac\u00e1\" \/>\n<meta property=\"og:description\" content=\"Martes 30 de marzo, 2021.- Hoy se llev\u00f3 a cabo un encuentro virtual para dar a conocer oficialmente las instituciones de Educaci\u00f3n Superior T\u00e9cnico Profesional que fueron adjudicadas con fondos...\" \/>\n<meta property=\"og:url\" content=\"https:\/\/www.cftestataltarapaca.cl\/inicio\/2021\/03\/30\/mineduc-y-corfo-destinan-mas-de-1-845-millones-para-innovacion-y-transferencia-tecnologica-en-instituciones-de-educacion-superior-tecnico-profesional\/\" \/>\n<meta property=\"og:site_name\" content=\"CFT Estatal Tarapac\u00e1\" \/>\n<meta property=\"article:publisher\" content=\"https:\/\/www.facebook.com\/CFTestataltarapaca\/\" \/>\n<meta property=\"article:published_time\" content=\"2021-03-30T18:57:46+00:00\" \/>\n<meta property=\"og:image\" content=\"https:\/\/www.cftestataltarapaca.cl\/inicio\/wp-content\/uploads\/2021\/03\/WhatsApp-Image-2021-03-30-at-15.53.59.jpeg\" \/>\n\t<meta property=\"og:image:width\" content=\"1024\" \/>\n\t<meta property=\"og:image:height\" content=\"598\" \/>\n\t<meta property=\"og:image:type\" content=\"image\/jpeg\" \/>\n<meta name=\"author\" content=\"Comunicaciones\" \/>\n<meta name=\"twitter:card\" content=\"summary_large_image\" \/>\n<meta name=\"twitter:creator\" content=\"@CFTesTarapaca\" \/>\n<meta name=\"twitter:site\" content=\"@CFTesTarapaca\" \/>\n<meta name=\"twitter:label1\" content=\"Escrito por\" \/>\n\t<meta name=\"twitter:data1\" content=\"Comunicaciones\" \/>\n\t<meta name=\"twitter:label2\" content=\"Tiempo de lectura\" \/>\n\t<meta name=\"twitter:data2\" content=\"4 minutos\" \/>\n<script type=\"application\/ld+json\" class=\"yoast-schema-graph\">{\"@context\":\"https:\\\/\\\/schema.org\",\"@graph\":[{\"@type\":\"Article\",\"@id\":\"https:\\\/\\\/www.cftestataltarapaca.cl\\\/inicio\\\/2021\\\/03\\\/30\\\/mineduc-y-corfo-destinan-mas-de-1-845-millones-para-innovacion-y-transferencia-tecnologica-en-instituciones-de-educacion-superior-tecnico-profesional\\\/#article\",\"isPartOf\":{\"@id\":\"https:\\\/\\\/www.cftestataltarapaca.cl\\\/inicio\\\/2021\\\/03\\\/30\\\/mineduc-y-corfo-destinan-mas-de-1-845-millones-para-innovacion-y-transferencia-tecnologica-en-instituciones-de-educacion-superior-tecnico-profesional\\\/\"},\"author\":{\"name\":\"Comunicaciones\",\"@id\":\"https:\\\/\\\/www.cftestataltarapaca.cl\\\/inicio\\\/#\\\/schema\\\/person\\\/ad1fbfa1fa7c3d3889f4ae5401dd660e\"},\"headline\":\"Mineduc y Corfo destinan m\u00e1s de $1.845 millones para innovaci\u00f3n y transferencia tecnol\u00f3gica en instituciones de Educaci\u00f3n Superior T\u00e9cnico Profesional\",\"datePublished\":\"2021-03-30T18:57:46+00:00\",\"mainEntityOfPage\":{\"@id\":\"https:\\\/\\\/www.cftestataltarapaca.cl\\\/inicio\\\/2021\\\/03\\\/30\\\/mineduc-y-corfo-destinan-mas-de-1-845-millones-para-innovacion-y-transferencia-tecnologica-en-instituciones-de-educacion-superior-tecnico-profesional\\\/\"},\"wordCount\":909,\"commentCount\":0,\"publisher\":{\"@id\":\"https:\\\/\\\/www.cftestataltarapaca.cl\\\/inicio\\\/#organization\"},\"image\":{\"@id\":\"https:\\\/\\\/www.cftestataltarapaca.cl\\\/inicio\\\/2021\\\/03\\\/30\\\/mineduc-y-corfo-destinan-mas-de-1-845-millones-para-innovacion-y-transferencia-tecnologica-en-instituciones-de-educacion-superior-tecnico-profesional\\\/#primaryimage\"},\"thumbnailUrl\":\"https:\\\/\\\/www.cftestataltarapaca.cl\\\/inicio\\\/wp-content\\\/uploads\\\/2021\\\/03\\\/WhatsApp-Image-2021-03-30-at-15.53.59.jpeg\",\"inLanguage\":\"es\",\"potentialAction\":[{\"@type\":\"CommentAction\",\"name\":\"Comment\",\"target\":[\"https:\\\/\\\/www.cftestataltarapaca.cl\\\/inicio\\\/2021\\\/03\\\/30\\\/mineduc-y-corfo-destinan-mas-de-1-845-millones-para-innovacion-y-transferencia-tecnologica-en-instituciones-de-educacion-superior-tecnico-profesional\\\/#respond\"]}]},{\"@type\":\"WebPage\",\"@id\":\"https:\\\/\\\/www.cftestataltarapaca.cl\\\/inicio\\\/2021\\\/03\\\/30\\\/mineduc-y-corfo-destinan-mas-de-1-845-millones-para-innovacion-y-transferencia-tecnologica-en-instituciones-de-educacion-superior-tecnico-profesional\\\/\",\"url\":\"https:\\\/\\\/www.cftestataltarapaca.cl\\\/inicio\\\/2021\\\/03\\\/30\\\/mineduc-y-corfo-destinan-mas-de-1-845-millones-para-innovacion-y-transferencia-tecnologica-en-instituciones-de-educacion-superior-tecnico-profesional\\\/\",\"name\":\"Mineduc y Corfo destinan m\u00e1s de $1.845 millones para innovaci\u00f3n y transferencia tecnol\u00f3gica en instituciones de Educaci\u00f3n Superior T\u00e9cnico Profesional - CFT Estatal Tarapac\u00e1\",\"isPartOf\":{\"@id\":\"https:\\\/\\\/www.cftestataltarapaca.cl\\\/inicio\\\/#website\"},\"primaryImageOfPage\":{\"@id\":\"https:\\\/\\\/www.cftestataltarapaca.cl\\\/inicio\\\/2021\\\/03\\\/30\\\/mineduc-y-corfo-destinan-mas-de-1-845-millones-para-innovacion-y-transferencia-tecnologica-en-instituciones-de-educacion-superior-tecnico-profesional\\\/#primaryimage\"},\"image\":{\"@id\":\"https:\\\/\\\/www.cftestataltarapaca.cl\\\/inicio\\\/2021\\\/03\\\/30\\\/mineduc-y-corfo-destinan-mas-de-1-845-millones-para-innovacion-y-transferencia-tecnologica-en-instituciones-de-educacion-superior-tecnico-profesional\\\/#primaryimage\"},\"thumbnailUrl\":\"https:\\\/\\\/www.cftestataltarapaca.cl\\\/inicio\\\/wp-content\\\/uploads\\\/2021\\\/03\\\/WhatsApp-Image-2021-03-30-at-15.53.59.jpeg\",\"datePublished\":\"2021-03-30T18:57:46+00:00\",\"breadcrumb\":{\"@id\":\"https:\\\/\\\/www.cftestataltarapaca.cl\\\/inicio\\\/2021\\\/03\\\/30\\\/mineduc-y-corfo-destinan-mas-de-1-845-millones-para-innovacion-y-transferencia-tecnologica-en-instituciones-de-educacion-superior-tecnico-profesional\\\/#breadcrumb\"},\"inLanguage\":\"es\",\"potentialAction\":[{\"@type\":\"ReadAction\",\"target\":[\"https:\\\/\\\/www.cftestataltarapaca.cl\\\/inicio\\\/2021\\\/03\\\/30\\\/mineduc-y-corfo-destinan-mas-de-1-845-millones-para-innovacion-y-transferencia-tecnologica-en-instituciones-de-educacion-superior-tecnico-profesional\\\/\"]}]},{\"@type\":\"ImageObject\",\"inLanguage\":\"es\",\"@id\":\"https:\\\/\\\/www.cftestataltarapaca.cl\\\/inicio\\\/2021\\\/03\\\/30\\\/mineduc-y-corfo-destinan-mas-de-1-845-millones-para-innovacion-y-transferencia-tecnologica-en-instituciones-de-educacion-superior-tecnico-profesional\\\/#primaryimage\",\"url\":\"https:\\\/\\\/www.cftestataltarapaca.cl\\\/inicio\\\/wp-content\\\/uploads\\\/2021\\\/03\\\/WhatsApp-Image-2021-03-30-at-15.53.59.jpeg\",\"contentUrl\":\"https:\\\/\\\/www.cftestataltarapaca.cl\\\/inicio\\\/wp-content\\\/uploads\\\/2021\\\/03\\\/WhatsApp-Image-2021-03-30-at-15.53.59.jpeg\",\"width\":1024,\"height\":598},{\"@type\":\"BreadcrumbList\",\"@id\":\"https:\\\/\\\/www.cftestataltarapaca.cl\\\/inicio\\\/2021\\\/03\\\/30\\\/mineduc-y-corfo-destinan-mas-de-1-845-millones-para-innovacion-y-transferencia-tecnologica-en-instituciones-de-educacion-superior-tecnico-profesional\\\/#breadcrumb\",\"itemListElement\":[{\"@type\":\"ListItem\",\"position\":1,\"name\":\"Portada\",\"item\":\"https:\\\/\\\/www.cftestataltarapaca.cl\\\/inicio\\\/\"},{\"@type\":\"ListItem\",\"position\":2,\"name\":\"Mineduc y Corfo destinan m\u00e1s de $1.845 millones para innovaci\u00f3n y transferencia tecnol\u00f3gica en instituciones de Educaci\u00f3n Superior T\u00e9cnico Profesional\"}]},{\"@type\":\"WebSite\",\"@id\":\"https:\\\/\\\/www.cftestataltarapaca.cl\\\/inicio\\\/#website\",\"url\":\"https:\\\/\\\/www.cftestataltarapaca.cl\\\/inicio\\\/\",\"name\":\"CFT Estatal Tarapac\u00e1\",\"description\":\"Admisi\u00f3n 2025\",\"publisher\":{\"@id\":\"https:\\\/\\\/www.cftestataltarapaca.cl\\\/inicio\\\/#organization\"},\"potentialAction\":[{\"@type\":\"SearchAction\",\"target\":{\"@type\":\"EntryPoint\",\"urlTemplate\":\"https:\\\/\\\/www.cftestataltarapaca.cl\\\/inicio\\\/?s={search_term_string}\"},\"query-input\":{\"@type\":\"PropertyValueSpecification\",\"valueRequired\":true,\"valueName\":\"search_term_string\"}}],\"inLanguage\":\"es\"},{\"@type\":\"Organization\",\"@id\":\"https:\\\/\\\/www.cftestataltarapaca.cl\\\/inicio\\\/#organization\",\"name\":\"CFT Estatal Tarapac\u00e1\",\"url\":\"https:\\\/\\\/www.cftestataltarapaca.cl\\\/inicio\\\/\",\"logo\":{\"@type\":\"ImageObject\",\"inLanguage\":\"es\",\"@id\":\"https:\\\/\\\/www.cftestataltarapaca.cl\\\/inicio\\\/#\\\/schema\\\/logo\\\/image\\\/\",\"url\":\"https:\\\/\\\/www.cftestataltarapaca.cl\\\/inicio\\\/wp-content\\\/uploads\\\/2019\\\/03\\\/logo-retina-1.png\",\"contentUrl\":\"https:\\\/\\\/www.cftestataltarapaca.cl\\\/inicio\\\/wp-content\\\/uploads\\\/2019\\\/03\\\/logo-retina-1.png\",\"width\":401,\"height\":150,\"caption\":\"CFT Estatal Tarapac\u00e1\"},\"image\":{\"@id\":\"https:\\\/\\\/www.cftestataltarapaca.cl\\\/inicio\\\/#\\\/schema\\\/logo\\\/image\\\/\"},\"sameAs\":[\"https:\\\/\\\/www.facebook.com\\\/CFTestataltarapaca\\\/\",\"https:\\\/\\\/x.com\\\/CFTesTarapaca\",\"https:\\\/\\\/www.instagram.com\\\/CFTestataltarapaca\\\/\"]},{\"@type\":\"Person\",\"@id\":\"https:\\\/\\\/www.cftestataltarapaca.cl\\\/inicio\\\/#\\\/schema\\\/person\\\/ad1fbfa1fa7c3d3889f4ae5401dd660e\",\"name\":\"Comunicaciones\",\"image\":{\"@type\":\"ImageObject\",\"inLanguage\":\"es\",\"@id\":\"https:\\\/\\\/secure.gravatar.com\\\/avatar\\\/ed1c2728327f20a5a62edaeb7dc181858f225b765044c5314c3d1059a1bd992f?s=96&d=mm&r=g\",\"url\":\"https:\\\/\\\/secure.gravatar.com\\\/avatar\\\/ed1c2728327f20a5a62edaeb7dc181858f225b765044c5314c3d1059a1bd992f?s=96&d=mm&r=g\",\"contentUrl\":\"https:\\\/\\\/secure.gravatar.com\\\/avatar\\\/ed1c2728327f20a5a62edaeb7dc181858f225b765044c5314c3d1059a1bd992f?s=96&d=mm&r=g\",\"caption\":\"Comunicaciones\"},\"sameAs\":[\"http:\\\/\\\/www.cftestataltarapaca.cl\"],\"url\":\"https:\\\/\\\/www.cftestataltarapaca.cl\\\/inicio\\\/author\\\/comunicaciones\\\/\"}]}<\/script>\n<!-- \/ Yoast SEO plugin. -->","yoast_head_json":{"title":"Mineduc y Corfo destinan m\u00e1s de $1.845 millones para innovaci\u00f3n y transferencia tecnol\u00f3gica en instituciones de Educaci\u00f3n Superior T\u00e9cnico Profesional - CFT Estatal Tarapac\u00e1","robots":{"index":"index","follow":"follow","max-snippet":"max-snippet:-1","max-image-preview":"max-image-preview:large","max-video-preview":"max-video-preview:-1"},"canonical":"https:\/\/www.cftestataltarapaca.cl\/inicio\/2021\/03\/30\/mineduc-y-corfo-destinan-mas-de-1-845-millones-para-innovacion-y-transferencia-tecnologica-en-instituciones-de-educacion-superior-tecnico-profesional\/","og_locale":"es_ES","og_type":"article","og_title":"Mineduc y Corfo destinan m\u00e1s de $1.845 millones para innovaci\u00f3n y transferencia tecnol\u00f3gica en instituciones de Educaci\u00f3n Superior T\u00e9cnico Profesional - CFT Estatal Tarapac\u00e1","og_description":"Martes 30 de marzo, 2021.- Hoy se llev\u00f3 a cabo un encuentro virtual para dar a conocer oficialmente las instituciones de Educaci\u00f3n Superior T\u00e9cnico Profesional que fueron adjudicadas con fondos...","og_url":"https:\/\/www.cftestataltarapaca.cl\/inicio\/2021\/03\/30\/mineduc-y-corfo-destinan-mas-de-1-845-millones-para-innovacion-y-transferencia-tecnologica-en-instituciones-de-educacion-superior-tecnico-profesional\/","og_site_name":"CFT Estatal Tarapac\u00e1","article_publisher":"https:\/\/www.facebook.com\/CFTestataltarapaca\/","article_published_time":"2021-03-30T18:57:46+00:00","og_image":[{"width":1024,"height":598,"url":"https:\/\/www.cftestataltarapaca.cl\/inicio\/wp-content\/uploads\/2021\/03\/WhatsApp-Image-2021-03-30-at-15.53.59.jpeg","type":"image\/jpeg"}],"author":"Comunicaciones","twitter_card":"summary_large_image","twitter_creator":"@CFTesTarapaca","twitter_site":"@CFTesTarapaca","twitter_misc":{"Escrito por":"Comunicaciones","Tiempo de lectura":"4 minutos"},"schema":{"@context":"https:\/\/schema.org","@graph":[{"@type":"Article","@id":"https:\/\/www.cftestataltarapaca.cl\/inicio\/2021\/03\/30\/mineduc-y-corfo-destinan-mas-de-1-845-millones-para-innovacion-y-transferencia-tecnologica-en-instituciones-de-educacion-superior-tecnico-profesional\/#article","isPartOf":{"@id":"https:\/\/www.cftestataltarapaca.cl\/inicio\/2021\/03\/30\/mineduc-y-corfo-destinan-mas-de-1-845-millones-para-innovacion-y-transferencia-tecnologica-en-instituciones-de-educacion-superior-tecnico-profesional\/"},"author":{"name":"Comunicaciones","@id":"https:\/\/www.cftestataltarapaca.cl\/inicio\/#\/schema\/person\/ad1fbfa1fa7c3d3889f4ae5401dd660e"},"headline":"Mineduc y Corfo destinan m\u00e1s de $1.845 millones para innovaci\u00f3n y transferencia tecnol\u00f3gica en instituciones de Educaci\u00f3n Superior T\u00e9cnico Profesional","datePublished":"2021-03-30T18:57:46+00:00","mainEntityOfPage":{"@id":"https:\/\/www.cftestataltarapaca.cl\/inicio\/2021\/03\/30\/mineduc-y-corfo-destinan-mas-de-1-845-millones-para-innovacion-y-transferencia-tecnologica-en-instituciones-de-educacion-superior-tecnico-profesional\/"},"wordCount":909,"commentCount":0,"publisher":{"@id":"https:\/\/www.cftestataltarapaca.cl\/inicio\/#organization"},"image":{"@id":"https:\/\/www.cftestataltarapaca.cl\/inicio\/2021\/03\/30\/mineduc-y-corfo-destinan-mas-de-1-845-millones-para-innovacion-y-transferencia-tecnologica-en-instituciones-de-educacion-superior-tecnico-profesional\/#primaryimage"},"thumbnailUrl":"https:\/\/www.cftestataltarapaca.cl\/inicio\/wp-content\/uploads\/2021\/03\/WhatsApp-Image-2021-03-30-at-15.53.59.jpeg","inLanguage":"es","potentialAction":[{"@type":"CommentAction","name":"Comment","target":["https:\/\/www.cftestataltarapaca.cl\/inicio\/2021\/03\/30\/mineduc-y-corfo-destinan-mas-de-1-845-millones-para-innovacion-y-transferencia-tecnologica-en-instituciones-de-educacion-superior-tecnico-profesional\/#respond"]}]},{"@type":"WebPage","@id":"https:\/\/www.cftestataltarapaca.cl\/inicio\/2021\/03\/30\/mineduc-y-corfo-destinan-mas-de-1-845-millones-para-innovacion-y-transferencia-tecnologica-en-instituciones-de-educacion-superior-tecnico-profesional\/","url":"https:\/\/www.cftestataltarapaca.cl\/inicio\/2021\/03\/30\/mineduc-y-corfo-destinan-mas-de-1-845-millones-para-innovacion-y-transferencia-tecnologica-en-instituciones-de-educacion-superior-tecnico-profesional\/","name":"Mineduc y Corfo destinan m\u00e1s de $1.845 millones para innovaci\u00f3n y transferencia tecnol\u00f3gica en instituciones de Educaci\u00f3n Superior T\u00e9cnico Profesional - CFT Estatal Tarapac\u00e1","isPartOf":{"@id":"https:\/\/www.cftestataltarapaca.cl\/inicio\/#website"},"primaryImageOfPage":{"@id":"https:\/\/www.cftestataltarapaca.cl\/inicio\/2021\/03\/30\/mineduc-y-corfo-destinan-mas-de-1-845-millones-para-innovacion-y-transferencia-tecnologica-en-instituciones-de-educacion-superior-tecnico-profesional\/#primaryimage"},"image":{"@id":"https:\/\/www.cftestataltarapaca.cl\/inicio\/2021\/03\/30\/mineduc-y-corfo-destinan-mas-de-1-845-millones-para-innovacion-y-transferencia-tecnologica-en-instituciones-de-educacion-superior-tecnico-profesional\/#primaryimage"},"thumbnailUrl":"https:\/\/www.cftestataltarapaca.cl\/inicio\/wp-content\/uploads\/2021\/03\/WhatsApp-Image-2021-03-30-at-15.53.59.jpeg","datePublished":"2021-03-30T18:57:46+00:00","breadcrumb":{"@id":"https:\/\/www.cftestataltarapaca.cl\/inicio\/2021\/03\/30\/mineduc-y-corfo-destinan-mas-de-1-845-millones-para-innovacion-y-transferencia-tecnologica-en-instituciones-de-educacion-superior-tecnico-profesional\/#breadcrumb"},"inLanguage":"es","potentialAction":[{"@type":"ReadAction","target":["https:\/\/www.cftestataltarapaca.cl\/inicio\/2021\/03\/30\/mineduc-y-corfo-destinan-mas-de-1-845-millones-para-innovacion-y-transferencia-tecnologica-en-instituciones-de-educacion-superior-tecnico-profesional\/"]}]},{"@type":"ImageObject","inLanguage":"es","@id":"https:\/\/www.cftestataltarapaca.cl\/inicio\/2021\/03\/30\/mineduc-y-corfo-destinan-mas-de-1-845-millones-para-innovacion-y-transferencia-tecnologica-en-instituciones-de-educacion-superior-tecnico-profesional\/#primaryimage","url":"https:\/\/www.cftestataltarapaca.cl\/inicio\/wp-content\/uploads\/2021\/03\/WhatsApp-Image-2021-03-30-at-15.53.59.jpeg","contentUrl":"https:\/\/www.cftestataltarapaca.cl\/inicio\/wp-content\/uploads\/2021\/03\/WhatsApp-Image-2021-03-30-at-15.53.59.jpeg","width":1024,"height":598},{"@type":"BreadcrumbList","@id":"https:\/\/www.cftestataltarapaca.cl\/inicio\/2021\/03\/30\/mineduc-y-corfo-destinan-mas-de-1-845-millones-para-innovacion-y-transferencia-tecnologica-en-instituciones-de-educacion-superior-tecnico-profesional\/#breadcrumb","itemListElement":[{"@type":"ListItem","position":1,"name":"Portada","item":"https:\/\/www.cftestataltarapaca.cl\/inicio\/"},{"@type":"ListItem","position":2,"name":"Mineduc y Corfo destinan m\u00e1s de $1.845 millones para innovaci\u00f3n y transferencia tecnol\u00f3gica en instituciones de Educaci\u00f3n Superior T\u00e9cnico Profesional"}]},{"@type":"WebSite","@id":"https:\/\/www.cftestataltarapaca.cl\/inicio\/#website","url":"https:\/\/www.cftestataltarapaca.cl\/inicio\/","name":"CFT Estatal Tarapac\u00e1","description":"Admisi\u00f3n 2025","publisher":{"@id":"https:\/\/www.cftestataltarapaca.cl\/inicio\/#organization"},"potentialAction":[{"@type":"SearchAction","target":{"@type":"EntryPoint","urlTemplate":"https:\/\/www.cftestataltarapaca.cl\/inicio\/?s={search_term_string}"},"query-input":{"@type":"PropertyValueSpecification","valueRequired":true,"valueName":"search_term_string"}}],"inLanguage":"es"},{"@type":"Organization","@id":"https:\/\/www.cftestataltarapaca.cl\/inicio\/#organization","name":"CFT Estatal Tarapac\u00e1","url":"https:\/\/www.cftestataltarapaca.cl\/inicio\/","logo":{"@type":"ImageObject","inLanguage":"es","@id":"https:\/\/www.cftestataltarapaca.cl\/inicio\/#\/schema\/logo\/image\/","url":"https:\/\/www.cftestataltarapaca.cl\/inicio\/wp-content\/uploads\/2019\/03\/logo-retina-1.png","contentUrl":"https:\/\/www.cftestataltarapaca.cl\/inicio\/wp-content\/uploads\/2019\/03\/logo-retina-1.png","width":401,"height":150,"caption":"CFT Estatal Tarapac\u00e1"},"image":{"@id":"https:\/\/www.cftestataltarapaca.cl\/inicio\/#\/schema\/logo\/image\/"},"sameAs":["https:\/\/www.facebook.com\/CFTestataltarapaca\/","https:\/\/x.com\/CFTesTarapaca","https:\/\/www.instagram.com\/CFTestataltarapaca\/"]},{"@type":"Person","@id":"https:\/\/www.cftestataltarapaca.cl\/inicio\/#\/schema\/person\/ad1fbfa1fa7c3d3889f4ae5401dd660e","name":"Comunicaciones","image":{"@type":"ImageObject","inLanguage":"es","@id":"https:\/\/secure.gravatar.com\/avatar\/ed1c2728327f20a5a62edaeb7dc181858f225b765044c5314c3d1059a1bd992f?s=96&d=mm&r=g","url":"https:\/\/secure.gravatar.com\/avatar\/ed1c2728327f20a5a62edaeb7dc181858f225b765044c5314c3d1059a1bd992f?s=96&d=mm&r=g","contentUrl":"https:\/\/secure.gravatar.com\/avatar\/ed1c2728327f20a5a62edaeb7dc181858f225b765044c5314c3d1059a1bd992f?s=96&d=mm&r=g","caption":"Comunicaciones"},"sameAs":["http:\/\/www.cftestataltarapaca.cl"],"url":"https:\/\/www.cftestataltarapaca.cl\/inicio\/author\/comunicaciones\/"}]}},"publishpress_future_action":{"enabled":false,"date":"2026-05-08 15:09:26","action":"change-status","newStatus":"draft","terms":[],"taxonomy":"category","extraData":[]},"publishpress_future_workflow_manual_trigger":{"enabledWorkflows":[]},"_links":{"self":[{"href":"https:\/\/www.cftestataltarapaca.cl\/inicio\/wp-json\/wp\/v2\/posts\/7274","targetHints":{"allow":["GET"]}}],"collection":[{"href":"https:\/\/www.cftestataltarapaca.cl\/inicio\/wp-json\/wp\/v2\/posts"}],"about":[{"href":"https:\/\/www.cftestataltarapaca.cl\/inicio\/wp-json\/wp\/v2\/types\/post"}],"author":[{"embeddable":true,"href":"https:\/\/www.cftestataltarapaca.cl\/inicio\/wp-json\/wp\/v2\/users\/2"}],"replies":[{"embeddable":true,"href":"https:\/\/www.cftestataltarapaca.cl\/inicio\/wp-json\/wp\/v2\/comments?post=7274"}],"version-history":[{"count":1,"href":"https:\/\/www.cftestataltarapaca.cl\/inicio\/wp-json\/wp\/v2\/posts\/7274\/revisions"}],"predecessor-version":[{"id":7279,"href":"https:\/\/www.cftestataltarapaca.cl\/inicio\/wp-json\/wp\/v2\/posts\/7274\/revisions\/7279"}],"wp:featuredmedia":[{"embeddable":true,"href":"https:\/\/www.cftestataltarapaca.cl\/inicio\/wp-json\/wp\/v2\/media\/7277"}],"wp:attachment":[{"href":"https:\/\/www.cftestataltarapaca.cl\/inicio\/wp-json\/wp\/v2\/media?parent=7274"}],"wp:term":[{"taxonomy":"category","embeddable":true,"href":"https:\/\/www.cftestataltarapaca.cl\/inicio\/wp-json\/wp\/v2\/categories?post=7274"},{"taxonomy":"post_tag","embeddable":true,"href":"https:\/\/www.cftestataltarapaca.cl\/inicio\/wp-json\/wp\/v2\/tags?post=7274"}],"curies":[{"name":"wp","href":"https:\/\/api.w.org\/{rel}","templated":true}]}}