{"id":7524,"date":"2021-04-29T13:02:30","date_gmt":"2021-04-29T13:02:30","guid":{"rendered":"https:\/\/www.cftestataltarapaca.cl\/inicio\/?p=7524"},"modified":"2021-04-29T13:02:30","modified_gmt":"2021-04-29T13:02:30","slug":"cosop-de-cft-estatal-tarapaca-fortalece-formacion-de-capital-humano-regional","status":"publish","type":"post","link":"https:\/\/www.cftestataltarapaca.cl\/inicio\/2021\/04\/29\/cosop-de-cft-estatal-tarapaca-fortalece-formacion-de-capital-humano-regional\/","title":{"rendered":"Cosop de CFT Estatal Tarapac\u00e1 fortalece formaci\u00f3n de capital humano regional"},"content":{"rendered":"<p style=\"text-align: justify\"><span style=\"font-weight: 400\">Informaci\u00f3n referente al proceso de postulaci\u00f3n para pr\u00e1cticas laborales fue el eje central de la primera sesi\u00f3n del Consejo Consultivo Socio-Productivo -Cosop-, del Centro de Formaci\u00f3n T\u00e9cnica Estatal de Tarapac\u00e1.<\/span><\/p>\n<p style=\"text-align: justify\"><span style=\"font-weight: 400\">La jornada presidida por el rector Jorge Villegas Ahumada, cont\u00f3 con la asistencia de representantes de los organismos que integran el Cosop, como son Jorge Reyes, de la C\u00e1mara de Industrias de Alto Hospicio; Joseph Herrera, de Zona Franca de Iquique S.A.; Orieta Burgos, de Junji; Marly Torres, de Teck QB2; Claudia Ot\u00e1rola de Komatsu Cummins y Juan Carlos Marcano de la Asociaci\u00f3n de Industriales de Iquique, quienes fueron acompa\u00f1ados por la Fiscal y el Director Acad\u00e9mico del CFT Estatal Tarapac\u00e1, Leticia Robles y Roberto Urdanivia, respectivamente, y los Jefes de Carrera de la instituci\u00f3n.<\/span><\/p>\n<p style=\"text-align: justify\"><span style=\"font-weight: 400\">Bajo el t\u00edtulo \u201cFormaci\u00f3n del Capital Humano y Talento Regional\u00bb, la jornada de trabajo permiti\u00f3 conocer la experiencia del proceso de pr\u00e1cticas que llevan a cabo tanto la Junji como Zofri S.A., las que adem\u00e1s orientaron respecto a los pasos que deben seguir las y los estudiantes, proporcionando tambi\u00e9n consejos respecto a c\u00f3mo enfrentar el proceso de postulaci\u00f3n para pr\u00e1cticas y de guiar a estudiantes.<\/span><\/p>\n<p style=\"text-align: justify\"><span style=\"font-weight: 400\">Y es que una de las tareas del Cosop del CFT Estatal Tarapac\u00e1 es colaborar con la transferencia de experiencias t\u00e9cnicas y de procedimientos, as\u00ed como tambi\u00e9n orientar sobre las necesidades de vinculaci\u00f3n al interior de los planes y programas educativos-formativos, asegurando la pertenencia de los perfiles de egreso.<\/span><\/p>\n<p style=\"text-align: justify\"><span style=\"font-weight: 400\">Las l\u00edneas estrat\u00e9gicas en los que basa su trabajo el COSOP son : a) Formaci\u00f3n del Talento Regional, b) Empleabilidad y desarrollo de competencias laborales, c) Proyectos, Capacitaci\u00f3n y Formaci\u00f3n Continua y d) Aseguramiento de la calidad.<\/span><\/p>\n<p style=\"text-align: justify\"><span style=\"font-weight: 400\">La instancia de participaci\u00f3n, que sesionar\u00e1 3 veces en el a\u00f1o,\u00a0 forma parte de las actividades de vinculaci\u00f3n bidireccional que realiza el CFT Estatal Tarapac\u00e1 con su entorno productivo, en el contexto de la relaci\u00f3n permanente con la comunidad.<\/span><\/p>\n<p style=\"text-align: justify\"><span style=\"font-weight: 400\">CONSEJOS\u00a0<\/span><\/p>\n<p style=\"text-align: justify\"><span style=\"font-weight: 400\">Orientar pero no sobreproteger y colaborar en proceso de postulaci\u00f3n pero fortaleciendo la independencia en el desarrollo del tr\u00e1mite, fueron algunos de los consejos que entreg\u00f3 Joseph Herrera, Jefe de Desarrollo Organizacional y Gesti\u00f3n de Cambio de Zofri. S.A., para\u00a0 estudiantes del CFT Estatal respecto a la solicitud de pr\u00e1cticas.<\/span><\/p>\n<p style=\"text-align: justify\"><span style=\"font-weight: 400\">La subdirectora regional de Junji, Orieta Burgos tambi\u00e9n describi\u00f3 el procedimiento de pr\u00e1cticas en los jardines infantiles dependiente de la instituci\u00f3n.<\/span><\/p>\n<p style=\"text-align: justify\"><span style=\"font-weight: 400\">El rector del CFT Estatal Tarapac\u00e1, Jorge Villegas, agradeci\u00f3 la colaboraci\u00f3n y participaci\u00f3n de las organizaciones integrantes del Cososp, destacando que a trav\u00e9s de ella se aporta en la formaci\u00f3n de las y los t\u00e9cnicos que la regi\u00f3n necesita.<\/span><\/p>\n","protected":false},"excerpt":{"rendered":"<p>Informaci\u00f3n referente al proceso de postulaci\u00f3n para pr\u00e1cticas laborales fue el eje central de la primera sesi\u00f3n del Consejo Consultivo Socio-Productivo -Cosop-, del Centro de Formaci\u00f3n T\u00e9cnica Estatal de Tarapac\u00e1&#8230;.<\/p>\n","protected":false},"author":2,"featured_media":7525,"comment_status":"open","ping_status":"open","sticky":false,"template":"","format":"standard","meta":{"_joinchat":[],"footnotes":""},"categories":[52,45],"tags":[75,86,82],"class_list":["post-7524","post","type-post","status-publish","format-standard","has-post-thumbnail","hentry","category-comunicados","category-vinculacion","tag-alto-hospicio","tag-cft-estatal-tarapaca","tag-vinculacion"],"yoast_head":"<!-- This site is optimized with the Yoast SEO plugin v27.4 - https:\/\/yoast.com\/product\/yoast-seo-wordpress\/ -->\n<title>Cosop de CFT Estatal Tarapac\u00e1 fortalece formaci\u00f3n de capital humano regional - CFT Estatal Tarapac\u00e1<\/title>\n<meta name=\"robots\" content=\"index, follow, max-snippet:-1, max-image-preview:large, max-video-preview:-1\" \/>\n<link rel=\"canonical\" href=\"https:\/\/www.cftestataltarapaca.cl\/inicio\/2021\/04\/29\/cosop-de-cft-estatal-tarapaca-fortalece-formacion-de-capital-humano-regional\/\" \/>\n<meta property=\"og:locale\" content=\"es_ES\" \/>\n<meta property=\"og:type\" content=\"article\" \/>\n<meta property=\"og:title\" content=\"Cosop de CFT Estatal Tarapac\u00e1 fortalece formaci\u00f3n de capital humano regional - CFT Estatal Tarapac\u00e1\" \/>\n<meta property=\"og:description\" content=\"Informaci\u00f3n referente al proceso de postulaci\u00f3n para pr\u00e1cticas laborales fue el eje central de la primera sesi\u00f3n del Consejo Consultivo Socio-Productivo -Cosop-, del Centro de Formaci\u00f3n T\u00e9cnica Estatal de Tarapac\u00e1....\" \/>\n<meta property=\"og:url\" content=\"https:\/\/www.cftestataltarapaca.cl\/inicio\/2021\/04\/29\/cosop-de-cft-estatal-tarapaca-fortalece-formacion-de-capital-humano-regional\/\" \/>\n<meta property=\"og:site_name\" content=\"CFT Estatal Tarapac\u00e1\" \/>\n<meta property=\"article:publisher\" content=\"https:\/\/www.facebook.com\/CFTestataltarapaca\/\" \/>\n<meta property=\"article:published_time\" content=\"2021-04-29T13:02:30+00:00\" \/>\n<meta property=\"og:image\" content=\"https:\/\/www.cftestataltarapaca.cl\/inicio\/wp-content\/uploads\/2021\/04\/cosop-abril-1.jpg\" \/>\n\t<meta property=\"og:image:width\" content=\"1440\" \/>\n\t<meta property=\"og:image:height\" content=\"900\" \/>\n\t<meta property=\"og:image:type\" content=\"image\/jpeg\" \/>\n<meta name=\"author\" content=\"Comunicaciones\" \/>\n<meta name=\"twitter:card\" content=\"summary_large_image\" \/>\n<meta name=\"twitter:creator\" content=\"@CFTesTarapaca\" \/>\n<meta name=\"twitter:site\" content=\"@CFTesTarapaca\" \/>\n<meta name=\"twitter:label1\" content=\"Escrito por\" \/>\n\t<meta name=\"twitter:data1\" content=\"Comunicaciones\" \/>\n\t<meta name=\"twitter:label2\" content=\"Tiempo de lectura\" \/>\n\t<meta name=\"twitter:data2\" content=\"2 minutos\" \/>\n<script type=\"application\/ld+json\" class=\"yoast-schema-graph\">{\"@context\":\"https:\\\/\\\/schema.org\",\"@graph\":[{\"@type\":\"Article\",\"@id\":\"https:\\\/\\\/www.cftestataltarapaca.cl\\\/inicio\\\/2021\\\/04\\\/29\\\/cosop-de-cft-estatal-tarapaca-fortalece-formacion-de-capital-humano-regional\\\/#article\",\"isPartOf\":{\"@id\":\"https:\\\/\\\/www.cftestataltarapaca.cl\\\/inicio\\\/2021\\\/04\\\/29\\\/cosop-de-cft-estatal-tarapaca-fortalece-formacion-de-capital-humano-regional\\\/\"},\"author\":{\"name\":\"Comunicaciones\",\"@id\":\"https:\\\/\\\/www.cftestataltarapaca.cl\\\/inicio\\\/#\\\/schema\\\/person\\\/ad1fbfa1fa7c3d3889f4ae5401dd660e\"},\"headline\":\"Cosop de CFT Estatal Tarapac\u00e1 fortalece formaci\u00f3n de capital humano regional\",\"datePublished\":\"2021-04-29T13:02:30+00:00\",\"mainEntityOfPage\":{\"@id\":\"https:\\\/\\\/www.cftestataltarapaca.cl\\\/inicio\\\/2021\\\/04\\\/29\\\/cosop-de-cft-estatal-tarapaca-fortalece-formacion-de-capital-humano-regional\\\/\"},\"wordCount\":484,\"commentCount\":0,\"publisher\":{\"@id\":\"https:\\\/\\\/www.cftestataltarapaca.cl\\\/inicio\\\/#organization\"},\"image\":{\"@id\":\"https:\\\/\\\/www.cftestataltarapaca.cl\\\/inicio\\\/2021\\\/04\\\/29\\\/cosop-de-cft-estatal-tarapaca-fortalece-formacion-de-capital-humano-regional\\\/#primaryimage\"},\"thumbnailUrl\":\"https:\\\/\\\/www.cftestataltarapaca.cl\\\/inicio\\\/wp-content\\\/uploads\\\/2021\\\/04\\\/cosop-abril-1.jpg\",\"keywords\":[\"Alto Hospicio\",\"CFT Estatal Tarapac\u00e1\",\"vinculaci\u00f3n\"],\"articleSection\":[\"Comunicados\",\"Vinculaci\u00f3n\"],\"inLanguage\":\"es\",\"potentialAction\":[{\"@type\":\"CommentAction\",\"name\":\"Comment\",\"target\":[\"https:\\\/\\\/www.cftestataltarapaca.cl\\\/inicio\\\/2021\\\/04\\\/29\\\/cosop-de-cft-estatal-tarapaca-fortalece-formacion-de-capital-humano-regional\\\/#respond\"]}]},{\"@type\":\"WebPage\",\"@id\":\"https:\\\/\\\/www.cftestataltarapaca.cl\\\/inicio\\\/2021\\\/04\\\/29\\\/cosop-de-cft-estatal-tarapaca-fortalece-formacion-de-capital-humano-regional\\\/\",\"url\":\"https:\\\/\\\/www.cftestataltarapaca.cl\\\/inicio\\\/2021\\\/04\\\/29\\\/cosop-de-cft-estatal-tarapaca-fortalece-formacion-de-capital-humano-regional\\\/\",\"name\":\"Cosop de CFT Estatal Tarapac\u00e1 fortalece formaci\u00f3n de capital humano regional - CFT Estatal Tarapac\u00e1\",\"isPartOf\":{\"@id\":\"https:\\\/\\\/www.cftestataltarapaca.cl\\\/inicio\\\/#website\"},\"primaryImageOfPage\":{\"@id\":\"https:\\\/\\\/www.cftestataltarapaca.cl\\\/inicio\\\/2021\\\/04\\\/29\\\/cosop-de-cft-estatal-tarapaca-fortalece-formacion-de-capital-humano-regional\\\/#primaryimage\"},\"image\":{\"@id\":\"https:\\\/\\\/www.cftestataltarapaca.cl\\\/inicio\\\/2021\\\/04\\\/29\\\/cosop-de-cft-estatal-tarapaca-fortalece-formacion-de-capital-humano-regional\\\/#primaryimage\"},\"thumbnailUrl\":\"https:\\\/\\\/www.cftestataltarapaca.cl\\\/inicio\\\/wp-content\\\/uploads\\\/2021\\\/04\\\/cosop-abril-1.jpg\",\"datePublished\":\"2021-04-29T13:02:30+00:00\",\"breadcrumb\":{\"@id\":\"https:\\\/\\\/www.cftestataltarapaca.cl\\\/inicio\\\/2021\\\/04\\\/29\\\/cosop-de-cft-estatal-tarapaca-fortalece-formacion-de-capital-humano-regional\\\/#breadcrumb\"},\"inLanguage\":\"es\",\"potentialAction\":[{\"@type\":\"ReadAction\",\"target\":[\"https:\\\/\\\/www.cftestataltarapaca.cl\\\/inicio\\\/2021\\\/04\\\/29\\\/cosop-de-cft-estatal-tarapaca-fortalece-formacion-de-capital-humano-regional\\\/\"]}]},{\"@type\":\"ImageObject\",\"inLanguage\":\"es\",\"@id\":\"https:\\\/\\\/www.cftestataltarapaca.cl\\\/inicio\\\/2021\\\/04\\\/29\\\/cosop-de-cft-estatal-tarapaca-fortalece-formacion-de-capital-humano-regional\\\/#primaryimage\",\"url\":\"https:\\\/\\\/www.cftestataltarapaca.cl\\\/inicio\\\/wp-content\\\/uploads\\\/2021\\\/04\\\/cosop-abril-1.jpg\",\"contentUrl\":\"https:\\\/\\\/www.cftestataltarapaca.cl\\\/inicio\\\/wp-content\\\/uploads\\\/2021\\\/04\\\/cosop-abril-1.jpg\",\"width\":1440,\"height\":900},{\"@type\":\"BreadcrumbList\",\"@id\":\"https:\\\/\\\/www.cftestataltarapaca.cl\\\/inicio\\\/2021\\\/04\\\/29\\\/cosop-de-cft-estatal-tarapaca-fortalece-formacion-de-capital-humano-regional\\\/#breadcrumb\",\"itemListElement\":[{\"@type\":\"ListItem\",\"position\":1,\"name\":\"Portada\",\"item\":\"https:\\\/\\\/www.cftestataltarapaca.cl\\\/inicio\\\/\"},{\"@type\":\"ListItem\",\"position\":2,\"name\":\"Cosop de CFT Estatal Tarapac\u00e1 fortalece formaci\u00f3n de capital humano regional\"}]},{\"@type\":\"WebSite\",\"@id\":\"https:\\\/\\\/www.cftestataltarapaca.cl\\\/inicio\\\/#website\",\"url\":\"https:\\\/\\\/www.cftestataltarapaca.cl\\\/inicio\\\/\",\"name\":\"CFT Estatal Tarapac\u00e1\",\"description\":\"Admisi\u00f3n 2025\",\"publisher\":{\"@id\":\"https:\\\/\\\/www.cftestataltarapaca.cl\\\/inicio\\\/#organization\"},\"potentialAction\":[{\"@type\":\"SearchAction\",\"target\":{\"@type\":\"EntryPoint\",\"urlTemplate\":\"https:\\\/\\\/www.cftestataltarapaca.cl\\\/inicio\\\/?s={search_term_string}\"},\"query-input\":{\"@type\":\"PropertyValueSpecification\",\"valueRequired\":true,\"valueName\":\"search_term_string\"}}],\"inLanguage\":\"es\"},{\"@type\":\"Organization\",\"@id\":\"https:\\\/\\\/www.cftestataltarapaca.cl\\\/inicio\\\/#organization\",\"name\":\"CFT Estatal Tarapac\u00e1\",\"url\":\"https:\\\/\\\/www.cftestataltarapaca.cl\\\/inicio\\\/\",\"logo\":{\"@type\":\"ImageObject\",\"inLanguage\":\"es\",\"@id\":\"https:\\\/\\\/www.cftestataltarapaca.cl\\\/inicio\\\/#\\\/schema\\\/logo\\\/image\\\/\",\"url\":\"https:\\\/\\\/www.cftestataltarapaca.cl\\\/inicio\\\/wp-content\\\/uploads\\\/2019\\\/03\\\/logo-retina-1.png\",\"contentUrl\":\"https:\\\/\\\/www.cftestataltarapaca.cl\\\/inicio\\\/wp-content\\\/uploads\\\/2019\\\/03\\\/logo-retina-1.png\",\"width\":401,\"height\":150,\"caption\":\"CFT Estatal Tarapac\u00e1\"},\"image\":{\"@id\":\"https:\\\/\\\/www.cftestataltarapaca.cl\\\/inicio\\\/#\\\/schema\\\/logo\\\/image\\\/\"},\"sameAs\":[\"https:\\\/\\\/www.facebook.com\\\/CFTestataltarapaca\\\/\",\"https:\\\/\\\/x.com\\\/CFTesTarapaca\",\"https:\\\/\\\/www.instagram.com\\\/CFTestataltarapaca\\\/\"]},{\"@type\":\"Person\",\"@id\":\"https:\\\/\\\/www.cftestataltarapaca.cl\\\/inicio\\\/#\\\/schema\\\/person\\\/ad1fbfa1fa7c3d3889f4ae5401dd660e\",\"name\":\"Comunicaciones\",\"image\":{\"@type\":\"ImageObject\",\"inLanguage\":\"es\",\"@id\":\"https:\\\/\\\/secure.gravatar.com\\\/avatar\\\/ed1c2728327f20a5a62edaeb7dc181858f225b765044c5314c3d1059a1bd992f?s=96&d=mm&r=g\",\"url\":\"https:\\\/\\\/secure.gravatar.com\\\/avatar\\\/ed1c2728327f20a5a62edaeb7dc181858f225b765044c5314c3d1059a1bd992f?s=96&d=mm&r=g\",\"contentUrl\":\"https:\\\/\\\/secure.gravatar.com\\\/avatar\\\/ed1c2728327f20a5a62edaeb7dc181858f225b765044c5314c3d1059a1bd992f?s=96&d=mm&r=g\",\"caption\":\"Comunicaciones\"},\"sameAs\":[\"http:\\\/\\\/www.cftestataltarapaca.cl\"],\"url\":\"https:\\\/\\\/www.cftestataltarapaca.cl\\\/inicio\\\/author\\\/comunicaciones\\\/\"}]}<\/script>\n<!-- \/ Yoast SEO plugin. -->","yoast_head_json":{"title":"Cosop de CFT Estatal Tarapac\u00e1 fortalece formaci\u00f3n de capital humano regional - CFT Estatal Tarapac\u00e1","robots":{"index":"index","follow":"follow","max-snippet":"max-snippet:-1","max-image-preview":"max-image-preview:large","max-video-preview":"max-video-preview:-1"},"canonical":"https:\/\/www.cftestataltarapaca.cl\/inicio\/2021\/04\/29\/cosop-de-cft-estatal-tarapaca-fortalece-formacion-de-capital-humano-regional\/","og_locale":"es_ES","og_type":"article","og_title":"Cosop de CFT Estatal Tarapac\u00e1 fortalece formaci\u00f3n de capital humano regional - CFT Estatal Tarapac\u00e1","og_description":"Informaci\u00f3n referente al proceso de postulaci\u00f3n para pr\u00e1cticas laborales fue el eje central de la primera sesi\u00f3n del Consejo Consultivo Socio-Productivo -Cosop-, del Centro de Formaci\u00f3n T\u00e9cnica Estatal de Tarapac\u00e1....","og_url":"https:\/\/www.cftestataltarapaca.cl\/inicio\/2021\/04\/29\/cosop-de-cft-estatal-tarapaca-fortalece-formacion-de-capital-humano-regional\/","og_site_name":"CFT Estatal Tarapac\u00e1","article_publisher":"https:\/\/www.facebook.com\/CFTestataltarapaca\/","article_published_time":"2021-04-29T13:02:30+00:00","og_image":[{"width":1440,"height":900,"url":"https:\/\/www.cftestataltarapaca.cl\/inicio\/wp-content\/uploads\/2021\/04\/cosop-abril-1.jpg","type":"image\/jpeg"}],"author":"Comunicaciones","twitter_card":"summary_large_image","twitter_creator":"@CFTesTarapaca","twitter_site":"@CFTesTarapaca","twitter_misc":{"Escrito por":"Comunicaciones","Tiempo de lectura":"2 minutos"},"schema":{"@context":"https:\/\/schema.org","@graph":[{"@type":"Article","@id":"https:\/\/www.cftestataltarapaca.cl\/inicio\/2021\/04\/29\/cosop-de-cft-estatal-tarapaca-fortalece-formacion-de-capital-humano-regional\/#article","isPartOf":{"@id":"https:\/\/www.cftestataltarapaca.cl\/inicio\/2021\/04\/29\/cosop-de-cft-estatal-tarapaca-fortalece-formacion-de-capital-humano-regional\/"},"author":{"name":"Comunicaciones","@id":"https:\/\/www.cftestataltarapaca.cl\/inicio\/#\/schema\/person\/ad1fbfa1fa7c3d3889f4ae5401dd660e"},"headline":"Cosop de CFT Estatal Tarapac\u00e1 fortalece formaci\u00f3n de capital humano regional","datePublished":"2021-04-29T13:02:30+00:00","mainEntityOfPage":{"@id":"https:\/\/www.cftestataltarapaca.cl\/inicio\/2021\/04\/29\/cosop-de-cft-estatal-tarapaca-fortalece-formacion-de-capital-humano-regional\/"},"wordCount":484,"commentCount":0,"publisher":{"@id":"https:\/\/www.cftestataltarapaca.cl\/inicio\/#organization"},"image":{"@id":"https:\/\/www.cftestataltarapaca.cl\/inicio\/2021\/04\/29\/cosop-de-cft-estatal-tarapaca-fortalece-formacion-de-capital-humano-regional\/#primaryimage"},"thumbnailUrl":"https:\/\/www.cftestataltarapaca.cl\/inicio\/wp-content\/uploads\/2021\/04\/cosop-abril-1.jpg","keywords":["Alto Hospicio","CFT Estatal Tarapac\u00e1","vinculaci\u00f3n"],"articleSection":["Comunicados","Vinculaci\u00f3n"],"inLanguage":"es","potentialAction":[{"@type":"CommentAction","name":"Comment","target":["https:\/\/www.cftestataltarapaca.cl\/inicio\/2021\/04\/29\/cosop-de-cft-estatal-tarapaca-fortalece-formacion-de-capital-humano-regional\/#respond"]}]},{"@type":"WebPage","@id":"https:\/\/www.cftestataltarapaca.cl\/inicio\/2021\/04\/29\/cosop-de-cft-estatal-tarapaca-fortalece-formacion-de-capital-humano-regional\/","url":"https:\/\/www.cftestataltarapaca.cl\/inicio\/2021\/04\/29\/cosop-de-cft-estatal-tarapaca-fortalece-formacion-de-capital-humano-regional\/","name":"Cosop de CFT Estatal Tarapac\u00e1 fortalece formaci\u00f3n de capital humano regional - CFT Estatal Tarapac\u00e1","isPartOf":{"@id":"https:\/\/www.cftestataltarapaca.cl\/inicio\/#website"},"primaryImageOfPage":{"@id":"https:\/\/www.cftestataltarapaca.cl\/inicio\/2021\/04\/29\/cosop-de-cft-estatal-tarapaca-fortalece-formacion-de-capital-humano-regional\/#primaryimage"},"image":{"@id":"https:\/\/www.cftestataltarapaca.cl\/inicio\/2021\/04\/29\/cosop-de-cft-estatal-tarapaca-fortalece-formacion-de-capital-humano-regional\/#primaryimage"},"thumbnailUrl":"https:\/\/www.cftestataltarapaca.cl\/inicio\/wp-content\/uploads\/2021\/04\/cosop-abril-1.jpg","datePublished":"2021-04-29T13:02:30+00:00","breadcrumb":{"@id":"https:\/\/www.cftestataltarapaca.cl\/inicio\/2021\/04\/29\/cosop-de-cft-estatal-tarapaca-fortalece-formacion-de-capital-humano-regional\/#breadcrumb"},"inLanguage":"es","potentialAction":[{"@type":"ReadAction","target":["https:\/\/www.cftestataltarapaca.cl\/inicio\/2021\/04\/29\/cosop-de-cft-estatal-tarapaca-fortalece-formacion-de-capital-humano-regional\/"]}]},{"@type":"ImageObject","inLanguage":"es","@id":"https:\/\/www.cftestataltarapaca.cl\/inicio\/2021\/04\/29\/cosop-de-cft-estatal-tarapaca-fortalece-formacion-de-capital-humano-regional\/#primaryimage","url":"https:\/\/www.cftestataltarapaca.cl\/inicio\/wp-content\/uploads\/2021\/04\/cosop-abril-1.jpg","contentUrl":"https:\/\/www.cftestataltarapaca.cl\/inicio\/wp-content\/uploads\/2021\/04\/cosop-abril-1.jpg","width":1440,"height":900},{"@type":"BreadcrumbList","@id":"https:\/\/www.cftestataltarapaca.cl\/inicio\/2021\/04\/29\/cosop-de-cft-estatal-tarapaca-fortalece-formacion-de-capital-humano-regional\/#breadcrumb","itemListElement":[{"@type":"ListItem","position":1,"name":"Portada","item":"https:\/\/www.cftestataltarapaca.cl\/inicio\/"},{"@type":"ListItem","position":2,"name":"Cosop de CFT Estatal Tarapac\u00e1 fortalece formaci\u00f3n de capital humano regional"}]},{"@type":"WebSite","@id":"https:\/\/www.cftestataltarapaca.cl\/inicio\/#website","url":"https:\/\/www.cftestataltarapaca.cl\/inicio\/","name":"CFT Estatal Tarapac\u00e1","description":"Admisi\u00f3n 2025","publisher":{"@id":"https:\/\/www.cftestataltarapaca.cl\/inicio\/#organization"},"potentialAction":[{"@type":"SearchAction","target":{"@type":"EntryPoint","urlTemplate":"https:\/\/www.cftestataltarapaca.cl\/inicio\/?s={search_term_string}"},"query-input":{"@type":"PropertyValueSpecification","valueRequired":true,"valueName":"search_term_string"}}],"inLanguage":"es"},{"@type":"Organization","@id":"https:\/\/www.cftestataltarapaca.cl\/inicio\/#organization","name":"CFT Estatal Tarapac\u00e1","url":"https:\/\/www.cftestataltarapaca.cl\/inicio\/","logo":{"@type":"ImageObject","inLanguage":"es","@id":"https:\/\/www.cftestataltarapaca.cl\/inicio\/#\/schema\/logo\/image\/","url":"https:\/\/www.cftestataltarapaca.cl\/inicio\/wp-content\/uploads\/2019\/03\/logo-retina-1.png","contentUrl":"https:\/\/www.cftestataltarapaca.cl\/inicio\/wp-content\/uploads\/2019\/03\/logo-retina-1.png","width":401,"height":150,"caption":"CFT Estatal Tarapac\u00e1"},"image":{"@id":"https:\/\/www.cftestataltarapaca.cl\/inicio\/#\/schema\/logo\/image\/"},"sameAs":["https:\/\/www.facebook.com\/CFTestataltarapaca\/","https:\/\/x.com\/CFTesTarapaca","https:\/\/www.instagram.com\/CFTestataltarapaca\/"]},{"@type":"Person","@id":"https:\/\/www.cftestataltarapaca.cl\/inicio\/#\/schema\/person\/ad1fbfa1fa7c3d3889f4ae5401dd660e","name":"Comunicaciones","image":{"@type":"ImageObject","inLanguage":"es","@id":"https:\/\/secure.gravatar.com\/avatar\/ed1c2728327f20a5a62edaeb7dc181858f225b765044c5314c3d1059a1bd992f?s=96&d=mm&r=g","url":"https:\/\/secure.gravatar.com\/avatar\/ed1c2728327f20a5a62edaeb7dc181858f225b765044c5314c3d1059a1bd992f?s=96&d=mm&r=g","contentUrl":"https:\/\/secure.gravatar.com\/avatar\/ed1c2728327f20a5a62edaeb7dc181858f225b765044c5314c3d1059a1bd992f?s=96&d=mm&r=g","caption":"Comunicaciones"},"sameAs":["http:\/\/www.cftestataltarapaca.cl"],"url":"https:\/\/www.cftestataltarapaca.cl\/inicio\/author\/comunicaciones\/"}]}},"publishpress_future_action":{"enabled":false,"date":"2026-05-08 13:58:55","action":"change-status","newStatus":"draft","terms":[],"taxonomy":"category","extraData":[]},"publishpress_future_workflow_manual_trigger":{"enabledWorkflows":[]},"_links":{"self":[{"href":"https:\/\/www.cftestataltarapaca.cl\/inicio\/wp-json\/wp\/v2\/posts\/7524","targetHints":{"allow":["GET"]}}],"collection":[{"href":"https:\/\/www.cftestataltarapaca.cl\/inicio\/wp-json\/wp\/v2\/posts"}],"about":[{"href":"https:\/\/www.cftestataltarapaca.cl\/inicio\/wp-json\/wp\/v2\/types\/post"}],"author":[{"embeddable":true,"href":"https:\/\/www.cftestataltarapaca.cl\/inicio\/wp-json\/wp\/v2\/users\/2"}],"replies":[{"embeddable":true,"href":"https:\/\/www.cftestataltarapaca.cl\/inicio\/wp-json\/wp\/v2\/comments?post=7524"}],"version-history":[{"count":1,"href":"https:\/\/www.cftestataltarapaca.cl\/inicio\/wp-json\/wp\/v2\/posts\/7524\/revisions"}],"predecessor-version":[{"id":7526,"href":"https:\/\/www.cftestataltarapaca.cl\/inicio\/wp-json\/wp\/v2\/posts\/7524\/revisions\/7526"}],"wp:featuredmedia":[{"embeddable":true,"href":"https:\/\/www.cftestataltarapaca.cl\/inicio\/wp-json\/wp\/v2\/media\/7525"}],"wp:attachment":[{"href":"https:\/\/www.cftestataltarapaca.cl\/inicio\/wp-json\/wp\/v2\/media?parent=7524"}],"wp:term":[{"taxonomy":"category","embeddable":true,"href":"https:\/\/www.cftestataltarapaca.cl\/inicio\/wp-json\/wp\/v2\/categories?post=7524"},{"taxonomy":"post_tag","embeddable":true,"href":"https:\/\/www.cftestataltarapaca.cl\/inicio\/wp-json\/wp\/v2\/tags?post=7524"}],"curies":[{"name":"wp","href":"https:\/\/api.w.org\/{rel}","templated":true}]}}