{"id":7715,"date":"2021-05-12T21:05:48","date_gmt":"2021-05-12T21:05:48","guid":{"rendered":"https:\/\/www.cftestataltarapaca.cl\/inicio\/?p=7715"},"modified":"2021-05-12T21:17:56","modified_gmt":"2021-05-12T21:17:56","slug":"cft-estatal-tarapaca-celebro-dia-de-la-enfermeria-con-webinar-sobre-covid-19","status":"publish","type":"post","link":"https:\/\/www.cftestataltarapaca.cl\/inicio\/2021\/05\/12\/cft-estatal-tarapaca-celebro-dia-de-la-enfermeria-con-webinar-sobre-covid-19\/","title":{"rendered":"CFT Estatal Tarapac\u00e1 celebr\u00f3 D\u00eda de la Enfermer\u00eda con webinar sobre Covid-19"},"content":{"rendered":"<p style=\"text-align: justify\">En el D\u00eda internacional de la Enfermer\u00eda, el Centro de Formaci\u00f3n T\u00e9cnica Estatal de Tarapac\u00e1 realiz\u00f3 webinar sobre \u201cSituaci\u00f3n del Covid-19 en espacios familiares y laborales\u201d.<\/p>\n<p style=\"text-align: justify\">La actividad coordinada de manera conjunta entre la carrera T\u00e9cnico Nivel Superior en Enfermer\u00eda y el \u00e1rea de seguridad, cont\u00f3 con la exposici\u00f3n de dos profesionales vinculados al \u00e1rea, teniendo como objetivo principal el informar respecto a la realidad Covid-19 en la regi\u00f3n as\u00ed como tambi\u00e9n orientar sobre medidas de cuidado.<\/p>\n<p style=\"text-align: justify\">La jornada, enmarcada adem\u00e1s en el d\u00eda de la Seguridad en el Trabajo conmemorado el pasado 28 de abril, fue realizada de manera online y comenz\u00f3 con el saludo del rector Jorge Villegas Ahumada, quien destac\u00f3 que uno de los sellos de la instituci\u00f3n es la seguridad, raz\u00f3n por la cual es una materia transversal para todas las carreras y est\u00e1 siempre presente en todas las acciones de la instituci\u00f3n. De igual forma la autoridad acad\u00e9mica destac\u00f3 la importancia de enfermeros (as) y de t\u00e9cnicos en enfermer\u00eda, en la prevenci\u00f3n del Covid-19 y cuidado de las personas.<\/p>\n<p style=\"text-align: justify\">EXPOSICIONES<\/p>\n<p style=\"text-align: justify\">La primera intervenci\u00f3n fue la de John Salazar, enfermero, con experiencia en atenci\u00f3n de pacientes cr\u00edticos producto del virus COVID-19, quien particip\u00f3 en diversas operaciones de aerotraslado de pacientes. El profesional se refiri\u00f3 a explicar qu\u00e9 es el COVID-19, los s\u00edntomas, los cambios que gener\u00f3 en el mundo, as\u00ed como los mitos y verdades de la enfermedad y la importancia de las vacunas que hoy se proporcionan en el pa\u00eds.<\/p>\n<p style=\"text-align: justify\">Salazar fue enf\u00e1tico en recalcar que siempre es necesario mantener las acciones sanitarias que todos conocemos como lavar las manos, usar mascarillas, mantener distancia f\u00edsica y los espacios ventilados. \u201cNecesitamos resguardarnos no solo a nosotros sino tambi\u00e9n al resto de quienes nos acompa\u00f1an\u201d.<\/p>\n<p style=\"text-align: justify\">El webinar concluy\u00f3 con la exposici\u00f3n de Jorge Adaro, Ingeniero en Prevenci\u00f3n de Riesgos de Aramark Divisi\u00f3n Ministro Hales, quien se refiri\u00f3 a los cambios en los protocolos de prevenci\u00f3n que las empresas han debido incorporar para as\u00ed resguardar la salud de sus trabajadores. \u201cEste virus lleg\u00f3 para quedarse\u201d dijo el experto al explicar las modificaciones que ha debido hacer la industria tanto en protocolos, controles, capacitaciones, barreras sanitarias y aseos de los espacios, todo ello \u201cpara evitar un brote en la poblaci\u00f3n de la empresa\u201d.<\/p>\n<p style=\"text-align: justify\">El webinar es posible de ver en Facebook de CFT Estatal Tarapac\u00e1.<\/p>\n<p>&nbsp;<\/p>\n","protected":false},"excerpt":{"rendered":"<p>En el D\u00eda internacional de la Enfermer\u00eda, el Centro de Formaci\u00f3n T\u00e9cnica Estatal de Tarapac\u00e1 realiz\u00f3 webinar sobre \u201cSituaci\u00f3n del Covid-19 en espacios familiares y laborales\u201d. La actividad coordinada de&#8230;<\/p>\n","protected":false},"author":2,"featured_media":7721,"comment_status":"open","ping_status":"open","sticky":false,"template":"","format":"standard","meta":{"_joinchat":[],"footnotes":""},"categories":[49,52,45],"tags":[],"class_list":["post-7715","post","type-post","status-publish","format-standard","has-post-thumbnail","hentry","category-academico","category-comunicados","category-vinculacion"],"yoast_head":"<!-- This site is optimized with the Yoast SEO plugin v27.4 - https:\/\/yoast.com\/product\/yoast-seo-wordpress\/ -->\n<title>CFT Estatal Tarapac\u00e1 celebr\u00f3 D\u00eda de la Enfermer\u00eda con webinar sobre Covid-19 - CFT Estatal Tarapac\u00e1<\/title>\n<meta name=\"robots\" content=\"index, follow, max-snippet:-1, max-image-preview:large, max-video-preview:-1\" \/>\n<link rel=\"canonical\" href=\"https:\/\/www.cftestataltarapaca.cl\/inicio\/2021\/05\/12\/cft-estatal-tarapaca-celebro-dia-de-la-enfermeria-con-webinar-sobre-covid-19\/\" \/>\n<meta property=\"og:locale\" content=\"es_ES\" \/>\n<meta property=\"og:type\" content=\"article\" \/>\n<meta property=\"og:title\" content=\"CFT Estatal Tarapac\u00e1 celebr\u00f3 D\u00eda de la Enfermer\u00eda con webinar sobre Covid-19 - CFT Estatal Tarapac\u00e1\" \/>\n<meta property=\"og:description\" content=\"En el D\u00eda internacional de la Enfermer\u00eda, el Centro de Formaci\u00f3n T\u00e9cnica Estatal de Tarapac\u00e1 realiz\u00f3 webinar sobre \u201cSituaci\u00f3n del Covid-19 en espacios familiares y laborales\u201d. La actividad coordinada de...\" \/>\n<meta property=\"og:url\" content=\"https:\/\/www.cftestataltarapaca.cl\/inicio\/2021\/05\/12\/cft-estatal-tarapaca-celebro-dia-de-la-enfermeria-con-webinar-sobre-covid-19\/\" \/>\n<meta property=\"og:site_name\" content=\"CFT Estatal Tarapac\u00e1\" \/>\n<meta property=\"article:publisher\" content=\"https:\/\/www.facebook.com\/CFTestataltarapaca\/\" \/>\n<meta property=\"article:published_time\" content=\"2021-05-12T21:05:48+00:00\" \/>\n<meta property=\"article:modified_time\" content=\"2021-05-12T21:17:56+00:00\" \/>\n<meta property=\"og:image\" content=\"https:\/\/www.cftestataltarapaca.cl\/inicio\/wp-content\/uploads\/2021\/05\/webinar-enfermeri\u0301a.jpg\" \/>\n\t<meta property=\"og:image:width\" content=\"1439\" \/>\n\t<meta property=\"og:image:height\" content=\"787\" \/>\n\t<meta property=\"og:image:type\" content=\"image\/jpeg\" \/>\n<meta name=\"author\" content=\"Comunicaciones\" \/>\n<meta name=\"twitter:card\" content=\"summary_large_image\" \/>\n<meta name=\"twitter:creator\" content=\"@CFTesTarapaca\" \/>\n<meta name=\"twitter:site\" content=\"@CFTesTarapaca\" \/>\n<meta name=\"twitter:label1\" content=\"Escrito por\" \/>\n\t<meta name=\"twitter:data1\" content=\"Comunicaciones\" \/>\n\t<meta name=\"twitter:label2\" content=\"Tiempo de lectura\" \/>\n\t<meta name=\"twitter:data2\" content=\"2 minutos\" \/>\n<script type=\"application\/ld+json\" class=\"yoast-schema-graph\">{\"@context\":\"https:\\\/\\\/schema.org\",\"@graph\":[{\"@type\":\"Article\",\"@id\":\"https:\\\/\\\/www.cftestataltarapaca.cl\\\/inicio\\\/2021\\\/05\\\/12\\\/cft-estatal-tarapaca-celebro-dia-de-la-enfermeria-con-webinar-sobre-covid-19\\\/#article\",\"isPartOf\":{\"@id\":\"https:\\\/\\\/www.cftestataltarapaca.cl\\\/inicio\\\/2021\\\/05\\\/12\\\/cft-estatal-tarapaca-celebro-dia-de-la-enfermeria-con-webinar-sobre-covid-19\\\/\"},\"author\":{\"name\":\"Comunicaciones\",\"@id\":\"https:\\\/\\\/www.cftestataltarapaca.cl\\\/inicio\\\/#\\\/schema\\\/person\\\/ad1fbfa1fa7c3d3889f4ae5401dd660e\"},\"headline\":\"CFT Estatal Tarapac\u00e1 celebr\u00f3 D\u00eda de la Enfermer\u00eda con webinar sobre Covid-19\",\"datePublished\":\"2021-05-12T21:05:48+00:00\",\"dateModified\":\"2021-05-12T21:17:56+00:00\",\"mainEntityOfPage\":{\"@id\":\"https:\\\/\\\/www.cftestataltarapaca.cl\\\/inicio\\\/2021\\\/05\\\/12\\\/cft-estatal-tarapaca-celebro-dia-de-la-enfermeria-con-webinar-sobre-covid-19\\\/\"},\"wordCount\":433,\"commentCount\":0,\"publisher\":{\"@id\":\"https:\\\/\\\/www.cftestataltarapaca.cl\\\/inicio\\\/#organization\"},\"image\":{\"@id\":\"https:\\\/\\\/www.cftestataltarapaca.cl\\\/inicio\\\/2021\\\/05\\\/12\\\/cft-estatal-tarapaca-celebro-dia-de-la-enfermeria-con-webinar-sobre-covid-19\\\/#primaryimage\"},\"thumbnailUrl\":\"https:\\\/\\\/www.cftestataltarapaca.cl\\\/inicio\\\/wp-content\\\/uploads\\\/2021\\\/05\\\/webinar-enfermeri\u0301a.jpg\",\"articleSection\":[\"Acad\u00e9mico\",\"Comunicados\",\"Vinculaci\u00f3n\"],\"inLanguage\":\"es\",\"potentialAction\":[{\"@type\":\"CommentAction\",\"name\":\"Comment\",\"target\":[\"https:\\\/\\\/www.cftestataltarapaca.cl\\\/inicio\\\/2021\\\/05\\\/12\\\/cft-estatal-tarapaca-celebro-dia-de-la-enfermeria-con-webinar-sobre-covid-19\\\/#respond\"]}]},{\"@type\":\"WebPage\",\"@id\":\"https:\\\/\\\/www.cftestataltarapaca.cl\\\/inicio\\\/2021\\\/05\\\/12\\\/cft-estatal-tarapaca-celebro-dia-de-la-enfermeria-con-webinar-sobre-covid-19\\\/\",\"url\":\"https:\\\/\\\/www.cftestataltarapaca.cl\\\/inicio\\\/2021\\\/05\\\/12\\\/cft-estatal-tarapaca-celebro-dia-de-la-enfermeria-con-webinar-sobre-covid-19\\\/\",\"name\":\"CFT Estatal Tarapac\u00e1 celebr\u00f3 D\u00eda de la Enfermer\u00eda con webinar sobre Covid-19 - CFT Estatal Tarapac\u00e1\",\"isPartOf\":{\"@id\":\"https:\\\/\\\/www.cftestataltarapaca.cl\\\/inicio\\\/#website\"},\"primaryImageOfPage\":{\"@id\":\"https:\\\/\\\/www.cftestataltarapaca.cl\\\/inicio\\\/2021\\\/05\\\/12\\\/cft-estatal-tarapaca-celebro-dia-de-la-enfermeria-con-webinar-sobre-covid-19\\\/#primaryimage\"},\"image\":{\"@id\":\"https:\\\/\\\/www.cftestataltarapaca.cl\\\/inicio\\\/2021\\\/05\\\/12\\\/cft-estatal-tarapaca-celebro-dia-de-la-enfermeria-con-webinar-sobre-covid-19\\\/#primaryimage\"},\"thumbnailUrl\":\"https:\\\/\\\/www.cftestataltarapaca.cl\\\/inicio\\\/wp-content\\\/uploads\\\/2021\\\/05\\\/webinar-enfermeri\u0301a.jpg\",\"datePublished\":\"2021-05-12T21:05:48+00:00\",\"dateModified\":\"2021-05-12T21:17:56+00:00\",\"breadcrumb\":{\"@id\":\"https:\\\/\\\/www.cftestataltarapaca.cl\\\/inicio\\\/2021\\\/05\\\/12\\\/cft-estatal-tarapaca-celebro-dia-de-la-enfermeria-con-webinar-sobre-covid-19\\\/#breadcrumb\"},\"inLanguage\":\"es\",\"potentialAction\":[{\"@type\":\"ReadAction\",\"target\":[\"https:\\\/\\\/www.cftestataltarapaca.cl\\\/inicio\\\/2021\\\/05\\\/12\\\/cft-estatal-tarapaca-celebro-dia-de-la-enfermeria-con-webinar-sobre-covid-19\\\/\"]}]},{\"@type\":\"ImageObject\",\"inLanguage\":\"es\",\"@id\":\"https:\\\/\\\/www.cftestataltarapaca.cl\\\/inicio\\\/2021\\\/05\\\/12\\\/cft-estatal-tarapaca-celebro-dia-de-la-enfermeria-con-webinar-sobre-covid-19\\\/#primaryimage\",\"url\":\"https:\\\/\\\/www.cftestataltarapaca.cl\\\/inicio\\\/wp-content\\\/uploads\\\/2021\\\/05\\\/webinar-enfermeri\u0301a.jpg\",\"contentUrl\":\"https:\\\/\\\/www.cftestataltarapaca.cl\\\/inicio\\\/wp-content\\\/uploads\\\/2021\\\/05\\\/webinar-enfermeri\u0301a.jpg\",\"width\":1439,\"height\":787},{\"@type\":\"BreadcrumbList\",\"@id\":\"https:\\\/\\\/www.cftestataltarapaca.cl\\\/inicio\\\/2021\\\/05\\\/12\\\/cft-estatal-tarapaca-celebro-dia-de-la-enfermeria-con-webinar-sobre-covid-19\\\/#breadcrumb\",\"itemListElement\":[{\"@type\":\"ListItem\",\"position\":1,\"name\":\"Portada\",\"item\":\"https:\\\/\\\/www.cftestataltarapaca.cl\\\/inicio\\\/\"},{\"@type\":\"ListItem\",\"position\":2,\"name\":\"CFT Estatal Tarapac\u00e1 celebr\u00f3 D\u00eda de la Enfermer\u00eda con webinar sobre Covid-19\"}]},{\"@type\":\"WebSite\",\"@id\":\"https:\\\/\\\/www.cftestataltarapaca.cl\\\/inicio\\\/#website\",\"url\":\"https:\\\/\\\/www.cftestataltarapaca.cl\\\/inicio\\\/\",\"name\":\"CFT Estatal Tarapac\u00e1\",\"description\":\"Admisi\u00f3n 2025\",\"publisher\":{\"@id\":\"https:\\\/\\\/www.cftestataltarapaca.cl\\\/inicio\\\/#organization\"},\"potentialAction\":[{\"@type\":\"SearchAction\",\"target\":{\"@type\":\"EntryPoint\",\"urlTemplate\":\"https:\\\/\\\/www.cftestataltarapaca.cl\\\/inicio\\\/?s={search_term_string}\"},\"query-input\":{\"@type\":\"PropertyValueSpecification\",\"valueRequired\":true,\"valueName\":\"search_term_string\"}}],\"inLanguage\":\"es\"},{\"@type\":\"Organization\",\"@id\":\"https:\\\/\\\/www.cftestataltarapaca.cl\\\/inicio\\\/#organization\",\"name\":\"CFT Estatal Tarapac\u00e1\",\"url\":\"https:\\\/\\\/www.cftestataltarapaca.cl\\\/inicio\\\/\",\"logo\":{\"@type\":\"ImageObject\",\"inLanguage\":\"es\",\"@id\":\"https:\\\/\\\/www.cftestataltarapaca.cl\\\/inicio\\\/#\\\/schema\\\/logo\\\/image\\\/\",\"url\":\"https:\\\/\\\/www.cftestataltarapaca.cl\\\/inicio\\\/wp-content\\\/uploads\\\/2019\\\/03\\\/logo-retina-1.png\",\"contentUrl\":\"https:\\\/\\\/www.cftestataltarapaca.cl\\\/inicio\\\/wp-content\\\/uploads\\\/2019\\\/03\\\/logo-retina-1.png\",\"width\":401,\"height\":150,\"caption\":\"CFT Estatal Tarapac\u00e1\"},\"image\":{\"@id\":\"https:\\\/\\\/www.cftestataltarapaca.cl\\\/inicio\\\/#\\\/schema\\\/logo\\\/image\\\/\"},\"sameAs\":[\"https:\\\/\\\/www.facebook.com\\\/CFTestataltarapaca\\\/\",\"https:\\\/\\\/x.com\\\/CFTesTarapaca\",\"https:\\\/\\\/www.instagram.com\\\/CFTestataltarapaca\\\/\"]},{\"@type\":\"Person\",\"@id\":\"https:\\\/\\\/www.cftestataltarapaca.cl\\\/inicio\\\/#\\\/schema\\\/person\\\/ad1fbfa1fa7c3d3889f4ae5401dd660e\",\"name\":\"Comunicaciones\",\"image\":{\"@type\":\"ImageObject\",\"inLanguage\":\"es\",\"@id\":\"https:\\\/\\\/secure.gravatar.com\\\/avatar\\\/ed1c2728327f20a5a62edaeb7dc181858f225b765044c5314c3d1059a1bd992f?s=96&d=mm&r=g\",\"url\":\"https:\\\/\\\/secure.gravatar.com\\\/avatar\\\/ed1c2728327f20a5a62edaeb7dc181858f225b765044c5314c3d1059a1bd992f?s=96&d=mm&r=g\",\"contentUrl\":\"https:\\\/\\\/secure.gravatar.com\\\/avatar\\\/ed1c2728327f20a5a62edaeb7dc181858f225b765044c5314c3d1059a1bd992f?s=96&d=mm&r=g\",\"caption\":\"Comunicaciones\"},\"sameAs\":[\"http:\\\/\\\/www.cftestataltarapaca.cl\"],\"url\":\"https:\\\/\\\/www.cftestataltarapaca.cl\\\/inicio\\\/author\\\/comunicaciones\\\/\"}]}<\/script>\n<!-- \/ Yoast SEO plugin. -->","yoast_head_json":{"title":"CFT Estatal Tarapac\u00e1 celebr\u00f3 D\u00eda de la Enfermer\u00eda con webinar sobre Covid-19 - CFT Estatal Tarapac\u00e1","robots":{"index":"index","follow":"follow","max-snippet":"max-snippet:-1","max-image-preview":"max-image-preview:large","max-video-preview":"max-video-preview:-1"},"canonical":"https:\/\/www.cftestataltarapaca.cl\/inicio\/2021\/05\/12\/cft-estatal-tarapaca-celebro-dia-de-la-enfermeria-con-webinar-sobre-covid-19\/","og_locale":"es_ES","og_type":"article","og_title":"CFT Estatal Tarapac\u00e1 celebr\u00f3 D\u00eda de la Enfermer\u00eda con webinar sobre Covid-19 - CFT Estatal Tarapac\u00e1","og_description":"En el D\u00eda internacional de la Enfermer\u00eda, el Centro de Formaci\u00f3n T\u00e9cnica Estatal de Tarapac\u00e1 realiz\u00f3 webinar sobre \u201cSituaci\u00f3n del Covid-19 en espacios familiares y laborales\u201d. La actividad coordinada de...","og_url":"https:\/\/www.cftestataltarapaca.cl\/inicio\/2021\/05\/12\/cft-estatal-tarapaca-celebro-dia-de-la-enfermeria-con-webinar-sobre-covid-19\/","og_site_name":"CFT Estatal Tarapac\u00e1","article_publisher":"https:\/\/www.facebook.com\/CFTestataltarapaca\/","article_published_time":"2021-05-12T21:05:48+00:00","article_modified_time":"2021-05-12T21:17:56+00:00","og_image":[{"width":1439,"height":787,"url":"https:\/\/www.cftestataltarapaca.cl\/inicio\/wp-content\/uploads\/2021\/05\/webinar-enfermeri\u0301a.jpg","type":"image\/jpeg"}],"author":"Comunicaciones","twitter_card":"summary_large_image","twitter_creator":"@CFTesTarapaca","twitter_site":"@CFTesTarapaca","twitter_misc":{"Escrito por":"Comunicaciones","Tiempo de lectura":"2 minutos"},"schema":{"@context":"https:\/\/schema.org","@graph":[{"@type":"Article","@id":"https:\/\/www.cftestataltarapaca.cl\/inicio\/2021\/05\/12\/cft-estatal-tarapaca-celebro-dia-de-la-enfermeria-con-webinar-sobre-covid-19\/#article","isPartOf":{"@id":"https:\/\/www.cftestataltarapaca.cl\/inicio\/2021\/05\/12\/cft-estatal-tarapaca-celebro-dia-de-la-enfermeria-con-webinar-sobre-covid-19\/"},"author":{"name":"Comunicaciones","@id":"https:\/\/www.cftestataltarapaca.cl\/inicio\/#\/schema\/person\/ad1fbfa1fa7c3d3889f4ae5401dd660e"},"headline":"CFT Estatal Tarapac\u00e1 celebr\u00f3 D\u00eda de la Enfermer\u00eda con webinar sobre Covid-19","datePublished":"2021-05-12T21:05:48+00:00","dateModified":"2021-05-12T21:17:56+00:00","mainEntityOfPage":{"@id":"https:\/\/www.cftestataltarapaca.cl\/inicio\/2021\/05\/12\/cft-estatal-tarapaca-celebro-dia-de-la-enfermeria-con-webinar-sobre-covid-19\/"},"wordCount":433,"commentCount":0,"publisher":{"@id":"https:\/\/www.cftestataltarapaca.cl\/inicio\/#organization"},"image":{"@id":"https:\/\/www.cftestataltarapaca.cl\/inicio\/2021\/05\/12\/cft-estatal-tarapaca-celebro-dia-de-la-enfermeria-con-webinar-sobre-covid-19\/#primaryimage"},"thumbnailUrl":"https:\/\/www.cftestataltarapaca.cl\/inicio\/wp-content\/uploads\/2021\/05\/webinar-enfermeri\u0301a.jpg","articleSection":["Acad\u00e9mico","Comunicados","Vinculaci\u00f3n"],"inLanguage":"es","potentialAction":[{"@type":"CommentAction","name":"Comment","target":["https:\/\/www.cftestataltarapaca.cl\/inicio\/2021\/05\/12\/cft-estatal-tarapaca-celebro-dia-de-la-enfermeria-con-webinar-sobre-covid-19\/#respond"]}]},{"@type":"WebPage","@id":"https:\/\/www.cftestataltarapaca.cl\/inicio\/2021\/05\/12\/cft-estatal-tarapaca-celebro-dia-de-la-enfermeria-con-webinar-sobre-covid-19\/","url":"https:\/\/www.cftestataltarapaca.cl\/inicio\/2021\/05\/12\/cft-estatal-tarapaca-celebro-dia-de-la-enfermeria-con-webinar-sobre-covid-19\/","name":"CFT Estatal Tarapac\u00e1 celebr\u00f3 D\u00eda de la Enfermer\u00eda con webinar sobre Covid-19 - CFT Estatal Tarapac\u00e1","isPartOf":{"@id":"https:\/\/www.cftestataltarapaca.cl\/inicio\/#website"},"primaryImageOfPage":{"@id":"https:\/\/www.cftestataltarapaca.cl\/inicio\/2021\/05\/12\/cft-estatal-tarapaca-celebro-dia-de-la-enfermeria-con-webinar-sobre-covid-19\/#primaryimage"},"image":{"@id":"https:\/\/www.cftestataltarapaca.cl\/inicio\/2021\/05\/12\/cft-estatal-tarapaca-celebro-dia-de-la-enfermeria-con-webinar-sobre-covid-19\/#primaryimage"},"thumbnailUrl":"https:\/\/www.cftestataltarapaca.cl\/inicio\/wp-content\/uploads\/2021\/05\/webinar-enfermeri\u0301a.jpg","datePublished":"2021-05-12T21:05:48+00:00","dateModified":"2021-05-12T21:17:56+00:00","breadcrumb":{"@id":"https:\/\/www.cftestataltarapaca.cl\/inicio\/2021\/05\/12\/cft-estatal-tarapaca-celebro-dia-de-la-enfermeria-con-webinar-sobre-covid-19\/#breadcrumb"},"inLanguage":"es","potentialAction":[{"@type":"ReadAction","target":["https:\/\/www.cftestataltarapaca.cl\/inicio\/2021\/05\/12\/cft-estatal-tarapaca-celebro-dia-de-la-enfermeria-con-webinar-sobre-covid-19\/"]}]},{"@type":"ImageObject","inLanguage":"es","@id":"https:\/\/www.cftestataltarapaca.cl\/inicio\/2021\/05\/12\/cft-estatal-tarapaca-celebro-dia-de-la-enfermeria-con-webinar-sobre-covid-19\/#primaryimage","url":"https:\/\/www.cftestataltarapaca.cl\/inicio\/wp-content\/uploads\/2021\/05\/webinar-enfermeri\u0301a.jpg","contentUrl":"https:\/\/www.cftestataltarapaca.cl\/inicio\/wp-content\/uploads\/2021\/05\/webinar-enfermeri\u0301a.jpg","width":1439,"height":787},{"@type":"BreadcrumbList","@id":"https:\/\/www.cftestataltarapaca.cl\/inicio\/2021\/05\/12\/cft-estatal-tarapaca-celebro-dia-de-la-enfermeria-con-webinar-sobre-covid-19\/#breadcrumb","itemListElement":[{"@type":"ListItem","position":1,"name":"Portada","item":"https:\/\/www.cftestataltarapaca.cl\/inicio\/"},{"@type":"ListItem","position":2,"name":"CFT Estatal Tarapac\u00e1 celebr\u00f3 D\u00eda de la Enfermer\u00eda con webinar sobre Covid-19"}]},{"@type":"WebSite","@id":"https:\/\/www.cftestataltarapaca.cl\/inicio\/#website","url":"https:\/\/www.cftestataltarapaca.cl\/inicio\/","name":"CFT Estatal Tarapac\u00e1","description":"Admisi\u00f3n 2025","publisher":{"@id":"https:\/\/www.cftestataltarapaca.cl\/inicio\/#organization"},"potentialAction":[{"@type":"SearchAction","target":{"@type":"EntryPoint","urlTemplate":"https:\/\/www.cftestataltarapaca.cl\/inicio\/?s={search_term_string}"},"query-input":{"@type":"PropertyValueSpecification","valueRequired":true,"valueName":"search_term_string"}}],"inLanguage":"es"},{"@type":"Organization","@id":"https:\/\/www.cftestataltarapaca.cl\/inicio\/#organization","name":"CFT Estatal Tarapac\u00e1","url":"https:\/\/www.cftestataltarapaca.cl\/inicio\/","logo":{"@type":"ImageObject","inLanguage":"es","@id":"https:\/\/www.cftestataltarapaca.cl\/inicio\/#\/schema\/logo\/image\/","url":"https:\/\/www.cftestataltarapaca.cl\/inicio\/wp-content\/uploads\/2019\/03\/logo-retina-1.png","contentUrl":"https:\/\/www.cftestataltarapaca.cl\/inicio\/wp-content\/uploads\/2019\/03\/logo-retina-1.png","width":401,"height":150,"caption":"CFT Estatal Tarapac\u00e1"},"image":{"@id":"https:\/\/www.cftestataltarapaca.cl\/inicio\/#\/schema\/logo\/image\/"},"sameAs":["https:\/\/www.facebook.com\/CFTestataltarapaca\/","https:\/\/x.com\/CFTesTarapaca","https:\/\/www.instagram.com\/CFTestataltarapaca\/"]},{"@type":"Person","@id":"https:\/\/www.cftestataltarapaca.cl\/inicio\/#\/schema\/person\/ad1fbfa1fa7c3d3889f4ae5401dd660e","name":"Comunicaciones","image":{"@type":"ImageObject","inLanguage":"es","@id":"https:\/\/secure.gravatar.com\/avatar\/ed1c2728327f20a5a62edaeb7dc181858f225b765044c5314c3d1059a1bd992f?s=96&d=mm&r=g","url":"https:\/\/secure.gravatar.com\/avatar\/ed1c2728327f20a5a62edaeb7dc181858f225b765044c5314c3d1059a1bd992f?s=96&d=mm&r=g","contentUrl":"https:\/\/secure.gravatar.com\/avatar\/ed1c2728327f20a5a62edaeb7dc181858f225b765044c5314c3d1059a1bd992f?s=96&d=mm&r=g","caption":"Comunicaciones"},"sameAs":["http:\/\/www.cftestataltarapaca.cl"],"url":"https:\/\/www.cftestataltarapaca.cl\/inicio\/author\/comunicaciones\/"}]}},"publishpress_future_action":{"enabled":false,"date":"2026-05-08 13:51:02","action":"change-status","newStatus":"draft","terms":[],"taxonomy":"category","extraData":[]},"publishpress_future_workflow_manual_trigger":{"enabledWorkflows":[]},"_links":{"self":[{"href":"https:\/\/www.cftestataltarapaca.cl\/inicio\/wp-json\/wp\/v2\/posts\/7715","targetHints":{"allow":["GET"]}}],"collection":[{"href":"https:\/\/www.cftestataltarapaca.cl\/inicio\/wp-json\/wp\/v2\/posts"}],"about":[{"href":"https:\/\/www.cftestataltarapaca.cl\/inicio\/wp-json\/wp\/v2\/types\/post"}],"author":[{"embeddable":true,"href":"https:\/\/www.cftestataltarapaca.cl\/inicio\/wp-json\/wp\/v2\/users\/2"}],"replies":[{"embeddable":true,"href":"https:\/\/www.cftestataltarapaca.cl\/inicio\/wp-json\/wp\/v2\/comments?post=7715"}],"version-history":[{"count":1,"href":"https:\/\/www.cftestataltarapaca.cl\/inicio\/wp-json\/wp\/v2\/posts\/7715\/revisions"}],"predecessor-version":[{"id":7722,"href":"https:\/\/www.cftestataltarapaca.cl\/inicio\/wp-json\/wp\/v2\/posts\/7715\/revisions\/7722"}],"wp:featuredmedia":[{"embeddable":true,"href":"https:\/\/www.cftestataltarapaca.cl\/inicio\/wp-json\/wp\/v2\/media\/7721"}],"wp:attachment":[{"href":"https:\/\/www.cftestataltarapaca.cl\/inicio\/wp-json\/wp\/v2\/media?parent=7715"}],"wp:term":[{"taxonomy":"category","embeddable":true,"href":"https:\/\/www.cftestataltarapaca.cl\/inicio\/wp-json\/wp\/v2\/categories?post=7715"},{"taxonomy":"post_tag","embeddable":true,"href":"https:\/\/www.cftestataltarapaca.cl\/inicio\/wp-json\/wp\/v2\/tags?post=7715"}],"curies":[{"name":"wp","href":"https:\/\/api.w.org\/{rel}","templated":true}]}}