{"id":7986,"date":"2021-06-08T12:52:19","date_gmt":"2021-06-08T12:52:19","guid":{"rendered":"https:\/\/www.cftestataltarapaca.cl\/inicio\/?p=7986"},"modified":"2021-06-08T12:53:33","modified_gmt":"2021-06-08T12:53:33","slug":"operativo-de-vacunacion-contra-covid-19-e-influenza-en-cft-estatal-tarapaca","status":"publish","type":"post","link":"https:\/\/www.cftestataltarapaca.cl\/inicio\/2021\/06\/08\/operativo-de-vacunacion-contra-covid-19-e-influenza-en-cft-estatal-tarapaca\/","title":{"rendered":"Operativo de vacunaci\u00f3n contra Covid-19 e Influenza en CFT Estatal Tarapac\u00e1"},"content":{"rendered":"<p style=\"text-align: justify\">Con el objetivo de reforzar la campa\u00f1a de vacunaci\u00f3n contra COVID-19 y contra la Influenza, el Centro de Formaci\u00f3n T\u00e9cnica Estatal de Tarapac\u00e1, a trav\u00e9s de su carrera TNS en Enfermer\u00eda y la unidad de Recreaci\u00f3n y Deportes, junto al CESFAM Pedro Pulgar de la comuna de Alto Hospicio, inici\u00f3 un operativo m\u00e9dico que permitir\u00e1 inocular a estudiantes de la instituci\u00f3n.<\/p>\n<p style=\"text-align: justify\">La iniciativa comenz\u00f3 el pasado 3 de junio y estuvo dirigida a estudiantes de las carreras TNS en Enfermer\u00eda y Educaci\u00f3n Parvularia, program\u00e1ndose para el 21 de junio, entre las 10.00 y 13.00 hrs, la actividad para estudiantes de las carreras TNS en Mec\u00e1nica Mantenimiento Predictivo, Log\u00edstica, Administraci\u00f3n de Empresas, Administraci\u00f3n P\u00fablica y El\u00e9ctrico en Energ\u00edas Renovables.<\/p>\n<p style=\"text-align: justify\">El operativo de vacunaci\u00f3n busca invitar a estudiantes a inocularse y as\u00ed contribuir a que todos se cuiden, entendiendo que previene los casos graves, reduce las hospitalizaciones en UCI y las muertes.<\/p>\n<p style=\"text-align: justify\">As\u00ed lo destacaron el Jefe de carrera de TNS en Enfermer\u00eda, David Valle, y el encargado del \u00e1rea de Recreaci\u00f3n y Deportes, Javier \u00dabeda, quienes instaron a estudiantes a acercarse a la instituci\u00f3n y participar del operativo.<\/p>\n<p style=\"text-align: justify\">El Director Acad\u00e9mico del CFT Estatal Tarapac\u00e1, Roberto Urdanivia, dijo que conscientes de la responsabilidad que tiene la instituci\u00f3n de promover la prevenci\u00f3n y autocuidado en su comunidad educativa, es que se decidi\u00f3 apoyar este importante proceso de vacunaci\u00f3n. \u201cEsta pandemia nos ha ense\u00f1ado que la cooperaci\u00f3n es vital para lograr \u00f3ptimos resultados, por esa raz\u00f3n que se determin\u00f3 llevar a cabo la iniciativa\u201d.<\/p>\n","protected":false},"excerpt":{"rendered":"<p>Con el objetivo de reforzar la campa\u00f1a de vacunaci\u00f3n contra COVID-19 y contra la Influenza, el Centro de Formaci\u00f3n T\u00e9cnica Estatal de Tarapac\u00e1, a trav\u00e9s de su carrera TNS en&#8230;<\/p>\n","protected":false},"author":2,"featured_media":7988,"comment_status":"open","ping_status":"open","sticky":false,"template":"","format":"standard","meta":{"_joinchat":[],"footnotes":""},"categories":[49,118,45],"tags":[75,86,112,113,153],"class_list":["post-7986","post","type-post","status-publish","format-standard","has-post-thumbnail","hentry","category-academico","category-covid-19","category-vinculacion","tag-alto-hospicio","tag-cft-estatal-tarapaca","tag-coronavirus","tag-salud","tag-vacunacion"],"yoast_head":"<!-- This site is optimized with the Yoast SEO plugin v27.4 - https:\/\/yoast.com\/product\/yoast-seo-wordpress\/ -->\n<title>Operativo de vacunaci\u00f3n contra Covid-19 e Influenza en CFT Estatal Tarapac\u00e1 - CFT Estatal Tarapac\u00e1<\/title>\n<meta name=\"robots\" content=\"index, follow, max-snippet:-1, max-image-preview:large, max-video-preview:-1\" \/>\n<link rel=\"canonical\" href=\"https:\/\/www.cftestataltarapaca.cl\/inicio\/2021\/06\/08\/operativo-de-vacunacion-contra-covid-19-e-influenza-en-cft-estatal-tarapaca\/\" \/>\n<meta property=\"og:locale\" content=\"es_ES\" \/>\n<meta property=\"og:type\" content=\"article\" \/>\n<meta property=\"og:title\" content=\"Operativo de vacunaci\u00f3n contra Covid-19 e Influenza en CFT Estatal Tarapac\u00e1 - CFT Estatal Tarapac\u00e1\" \/>\n<meta property=\"og:description\" content=\"Con el objetivo de reforzar la campa\u00f1a de vacunaci\u00f3n contra COVID-19 y contra la Influenza, el Centro de Formaci\u00f3n T\u00e9cnica Estatal de Tarapac\u00e1, a trav\u00e9s de su carrera TNS en...\" \/>\n<meta property=\"og:url\" content=\"https:\/\/www.cftestataltarapaca.cl\/inicio\/2021\/06\/08\/operativo-de-vacunacion-contra-covid-19-e-influenza-en-cft-estatal-tarapaca\/\" \/>\n<meta property=\"og:site_name\" content=\"CFT Estatal Tarapac\u00e1\" \/>\n<meta property=\"article:publisher\" content=\"https:\/\/www.facebook.com\/CFTestataltarapaca\/\" \/>\n<meta property=\"article:published_time\" content=\"2021-06-08T12:52:19+00:00\" \/>\n<meta property=\"article:modified_time\" content=\"2021-06-08T12:53:33+00:00\" \/>\n<meta property=\"og:image\" content=\"https:\/\/www.cftestataltarapaca.cl\/inicio\/wp-content\/uploads\/2021\/06\/vacunacion1.jpeg\" \/>\n\t<meta property=\"og:image:width\" content=\"1024\" \/>\n\t<meta property=\"og:image:height\" content=\"768\" \/>\n\t<meta property=\"og:image:type\" content=\"image\/jpeg\" \/>\n<meta name=\"author\" content=\"Comunicaciones\" \/>\n<meta name=\"twitter:card\" content=\"summary_large_image\" \/>\n<meta name=\"twitter:creator\" content=\"@CFTesTarapaca\" \/>\n<meta name=\"twitter:site\" content=\"@CFTesTarapaca\" \/>\n<meta name=\"twitter:label1\" content=\"Escrito por\" \/>\n\t<meta name=\"twitter:data1\" content=\"Comunicaciones\" \/>\n\t<meta name=\"twitter:label2\" content=\"Tiempo de lectura\" \/>\n\t<meta name=\"twitter:data2\" content=\"2 minutos\" \/>\n<script type=\"application\/ld+json\" class=\"yoast-schema-graph\">{\"@context\":\"https:\\\/\\\/schema.org\",\"@graph\":[{\"@type\":\"Article\",\"@id\":\"https:\\\/\\\/www.cftestataltarapaca.cl\\\/inicio\\\/2021\\\/06\\\/08\\\/operativo-de-vacunacion-contra-covid-19-e-influenza-en-cft-estatal-tarapaca\\\/#article\",\"isPartOf\":{\"@id\":\"https:\\\/\\\/www.cftestataltarapaca.cl\\\/inicio\\\/2021\\\/06\\\/08\\\/operativo-de-vacunacion-contra-covid-19-e-influenza-en-cft-estatal-tarapaca\\\/\"},\"author\":{\"name\":\"Comunicaciones\",\"@id\":\"https:\\\/\\\/www.cftestataltarapaca.cl\\\/inicio\\\/#\\\/schema\\\/person\\\/ad1fbfa1fa7c3d3889f4ae5401dd660e\"},\"headline\":\"Operativo de vacunaci\u00f3n contra Covid-19 e Influenza en CFT Estatal Tarapac\u00e1\",\"datePublished\":\"2021-06-08T12:52:19+00:00\",\"dateModified\":\"2021-06-08T12:53:33+00:00\",\"mainEntityOfPage\":{\"@id\":\"https:\\\/\\\/www.cftestataltarapaca.cl\\\/inicio\\\/2021\\\/06\\\/08\\\/operativo-de-vacunacion-contra-covid-19-e-influenza-en-cft-estatal-tarapaca\\\/\"},\"wordCount\":289,\"commentCount\":0,\"publisher\":{\"@id\":\"https:\\\/\\\/www.cftestataltarapaca.cl\\\/inicio\\\/#organization\"},\"image\":{\"@id\":\"https:\\\/\\\/www.cftestataltarapaca.cl\\\/inicio\\\/2021\\\/06\\\/08\\\/operativo-de-vacunacion-contra-covid-19-e-influenza-en-cft-estatal-tarapaca\\\/#primaryimage\"},\"thumbnailUrl\":\"https:\\\/\\\/www.cftestataltarapaca.cl\\\/inicio\\\/wp-content\\\/uploads\\\/2021\\\/06\\\/vacunacion1.jpeg\",\"keywords\":[\"Alto Hospicio\",\"CFT Estatal Tarapac\u00e1\",\"Coronavirus\",\"salud\",\"Vacunaci\u00f3n\"],\"articleSection\":[\"Acad\u00e9mico\",\"Covid 19\",\"Vinculaci\u00f3n\"],\"inLanguage\":\"es\",\"potentialAction\":[{\"@type\":\"CommentAction\",\"name\":\"Comment\",\"target\":[\"https:\\\/\\\/www.cftestataltarapaca.cl\\\/inicio\\\/2021\\\/06\\\/08\\\/operativo-de-vacunacion-contra-covid-19-e-influenza-en-cft-estatal-tarapaca\\\/#respond\"]}]},{\"@type\":\"WebPage\",\"@id\":\"https:\\\/\\\/www.cftestataltarapaca.cl\\\/inicio\\\/2021\\\/06\\\/08\\\/operativo-de-vacunacion-contra-covid-19-e-influenza-en-cft-estatal-tarapaca\\\/\",\"url\":\"https:\\\/\\\/www.cftestataltarapaca.cl\\\/inicio\\\/2021\\\/06\\\/08\\\/operativo-de-vacunacion-contra-covid-19-e-influenza-en-cft-estatal-tarapaca\\\/\",\"name\":\"Operativo de vacunaci\u00f3n contra Covid-19 e Influenza en CFT Estatal Tarapac\u00e1 - CFT Estatal Tarapac\u00e1\",\"isPartOf\":{\"@id\":\"https:\\\/\\\/www.cftestataltarapaca.cl\\\/inicio\\\/#website\"},\"primaryImageOfPage\":{\"@id\":\"https:\\\/\\\/www.cftestataltarapaca.cl\\\/inicio\\\/2021\\\/06\\\/08\\\/operativo-de-vacunacion-contra-covid-19-e-influenza-en-cft-estatal-tarapaca\\\/#primaryimage\"},\"image\":{\"@id\":\"https:\\\/\\\/www.cftestataltarapaca.cl\\\/inicio\\\/2021\\\/06\\\/08\\\/operativo-de-vacunacion-contra-covid-19-e-influenza-en-cft-estatal-tarapaca\\\/#primaryimage\"},\"thumbnailUrl\":\"https:\\\/\\\/www.cftestataltarapaca.cl\\\/inicio\\\/wp-content\\\/uploads\\\/2021\\\/06\\\/vacunacion1.jpeg\",\"datePublished\":\"2021-06-08T12:52:19+00:00\",\"dateModified\":\"2021-06-08T12:53:33+00:00\",\"breadcrumb\":{\"@id\":\"https:\\\/\\\/www.cftestataltarapaca.cl\\\/inicio\\\/2021\\\/06\\\/08\\\/operativo-de-vacunacion-contra-covid-19-e-influenza-en-cft-estatal-tarapaca\\\/#breadcrumb\"},\"inLanguage\":\"es\",\"potentialAction\":[{\"@type\":\"ReadAction\",\"target\":[\"https:\\\/\\\/www.cftestataltarapaca.cl\\\/inicio\\\/2021\\\/06\\\/08\\\/operativo-de-vacunacion-contra-covid-19-e-influenza-en-cft-estatal-tarapaca\\\/\"]}]},{\"@type\":\"ImageObject\",\"inLanguage\":\"es\",\"@id\":\"https:\\\/\\\/www.cftestataltarapaca.cl\\\/inicio\\\/2021\\\/06\\\/08\\\/operativo-de-vacunacion-contra-covid-19-e-influenza-en-cft-estatal-tarapaca\\\/#primaryimage\",\"url\":\"https:\\\/\\\/www.cftestataltarapaca.cl\\\/inicio\\\/wp-content\\\/uploads\\\/2021\\\/06\\\/vacunacion1.jpeg\",\"contentUrl\":\"https:\\\/\\\/www.cftestataltarapaca.cl\\\/inicio\\\/wp-content\\\/uploads\\\/2021\\\/06\\\/vacunacion1.jpeg\",\"width\":1024,\"height\":768},{\"@type\":\"BreadcrumbList\",\"@id\":\"https:\\\/\\\/www.cftestataltarapaca.cl\\\/inicio\\\/2021\\\/06\\\/08\\\/operativo-de-vacunacion-contra-covid-19-e-influenza-en-cft-estatal-tarapaca\\\/#breadcrumb\",\"itemListElement\":[{\"@type\":\"ListItem\",\"position\":1,\"name\":\"Portada\",\"item\":\"https:\\\/\\\/www.cftestataltarapaca.cl\\\/inicio\\\/\"},{\"@type\":\"ListItem\",\"position\":2,\"name\":\"Operativo de vacunaci\u00f3n contra Covid-19 e Influenza en CFT Estatal Tarapac\u00e1\"}]},{\"@type\":\"WebSite\",\"@id\":\"https:\\\/\\\/www.cftestataltarapaca.cl\\\/inicio\\\/#website\",\"url\":\"https:\\\/\\\/www.cftestataltarapaca.cl\\\/inicio\\\/\",\"name\":\"CFT Estatal Tarapac\u00e1\",\"description\":\"Admisi\u00f3n 2025\",\"publisher\":{\"@id\":\"https:\\\/\\\/www.cftestataltarapaca.cl\\\/inicio\\\/#organization\"},\"potentialAction\":[{\"@type\":\"SearchAction\",\"target\":{\"@type\":\"EntryPoint\",\"urlTemplate\":\"https:\\\/\\\/www.cftestataltarapaca.cl\\\/inicio\\\/?s={search_term_string}\"},\"query-input\":{\"@type\":\"PropertyValueSpecification\",\"valueRequired\":true,\"valueName\":\"search_term_string\"}}],\"inLanguage\":\"es\"},{\"@type\":\"Organization\",\"@id\":\"https:\\\/\\\/www.cftestataltarapaca.cl\\\/inicio\\\/#organization\",\"name\":\"CFT Estatal Tarapac\u00e1\",\"url\":\"https:\\\/\\\/www.cftestataltarapaca.cl\\\/inicio\\\/\",\"logo\":{\"@type\":\"ImageObject\",\"inLanguage\":\"es\",\"@id\":\"https:\\\/\\\/www.cftestataltarapaca.cl\\\/inicio\\\/#\\\/schema\\\/logo\\\/image\\\/\",\"url\":\"https:\\\/\\\/www.cftestataltarapaca.cl\\\/inicio\\\/wp-content\\\/uploads\\\/2019\\\/03\\\/logo-retina-1.png\",\"contentUrl\":\"https:\\\/\\\/www.cftestataltarapaca.cl\\\/inicio\\\/wp-content\\\/uploads\\\/2019\\\/03\\\/logo-retina-1.png\",\"width\":401,\"height\":150,\"caption\":\"CFT Estatal Tarapac\u00e1\"},\"image\":{\"@id\":\"https:\\\/\\\/www.cftestataltarapaca.cl\\\/inicio\\\/#\\\/schema\\\/logo\\\/image\\\/\"},\"sameAs\":[\"https:\\\/\\\/www.facebook.com\\\/CFTestataltarapaca\\\/\",\"https:\\\/\\\/x.com\\\/CFTesTarapaca\",\"https:\\\/\\\/www.instagram.com\\\/CFTestataltarapaca\\\/\"]},{\"@type\":\"Person\",\"@id\":\"https:\\\/\\\/www.cftestataltarapaca.cl\\\/inicio\\\/#\\\/schema\\\/person\\\/ad1fbfa1fa7c3d3889f4ae5401dd660e\",\"name\":\"Comunicaciones\",\"image\":{\"@type\":\"ImageObject\",\"inLanguage\":\"es\",\"@id\":\"https:\\\/\\\/secure.gravatar.com\\\/avatar\\\/ed1c2728327f20a5a62edaeb7dc181858f225b765044c5314c3d1059a1bd992f?s=96&d=mm&r=g\",\"url\":\"https:\\\/\\\/secure.gravatar.com\\\/avatar\\\/ed1c2728327f20a5a62edaeb7dc181858f225b765044c5314c3d1059a1bd992f?s=96&d=mm&r=g\",\"contentUrl\":\"https:\\\/\\\/secure.gravatar.com\\\/avatar\\\/ed1c2728327f20a5a62edaeb7dc181858f225b765044c5314c3d1059a1bd992f?s=96&d=mm&r=g\",\"caption\":\"Comunicaciones\"},\"sameAs\":[\"http:\\\/\\\/www.cftestataltarapaca.cl\"],\"url\":\"https:\\\/\\\/www.cftestataltarapaca.cl\\\/inicio\\\/author\\\/comunicaciones\\\/\"}]}<\/script>\n<!-- \/ Yoast SEO plugin. -->","yoast_head_json":{"title":"Operativo de vacunaci\u00f3n contra Covid-19 e Influenza en CFT Estatal Tarapac\u00e1 - CFT Estatal Tarapac\u00e1","robots":{"index":"index","follow":"follow","max-snippet":"max-snippet:-1","max-image-preview":"max-image-preview:large","max-video-preview":"max-video-preview:-1"},"canonical":"https:\/\/www.cftestataltarapaca.cl\/inicio\/2021\/06\/08\/operativo-de-vacunacion-contra-covid-19-e-influenza-en-cft-estatal-tarapaca\/","og_locale":"es_ES","og_type":"article","og_title":"Operativo de vacunaci\u00f3n contra Covid-19 e Influenza en CFT Estatal Tarapac\u00e1 - CFT Estatal Tarapac\u00e1","og_description":"Con el objetivo de reforzar la campa\u00f1a de vacunaci\u00f3n contra COVID-19 y contra la Influenza, el Centro de Formaci\u00f3n T\u00e9cnica Estatal de Tarapac\u00e1, a trav\u00e9s de su carrera TNS en...","og_url":"https:\/\/www.cftestataltarapaca.cl\/inicio\/2021\/06\/08\/operativo-de-vacunacion-contra-covid-19-e-influenza-en-cft-estatal-tarapaca\/","og_site_name":"CFT Estatal Tarapac\u00e1","article_publisher":"https:\/\/www.facebook.com\/CFTestataltarapaca\/","article_published_time":"2021-06-08T12:52:19+00:00","article_modified_time":"2021-06-08T12:53:33+00:00","og_image":[{"width":1024,"height":768,"url":"https:\/\/www.cftestataltarapaca.cl\/inicio\/wp-content\/uploads\/2021\/06\/vacunacion1.jpeg","type":"image\/jpeg"}],"author":"Comunicaciones","twitter_card":"summary_large_image","twitter_creator":"@CFTesTarapaca","twitter_site":"@CFTesTarapaca","twitter_misc":{"Escrito por":"Comunicaciones","Tiempo de lectura":"2 minutos"},"schema":{"@context":"https:\/\/schema.org","@graph":[{"@type":"Article","@id":"https:\/\/www.cftestataltarapaca.cl\/inicio\/2021\/06\/08\/operativo-de-vacunacion-contra-covid-19-e-influenza-en-cft-estatal-tarapaca\/#article","isPartOf":{"@id":"https:\/\/www.cftestataltarapaca.cl\/inicio\/2021\/06\/08\/operativo-de-vacunacion-contra-covid-19-e-influenza-en-cft-estatal-tarapaca\/"},"author":{"name":"Comunicaciones","@id":"https:\/\/www.cftestataltarapaca.cl\/inicio\/#\/schema\/person\/ad1fbfa1fa7c3d3889f4ae5401dd660e"},"headline":"Operativo de vacunaci\u00f3n contra Covid-19 e Influenza en CFT Estatal Tarapac\u00e1","datePublished":"2021-06-08T12:52:19+00:00","dateModified":"2021-06-08T12:53:33+00:00","mainEntityOfPage":{"@id":"https:\/\/www.cftestataltarapaca.cl\/inicio\/2021\/06\/08\/operativo-de-vacunacion-contra-covid-19-e-influenza-en-cft-estatal-tarapaca\/"},"wordCount":289,"commentCount":0,"publisher":{"@id":"https:\/\/www.cftestataltarapaca.cl\/inicio\/#organization"},"image":{"@id":"https:\/\/www.cftestataltarapaca.cl\/inicio\/2021\/06\/08\/operativo-de-vacunacion-contra-covid-19-e-influenza-en-cft-estatal-tarapaca\/#primaryimage"},"thumbnailUrl":"https:\/\/www.cftestataltarapaca.cl\/inicio\/wp-content\/uploads\/2021\/06\/vacunacion1.jpeg","keywords":["Alto Hospicio","CFT Estatal Tarapac\u00e1","Coronavirus","salud","Vacunaci\u00f3n"],"articleSection":["Acad\u00e9mico","Covid 19","Vinculaci\u00f3n"],"inLanguage":"es","potentialAction":[{"@type":"CommentAction","name":"Comment","target":["https:\/\/www.cftestataltarapaca.cl\/inicio\/2021\/06\/08\/operativo-de-vacunacion-contra-covid-19-e-influenza-en-cft-estatal-tarapaca\/#respond"]}]},{"@type":"WebPage","@id":"https:\/\/www.cftestataltarapaca.cl\/inicio\/2021\/06\/08\/operativo-de-vacunacion-contra-covid-19-e-influenza-en-cft-estatal-tarapaca\/","url":"https:\/\/www.cftestataltarapaca.cl\/inicio\/2021\/06\/08\/operativo-de-vacunacion-contra-covid-19-e-influenza-en-cft-estatal-tarapaca\/","name":"Operativo de vacunaci\u00f3n contra Covid-19 e Influenza en CFT Estatal Tarapac\u00e1 - CFT Estatal Tarapac\u00e1","isPartOf":{"@id":"https:\/\/www.cftestataltarapaca.cl\/inicio\/#website"},"primaryImageOfPage":{"@id":"https:\/\/www.cftestataltarapaca.cl\/inicio\/2021\/06\/08\/operativo-de-vacunacion-contra-covid-19-e-influenza-en-cft-estatal-tarapaca\/#primaryimage"},"image":{"@id":"https:\/\/www.cftestataltarapaca.cl\/inicio\/2021\/06\/08\/operativo-de-vacunacion-contra-covid-19-e-influenza-en-cft-estatal-tarapaca\/#primaryimage"},"thumbnailUrl":"https:\/\/www.cftestataltarapaca.cl\/inicio\/wp-content\/uploads\/2021\/06\/vacunacion1.jpeg","datePublished":"2021-06-08T12:52:19+00:00","dateModified":"2021-06-08T12:53:33+00:00","breadcrumb":{"@id":"https:\/\/www.cftestataltarapaca.cl\/inicio\/2021\/06\/08\/operativo-de-vacunacion-contra-covid-19-e-influenza-en-cft-estatal-tarapaca\/#breadcrumb"},"inLanguage":"es","potentialAction":[{"@type":"ReadAction","target":["https:\/\/www.cftestataltarapaca.cl\/inicio\/2021\/06\/08\/operativo-de-vacunacion-contra-covid-19-e-influenza-en-cft-estatal-tarapaca\/"]}]},{"@type":"ImageObject","inLanguage":"es","@id":"https:\/\/www.cftestataltarapaca.cl\/inicio\/2021\/06\/08\/operativo-de-vacunacion-contra-covid-19-e-influenza-en-cft-estatal-tarapaca\/#primaryimage","url":"https:\/\/www.cftestataltarapaca.cl\/inicio\/wp-content\/uploads\/2021\/06\/vacunacion1.jpeg","contentUrl":"https:\/\/www.cftestataltarapaca.cl\/inicio\/wp-content\/uploads\/2021\/06\/vacunacion1.jpeg","width":1024,"height":768},{"@type":"BreadcrumbList","@id":"https:\/\/www.cftestataltarapaca.cl\/inicio\/2021\/06\/08\/operativo-de-vacunacion-contra-covid-19-e-influenza-en-cft-estatal-tarapaca\/#breadcrumb","itemListElement":[{"@type":"ListItem","position":1,"name":"Portada","item":"https:\/\/www.cftestataltarapaca.cl\/inicio\/"},{"@type":"ListItem","position":2,"name":"Operativo de vacunaci\u00f3n contra Covid-19 e Influenza en CFT Estatal Tarapac\u00e1"}]},{"@type":"WebSite","@id":"https:\/\/www.cftestataltarapaca.cl\/inicio\/#website","url":"https:\/\/www.cftestataltarapaca.cl\/inicio\/","name":"CFT Estatal Tarapac\u00e1","description":"Admisi\u00f3n 2025","publisher":{"@id":"https:\/\/www.cftestataltarapaca.cl\/inicio\/#organization"},"potentialAction":[{"@type":"SearchAction","target":{"@type":"EntryPoint","urlTemplate":"https:\/\/www.cftestataltarapaca.cl\/inicio\/?s={search_term_string}"},"query-input":{"@type":"PropertyValueSpecification","valueRequired":true,"valueName":"search_term_string"}}],"inLanguage":"es"},{"@type":"Organization","@id":"https:\/\/www.cftestataltarapaca.cl\/inicio\/#organization","name":"CFT Estatal Tarapac\u00e1","url":"https:\/\/www.cftestataltarapaca.cl\/inicio\/","logo":{"@type":"ImageObject","inLanguage":"es","@id":"https:\/\/www.cftestataltarapaca.cl\/inicio\/#\/schema\/logo\/image\/","url":"https:\/\/www.cftestataltarapaca.cl\/inicio\/wp-content\/uploads\/2019\/03\/logo-retina-1.png","contentUrl":"https:\/\/www.cftestataltarapaca.cl\/inicio\/wp-content\/uploads\/2019\/03\/logo-retina-1.png","width":401,"height":150,"caption":"CFT Estatal Tarapac\u00e1"},"image":{"@id":"https:\/\/www.cftestataltarapaca.cl\/inicio\/#\/schema\/logo\/image\/"},"sameAs":["https:\/\/www.facebook.com\/CFTestataltarapaca\/","https:\/\/x.com\/CFTesTarapaca","https:\/\/www.instagram.com\/CFTestataltarapaca\/"]},{"@type":"Person","@id":"https:\/\/www.cftestataltarapaca.cl\/inicio\/#\/schema\/person\/ad1fbfa1fa7c3d3889f4ae5401dd660e","name":"Comunicaciones","image":{"@type":"ImageObject","inLanguage":"es","@id":"https:\/\/secure.gravatar.com\/avatar\/ed1c2728327f20a5a62edaeb7dc181858f225b765044c5314c3d1059a1bd992f?s=96&d=mm&r=g","url":"https:\/\/secure.gravatar.com\/avatar\/ed1c2728327f20a5a62edaeb7dc181858f225b765044c5314c3d1059a1bd992f?s=96&d=mm&r=g","contentUrl":"https:\/\/secure.gravatar.com\/avatar\/ed1c2728327f20a5a62edaeb7dc181858f225b765044c5314c3d1059a1bd992f?s=96&d=mm&r=g","caption":"Comunicaciones"},"sameAs":["http:\/\/www.cftestataltarapaca.cl"],"url":"https:\/\/www.cftestataltarapaca.cl\/inicio\/author\/comunicaciones\/"}]}},"publishpress_future_action":{"enabled":false,"date":"2026-05-08 11:29:15","action":"change-status","newStatus":"draft","terms":[],"taxonomy":"category","extraData":[]},"publishpress_future_workflow_manual_trigger":{"enabledWorkflows":[]},"_links":{"self":[{"href":"https:\/\/www.cftestataltarapaca.cl\/inicio\/wp-json\/wp\/v2\/posts\/7986","targetHints":{"allow":["GET"]}}],"collection":[{"href":"https:\/\/www.cftestataltarapaca.cl\/inicio\/wp-json\/wp\/v2\/posts"}],"about":[{"href":"https:\/\/www.cftestataltarapaca.cl\/inicio\/wp-json\/wp\/v2\/types\/post"}],"author":[{"embeddable":true,"href":"https:\/\/www.cftestataltarapaca.cl\/inicio\/wp-json\/wp\/v2\/users\/2"}],"replies":[{"embeddable":true,"href":"https:\/\/www.cftestataltarapaca.cl\/inicio\/wp-json\/wp\/v2\/comments?post=7986"}],"version-history":[{"count":4,"href":"https:\/\/www.cftestataltarapaca.cl\/inicio\/wp-json\/wp\/v2\/posts\/7986\/revisions"}],"predecessor-version":[{"id":7992,"href":"https:\/\/www.cftestataltarapaca.cl\/inicio\/wp-json\/wp\/v2\/posts\/7986\/revisions\/7992"}],"wp:featuredmedia":[{"embeddable":true,"href":"https:\/\/www.cftestataltarapaca.cl\/inicio\/wp-json\/wp\/v2\/media\/7988"}],"wp:attachment":[{"href":"https:\/\/www.cftestataltarapaca.cl\/inicio\/wp-json\/wp\/v2\/media?parent=7986"}],"wp:term":[{"taxonomy":"category","embeddable":true,"href":"https:\/\/www.cftestataltarapaca.cl\/inicio\/wp-json\/wp\/v2\/categories?post=7986"},{"taxonomy":"post_tag","embeddable":true,"href":"https:\/\/www.cftestataltarapaca.cl\/inicio\/wp-json\/wp\/v2\/tags?post=7986"}],"curies":[{"name":"wp","href":"https:\/\/api.w.org\/{rel}","templated":true}]}}