{"id":8036,"date":"2021-06-23T13:52:54","date_gmt":"2021-06-23T13:52:54","guid":{"rendered":"https:\/\/www.cftestataltarapaca.cl\/inicio\/?p=8036"},"modified":"2021-07-02T21:14:13","modified_gmt":"2021-07-02T21:14:13","slug":"dan-inicio-a-cursos-de-oficio-conducentes-a-carreras-tecnicas-de-nivel-superior","status":"publish","type":"post","link":"https:\/\/www.cftestataltarapaca.cl\/inicio\/2021\/06\/23\/dan-inicio-a-cursos-de-oficio-conducentes-a-carreras-tecnicas-de-nivel-superior\/","title":{"rendered":"Dan inicio a cursos de oficio conducentes a carreras t\u00e9cnicas de nivel superior"},"content":{"rendered":"<p style=\"text-align: justify;\">El 1 de julio inician los cursos de oficios Recepci\u00f3n en Servicio de Turismo y Asistencia en Bodega, ambos conducentes a carreras t\u00e9cnicas de nivel superior, as\u00ed fue informado en la ceremonia con la que se dio la bienvenida a estudiantes del programa \u201cF\u00f3rmate para el trabajo, L\u00ednea continuidad de estudios\u201d, que impulsa el Servicio Nacional de Capacitaci\u00f3n y Empleo, SENCE y que ejecuta el Centro de Formaci\u00f3n T\u00e9cnica Estatal de Tarapac\u00e1.<!--more--><\/p>\n<p style=\"text-align: justify;\">La actividad cont\u00f3 con la presencia de la seremi del Trabajo, Cibel Jim\u00e9nez, junto al seremi de Educaci\u00f3n Claudio Chamorro; el director regional del Sence, Roberto varas y el rector del Centro de Formaci\u00f3n T\u00e9cnica Estatal de Tarapac\u00e1.<\/p>\n<p style=\"text-align: justify;\">En la oportunidad se explic\u00f3 que ambos cursos de oficio son conducentes a carreras t\u00e9cnicas de nivel superior en CFT Estatal de Tarapac\u00e1, es as\u00ed como \u201cRecepci\u00f3n en Servicio de Turismo\u201d se articula con las carreras TNS en Administraci\u00f3n de Empresas y Administraci\u00f3n P\u00fablica y la capacitaci\u00f3n de \u201cAsistencia de Bodega\u201d se articula con la carrera TNS en Log\u00edstica, accediendo con ello a mayores oportunidades para ingresar al mundo laboral.<\/p>\n<p style=\"text-align: justify;\">As\u00ed lo destac\u00f3 la seremi del Trabajo Cibel Jim\u00e9nez, quien indic\u00f3 que la educaci\u00f3n es la \u00fanica que puede generar compatibilidad en el mundo del trabajo, de reinventarse y cambiar de rubro.<\/p>\n<p>En tanto el director regional del Sence, Roberto Varas, tras destacar la labor del CFT Estatal as\u00ed como del compromiso de colaborar a la empleabilidad, valor\u00f3 la pertinencia de los cursos de oficio en \u00e1reas de gran importancia para la regi\u00f3n.<\/p>\n<p>De igual forma el seremi de Educaci\u00f3n inst\u00f3 a las y los estudiantes a que contin\u00faen su proceso formativo en el CFT Estatal a trav\u00e9s de las carreras t\u00e9cnicas de nivel superior en Log\u00edstica, Administraci\u00f3n de Empresas y Administraci\u00f3n P\u00fablica.<\/p>\n<p>Son 50 las personas que realizar\u00e1n los cursos: 25 para Recepci\u00f3n en Servicio de Turismo y 25 para Asistencia en Bodega.<\/p>\n<p>CLASES<\/p>\n<p style=\"text-align: justify;\">El rector del CFT Estatal de Tarapac\u00e1 dijo que dado el contexto de pandemia, los cursos ser\u00e1n en modalidad E-Learning es decir 100% on line para el curso de \u201cRecepci\u00f3n en Servicios de Turismo\u201d y en modalidad B-Learning -on line y presencial- para el curso \u201cAsistencia en Bodega\u201d, respetando las condiciones sanitarias y la fase en la que se encuentre la comuna, y que cada uno tiene una duraci\u00f3n de 230 horas cronol\u00f3gicas. Son 7 los relatores y \/o docentes a cargo de llevar a cabo las clases, las que terminar\u00e1n el 5 y 19 de octubre el curso de Asistente en Bodega y Recepci\u00f3n en Servicio de Turismo, respectivamente.<\/p>\n<p style=\"text-align: justify;\">La L\u00ednea Continuidad de Estudios de la Unidad de Capacitaci\u00f3n y Formaci\u00f3n Continua del CFT Estatal Tarapac\u00e1, permite acceder a una ruta formativa que articula el oficio realizado con una carrera t\u00e9cnica de nivel superior, reconociendo aprendizajes previos y disminuyendo la carga acad\u00e9mica, seg\u00fan los m\u00f3dulos ya aprobados en los cursos de oficios.<\/p>\n","protected":false},"excerpt":{"rendered":"<p>El 1 de julio inician los cursos de oficios Recepci\u00f3n en Servicio de Turismo y Asistencia en Bodega, ambos conducentes a carreras t\u00e9cnicas de nivel superior, as\u00ed fue informado en&#8230;<\/p>\n","protected":false},"author":2,"featured_media":8037,"comment_status":"open","ping_status":"open","sticky":false,"template":"","format":"standard","meta":{"_joinchat":[],"footnotes":""},"categories":[49,52,45],"tags":[75,86,152,151],"class_list":["post-8036","post","type-post","status-publish","format-standard","has-post-thumbnail","hentry","category-academico","category-comunicados","category-vinculacion","tag-alto-hospicio","tag-cft-estatal-tarapaca","tag-cursos-de-oficio","tag-sence"],"yoast_head":"<!-- This site is optimized with the Yoast SEO plugin v27.4 - https:\/\/yoast.com\/product\/yoast-seo-wordpress\/ -->\n<title>Dan inicio a cursos de oficio conducentes a carreras t\u00e9cnicas de nivel superior - CFT Estatal Tarapac\u00e1<\/title>\n<meta name=\"robots\" content=\"index, follow, max-snippet:-1, max-image-preview:large, max-video-preview:-1\" \/>\n<link rel=\"canonical\" href=\"https:\/\/www.cftestataltarapaca.cl\/inicio\/2021\/06\/23\/dan-inicio-a-cursos-de-oficio-conducentes-a-carreras-tecnicas-de-nivel-superior\/\" \/>\n<meta property=\"og:locale\" content=\"es_ES\" \/>\n<meta property=\"og:type\" content=\"article\" \/>\n<meta property=\"og:title\" content=\"Dan inicio a cursos de oficio conducentes a carreras t\u00e9cnicas de nivel superior - CFT Estatal Tarapac\u00e1\" \/>\n<meta property=\"og:description\" content=\"El 1 de julio inician los cursos de oficios Recepci\u00f3n en Servicio de Turismo y Asistencia en Bodega, ambos conducentes a carreras t\u00e9cnicas de nivel superior, as\u00ed fue informado en...\" \/>\n<meta property=\"og:url\" content=\"https:\/\/www.cftestataltarapaca.cl\/inicio\/2021\/06\/23\/dan-inicio-a-cursos-de-oficio-conducentes-a-carreras-tecnicas-de-nivel-superior\/\" \/>\n<meta property=\"og:site_name\" content=\"CFT Estatal Tarapac\u00e1\" \/>\n<meta property=\"article:publisher\" content=\"https:\/\/www.facebook.com\/CFTestataltarapaca\/\" \/>\n<meta property=\"article:published_time\" content=\"2021-06-23T13:52:54+00:00\" \/>\n<meta property=\"article:modified_time\" content=\"2021-07-02T21:14:13+00:00\" \/>\n<meta property=\"og:image\" content=\"https:\/\/www.cftestataltarapaca.cl\/inicio\/wp-content\/uploads\/2021\/06\/sence-1.jpg\" \/>\n\t<meta property=\"og:image:width\" content=\"1440\" \/>\n\t<meta property=\"og:image:height\" content=\"900\" \/>\n\t<meta property=\"og:image:type\" content=\"image\/jpeg\" \/>\n<meta name=\"author\" content=\"Comunicaciones\" \/>\n<meta name=\"twitter:card\" content=\"summary_large_image\" \/>\n<meta name=\"twitter:creator\" content=\"@CFTesTarapaca\" \/>\n<meta name=\"twitter:site\" content=\"@CFTesTarapaca\" \/>\n<meta name=\"twitter:label1\" content=\"Escrito por\" \/>\n\t<meta name=\"twitter:data1\" content=\"Comunicaciones\" \/>\n\t<meta name=\"twitter:label2\" content=\"Tiempo de lectura\" \/>\n\t<meta name=\"twitter:data2\" content=\"3 minutos\" \/>\n<script type=\"application\/ld+json\" class=\"yoast-schema-graph\">{\"@context\":\"https:\\\/\\\/schema.org\",\"@graph\":[{\"@type\":\"Article\",\"@id\":\"https:\\\/\\\/www.cftestataltarapaca.cl\\\/inicio\\\/2021\\\/06\\\/23\\\/dan-inicio-a-cursos-de-oficio-conducentes-a-carreras-tecnicas-de-nivel-superior\\\/#article\",\"isPartOf\":{\"@id\":\"https:\\\/\\\/www.cftestataltarapaca.cl\\\/inicio\\\/2021\\\/06\\\/23\\\/dan-inicio-a-cursos-de-oficio-conducentes-a-carreras-tecnicas-de-nivel-superior\\\/\"},\"author\":{\"name\":\"Comunicaciones\",\"@id\":\"https:\\\/\\\/www.cftestataltarapaca.cl\\\/inicio\\\/#\\\/schema\\\/person\\\/ad1fbfa1fa7c3d3889f4ae5401dd660e\"},\"headline\":\"Dan inicio a cursos de oficio conducentes a carreras t\u00e9cnicas de nivel superior\",\"datePublished\":\"2021-06-23T13:52:54+00:00\",\"dateModified\":\"2021-07-02T21:14:13+00:00\",\"mainEntityOfPage\":{\"@id\":\"https:\\\/\\\/www.cftestataltarapaca.cl\\\/inicio\\\/2021\\\/06\\\/23\\\/dan-inicio-a-cursos-de-oficio-conducentes-a-carreras-tecnicas-de-nivel-superior\\\/\"},\"wordCount\":527,\"commentCount\":0,\"publisher\":{\"@id\":\"https:\\\/\\\/www.cftestataltarapaca.cl\\\/inicio\\\/#organization\"},\"image\":{\"@id\":\"https:\\\/\\\/www.cftestataltarapaca.cl\\\/inicio\\\/2021\\\/06\\\/23\\\/dan-inicio-a-cursos-de-oficio-conducentes-a-carreras-tecnicas-de-nivel-superior\\\/#primaryimage\"},\"thumbnailUrl\":\"https:\\\/\\\/www.cftestataltarapaca.cl\\\/inicio\\\/wp-content\\\/uploads\\\/2021\\\/06\\\/sence-1.jpg\",\"keywords\":[\"Alto Hospicio\",\"CFT Estatal Tarapac\u00e1\",\"cursos de oficio\",\"sence\"],\"articleSection\":[\"Acad\u00e9mico\",\"Comunicados\",\"Vinculaci\u00f3n\"],\"inLanguage\":\"es\",\"potentialAction\":[{\"@type\":\"CommentAction\",\"name\":\"Comment\",\"target\":[\"https:\\\/\\\/www.cftestataltarapaca.cl\\\/inicio\\\/2021\\\/06\\\/23\\\/dan-inicio-a-cursos-de-oficio-conducentes-a-carreras-tecnicas-de-nivel-superior\\\/#respond\"]}]},{\"@type\":\"WebPage\",\"@id\":\"https:\\\/\\\/www.cftestataltarapaca.cl\\\/inicio\\\/2021\\\/06\\\/23\\\/dan-inicio-a-cursos-de-oficio-conducentes-a-carreras-tecnicas-de-nivel-superior\\\/\",\"url\":\"https:\\\/\\\/www.cftestataltarapaca.cl\\\/inicio\\\/2021\\\/06\\\/23\\\/dan-inicio-a-cursos-de-oficio-conducentes-a-carreras-tecnicas-de-nivel-superior\\\/\",\"name\":\"Dan inicio a cursos de oficio conducentes a carreras t\u00e9cnicas de nivel superior - CFT Estatal Tarapac\u00e1\",\"isPartOf\":{\"@id\":\"https:\\\/\\\/www.cftestataltarapaca.cl\\\/inicio\\\/#website\"},\"primaryImageOfPage\":{\"@id\":\"https:\\\/\\\/www.cftestataltarapaca.cl\\\/inicio\\\/2021\\\/06\\\/23\\\/dan-inicio-a-cursos-de-oficio-conducentes-a-carreras-tecnicas-de-nivel-superior\\\/#primaryimage\"},\"image\":{\"@id\":\"https:\\\/\\\/www.cftestataltarapaca.cl\\\/inicio\\\/2021\\\/06\\\/23\\\/dan-inicio-a-cursos-de-oficio-conducentes-a-carreras-tecnicas-de-nivel-superior\\\/#primaryimage\"},\"thumbnailUrl\":\"https:\\\/\\\/www.cftestataltarapaca.cl\\\/inicio\\\/wp-content\\\/uploads\\\/2021\\\/06\\\/sence-1.jpg\",\"datePublished\":\"2021-06-23T13:52:54+00:00\",\"dateModified\":\"2021-07-02T21:14:13+00:00\",\"breadcrumb\":{\"@id\":\"https:\\\/\\\/www.cftestataltarapaca.cl\\\/inicio\\\/2021\\\/06\\\/23\\\/dan-inicio-a-cursos-de-oficio-conducentes-a-carreras-tecnicas-de-nivel-superior\\\/#breadcrumb\"},\"inLanguage\":\"es\",\"potentialAction\":[{\"@type\":\"ReadAction\",\"target\":[\"https:\\\/\\\/www.cftestataltarapaca.cl\\\/inicio\\\/2021\\\/06\\\/23\\\/dan-inicio-a-cursos-de-oficio-conducentes-a-carreras-tecnicas-de-nivel-superior\\\/\"]}]},{\"@type\":\"ImageObject\",\"inLanguage\":\"es\",\"@id\":\"https:\\\/\\\/www.cftestataltarapaca.cl\\\/inicio\\\/2021\\\/06\\\/23\\\/dan-inicio-a-cursos-de-oficio-conducentes-a-carreras-tecnicas-de-nivel-superior\\\/#primaryimage\",\"url\":\"https:\\\/\\\/www.cftestataltarapaca.cl\\\/inicio\\\/wp-content\\\/uploads\\\/2021\\\/06\\\/sence-1.jpg\",\"contentUrl\":\"https:\\\/\\\/www.cftestataltarapaca.cl\\\/inicio\\\/wp-content\\\/uploads\\\/2021\\\/06\\\/sence-1.jpg\",\"width\":1440,\"height\":900},{\"@type\":\"BreadcrumbList\",\"@id\":\"https:\\\/\\\/www.cftestataltarapaca.cl\\\/inicio\\\/2021\\\/06\\\/23\\\/dan-inicio-a-cursos-de-oficio-conducentes-a-carreras-tecnicas-de-nivel-superior\\\/#breadcrumb\",\"itemListElement\":[{\"@type\":\"ListItem\",\"position\":1,\"name\":\"Portada\",\"item\":\"https:\\\/\\\/www.cftestataltarapaca.cl\\\/inicio\\\/\"},{\"@type\":\"ListItem\",\"position\":2,\"name\":\"Dan inicio a cursos de oficio conducentes a carreras t\u00e9cnicas de nivel superior\"}]},{\"@type\":\"WebSite\",\"@id\":\"https:\\\/\\\/www.cftestataltarapaca.cl\\\/inicio\\\/#website\",\"url\":\"https:\\\/\\\/www.cftestataltarapaca.cl\\\/inicio\\\/\",\"name\":\"CFT Estatal Tarapac\u00e1\",\"description\":\"Admisi\u00f3n 2025\",\"publisher\":{\"@id\":\"https:\\\/\\\/www.cftestataltarapaca.cl\\\/inicio\\\/#organization\"},\"potentialAction\":[{\"@type\":\"SearchAction\",\"target\":{\"@type\":\"EntryPoint\",\"urlTemplate\":\"https:\\\/\\\/www.cftestataltarapaca.cl\\\/inicio\\\/?s={search_term_string}\"},\"query-input\":{\"@type\":\"PropertyValueSpecification\",\"valueRequired\":true,\"valueName\":\"search_term_string\"}}],\"inLanguage\":\"es\"},{\"@type\":\"Organization\",\"@id\":\"https:\\\/\\\/www.cftestataltarapaca.cl\\\/inicio\\\/#organization\",\"name\":\"CFT Estatal Tarapac\u00e1\",\"url\":\"https:\\\/\\\/www.cftestataltarapaca.cl\\\/inicio\\\/\",\"logo\":{\"@type\":\"ImageObject\",\"inLanguage\":\"es\",\"@id\":\"https:\\\/\\\/www.cftestataltarapaca.cl\\\/inicio\\\/#\\\/schema\\\/logo\\\/image\\\/\",\"url\":\"https:\\\/\\\/www.cftestataltarapaca.cl\\\/inicio\\\/wp-content\\\/uploads\\\/2019\\\/03\\\/logo-retina-1.png\",\"contentUrl\":\"https:\\\/\\\/www.cftestataltarapaca.cl\\\/inicio\\\/wp-content\\\/uploads\\\/2019\\\/03\\\/logo-retina-1.png\",\"width\":401,\"height\":150,\"caption\":\"CFT Estatal Tarapac\u00e1\"},\"image\":{\"@id\":\"https:\\\/\\\/www.cftestataltarapaca.cl\\\/inicio\\\/#\\\/schema\\\/logo\\\/image\\\/\"},\"sameAs\":[\"https:\\\/\\\/www.facebook.com\\\/CFTestataltarapaca\\\/\",\"https:\\\/\\\/x.com\\\/CFTesTarapaca\",\"https:\\\/\\\/www.instagram.com\\\/CFTestataltarapaca\\\/\"]},{\"@type\":\"Person\",\"@id\":\"https:\\\/\\\/www.cftestataltarapaca.cl\\\/inicio\\\/#\\\/schema\\\/person\\\/ad1fbfa1fa7c3d3889f4ae5401dd660e\",\"name\":\"Comunicaciones\",\"image\":{\"@type\":\"ImageObject\",\"inLanguage\":\"es\",\"@id\":\"https:\\\/\\\/secure.gravatar.com\\\/avatar\\\/ed1c2728327f20a5a62edaeb7dc181858f225b765044c5314c3d1059a1bd992f?s=96&d=mm&r=g\",\"url\":\"https:\\\/\\\/secure.gravatar.com\\\/avatar\\\/ed1c2728327f20a5a62edaeb7dc181858f225b765044c5314c3d1059a1bd992f?s=96&d=mm&r=g\",\"contentUrl\":\"https:\\\/\\\/secure.gravatar.com\\\/avatar\\\/ed1c2728327f20a5a62edaeb7dc181858f225b765044c5314c3d1059a1bd992f?s=96&d=mm&r=g\",\"caption\":\"Comunicaciones\"},\"sameAs\":[\"http:\\\/\\\/www.cftestataltarapaca.cl\"],\"url\":\"https:\\\/\\\/www.cftestataltarapaca.cl\\\/inicio\\\/author\\\/comunicaciones\\\/\"}]}<\/script>\n<!-- \/ Yoast SEO plugin. -->","yoast_head_json":{"title":"Dan inicio a cursos de oficio conducentes a carreras t\u00e9cnicas de nivel superior - CFT Estatal Tarapac\u00e1","robots":{"index":"index","follow":"follow","max-snippet":"max-snippet:-1","max-image-preview":"max-image-preview:large","max-video-preview":"max-video-preview:-1"},"canonical":"https:\/\/www.cftestataltarapaca.cl\/inicio\/2021\/06\/23\/dan-inicio-a-cursos-de-oficio-conducentes-a-carreras-tecnicas-de-nivel-superior\/","og_locale":"es_ES","og_type":"article","og_title":"Dan inicio a cursos de oficio conducentes a carreras t\u00e9cnicas de nivel superior - CFT Estatal Tarapac\u00e1","og_description":"El 1 de julio inician los cursos de oficios Recepci\u00f3n en Servicio de Turismo y Asistencia en Bodega, ambos conducentes a carreras t\u00e9cnicas de nivel superior, as\u00ed fue informado en...","og_url":"https:\/\/www.cftestataltarapaca.cl\/inicio\/2021\/06\/23\/dan-inicio-a-cursos-de-oficio-conducentes-a-carreras-tecnicas-de-nivel-superior\/","og_site_name":"CFT Estatal Tarapac\u00e1","article_publisher":"https:\/\/www.facebook.com\/CFTestataltarapaca\/","article_published_time":"2021-06-23T13:52:54+00:00","article_modified_time":"2021-07-02T21:14:13+00:00","og_image":[{"width":1440,"height":900,"url":"https:\/\/www.cftestataltarapaca.cl\/inicio\/wp-content\/uploads\/2021\/06\/sence-1.jpg","type":"image\/jpeg"}],"author":"Comunicaciones","twitter_card":"summary_large_image","twitter_creator":"@CFTesTarapaca","twitter_site":"@CFTesTarapaca","twitter_misc":{"Escrito por":"Comunicaciones","Tiempo de lectura":"3 minutos"},"schema":{"@context":"https:\/\/schema.org","@graph":[{"@type":"Article","@id":"https:\/\/www.cftestataltarapaca.cl\/inicio\/2021\/06\/23\/dan-inicio-a-cursos-de-oficio-conducentes-a-carreras-tecnicas-de-nivel-superior\/#article","isPartOf":{"@id":"https:\/\/www.cftestataltarapaca.cl\/inicio\/2021\/06\/23\/dan-inicio-a-cursos-de-oficio-conducentes-a-carreras-tecnicas-de-nivel-superior\/"},"author":{"name":"Comunicaciones","@id":"https:\/\/www.cftestataltarapaca.cl\/inicio\/#\/schema\/person\/ad1fbfa1fa7c3d3889f4ae5401dd660e"},"headline":"Dan inicio a cursos de oficio conducentes a carreras t\u00e9cnicas de nivel superior","datePublished":"2021-06-23T13:52:54+00:00","dateModified":"2021-07-02T21:14:13+00:00","mainEntityOfPage":{"@id":"https:\/\/www.cftestataltarapaca.cl\/inicio\/2021\/06\/23\/dan-inicio-a-cursos-de-oficio-conducentes-a-carreras-tecnicas-de-nivel-superior\/"},"wordCount":527,"commentCount":0,"publisher":{"@id":"https:\/\/www.cftestataltarapaca.cl\/inicio\/#organization"},"image":{"@id":"https:\/\/www.cftestataltarapaca.cl\/inicio\/2021\/06\/23\/dan-inicio-a-cursos-de-oficio-conducentes-a-carreras-tecnicas-de-nivel-superior\/#primaryimage"},"thumbnailUrl":"https:\/\/www.cftestataltarapaca.cl\/inicio\/wp-content\/uploads\/2021\/06\/sence-1.jpg","keywords":["Alto Hospicio","CFT Estatal Tarapac\u00e1","cursos de oficio","sence"],"articleSection":["Acad\u00e9mico","Comunicados","Vinculaci\u00f3n"],"inLanguage":"es","potentialAction":[{"@type":"CommentAction","name":"Comment","target":["https:\/\/www.cftestataltarapaca.cl\/inicio\/2021\/06\/23\/dan-inicio-a-cursos-de-oficio-conducentes-a-carreras-tecnicas-de-nivel-superior\/#respond"]}]},{"@type":"WebPage","@id":"https:\/\/www.cftestataltarapaca.cl\/inicio\/2021\/06\/23\/dan-inicio-a-cursos-de-oficio-conducentes-a-carreras-tecnicas-de-nivel-superior\/","url":"https:\/\/www.cftestataltarapaca.cl\/inicio\/2021\/06\/23\/dan-inicio-a-cursos-de-oficio-conducentes-a-carreras-tecnicas-de-nivel-superior\/","name":"Dan inicio a cursos de oficio conducentes a carreras t\u00e9cnicas de nivel superior - CFT Estatal Tarapac\u00e1","isPartOf":{"@id":"https:\/\/www.cftestataltarapaca.cl\/inicio\/#website"},"primaryImageOfPage":{"@id":"https:\/\/www.cftestataltarapaca.cl\/inicio\/2021\/06\/23\/dan-inicio-a-cursos-de-oficio-conducentes-a-carreras-tecnicas-de-nivel-superior\/#primaryimage"},"image":{"@id":"https:\/\/www.cftestataltarapaca.cl\/inicio\/2021\/06\/23\/dan-inicio-a-cursos-de-oficio-conducentes-a-carreras-tecnicas-de-nivel-superior\/#primaryimage"},"thumbnailUrl":"https:\/\/www.cftestataltarapaca.cl\/inicio\/wp-content\/uploads\/2021\/06\/sence-1.jpg","datePublished":"2021-06-23T13:52:54+00:00","dateModified":"2021-07-02T21:14:13+00:00","breadcrumb":{"@id":"https:\/\/www.cftestataltarapaca.cl\/inicio\/2021\/06\/23\/dan-inicio-a-cursos-de-oficio-conducentes-a-carreras-tecnicas-de-nivel-superior\/#breadcrumb"},"inLanguage":"es","potentialAction":[{"@type":"ReadAction","target":["https:\/\/www.cftestataltarapaca.cl\/inicio\/2021\/06\/23\/dan-inicio-a-cursos-de-oficio-conducentes-a-carreras-tecnicas-de-nivel-superior\/"]}]},{"@type":"ImageObject","inLanguage":"es","@id":"https:\/\/www.cftestataltarapaca.cl\/inicio\/2021\/06\/23\/dan-inicio-a-cursos-de-oficio-conducentes-a-carreras-tecnicas-de-nivel-superior\/#primaryimage","url":"https:\/\/www.cftestataltarapaca.cl\/inicio\/wp-content\/uploads\/2021\/06\/sence-1.jpg","contentUrl":"https:\/\/www.cftestataltarapaca.cl\/inicio\/wp-content\/uploads\/2021\/06\/sence-1.jpg","width":1440,"height":900},{"@type":"BreadcrumbList","@id":"https:\/\/www.cftestataltarapaca.cl\/inicio\/2021\/06\/23\/dan-inicio-a-cursos-de-oficio-conducentes-a-carreras-tecnicas-de-nivel-superior\/#breadcrumb","itemListElement":[{"@type":"ListItem","position":1,"name":"Portada","item":"https:\/\/www.cftestataltarapaca.cl\/inicio\/"},{"@type":"ListItem","position":2,"name":"Dan inicio a cursos de oficio conducentes a carreras t\u00e9cnicas de nivel superior"}]},{"@type":"WebSite","@id":"https:\/\/www.cftestataltarapaca.cl\/inicio\/#website","url":"https:\/\/www.cftestataltarapaca.cl\/inicio\/","name":"CFT Estatal Tarapac\u00e1","description":"Admisi\u00f3n 2025","publisher":{"@id":"https:\/\/www.cftestataltarapaca.cl\/inicio\/#organization"},"potentialAction":[{"@type":"SearchAction","target":{"@type":"EntryPoint","urlTemplate":"https:\/\/www.cftestataltarapaca.cl\/inicio\/?s={search_term_string}"},"query-input":{"@type":"PropertyValueSpecification","valueRequired":true,"valueName":"search_term_string"}}],"inLanguage":"es"},{"@type":"Organization","@id":"https:\/\/www.cftestataltarapaca.cl\/inicio\/#organization","name":"CFT Estatal Tarapac\u00e1","url":"https:\/\/www.cftestataltarapaca.cl\/inicio\/","logo":{"@type":"ImageObject","inLanguage":"es","@id":"https:\/\/www.cftestataltarapaca.cl\/inicio\/#\/schema\/logo\/image\/","url":"https:\/\/www.cftestataltarapaca.cl\/inicio\/wp-content\/uploads\/2019\/03\/logo-retina-1.png","contentUrl":"https:\/\/www.cftestataltarapaca.cl\/inicio\/wp-content\/uploads\/2019\/03\/logo-retina-1.png","width":401,"height":150,"caption":"CFT Estatal Tarapac\u00e1"},"image":{"@id":"https:\/\/www.cftestataltarapaca.cl\/inicio\/#\/schema\/logo\/image\/"},"sameAs":["https:\/\/www.facebook.com\/CFTestataltarapaca\/","https:\/\/x.com\/CFTesTarapaca","https:\/\/www.instagram.com\/CFTestataltarapaca\/"]},{"@type":"Person","@id":"https:\/\/www.cftestataltarapaca.cl\/inicio\/#\/schema\/person\/ad1fbfa1fa7c3d3889f4ae5401dd660e","name":"Comunicaciones","image":{"@type":"ImageObject","inLanguage":"es","@id":"https:\/\/secure.gravatar.com\/avatar\/ed1c2728327f20a5a62edaeb7dc181858f225b765044c5314c3d1059a1bd992f?s=96&d=mm&r=g","url":"https:\/\/secure.gravatar.com\/avatar\/ed1c2728327f20a5a62edaeb7dc181858f225b765044c5314c3d1059a1bd992f?s=96&d=mm&r=g","contentUrl":"https:\/\/secure.gravatar.com\/avatar\/ed1c2728327f20a5a62edaeb7dc181858f225b765044c5314c3d1059a1bd992f?s=96&d=mm&r=g","caption":"Comunicaciones"},"sameAs":["http:\/\/www.cftestataltarapaca.cl"],"url":"https:\/\/www.cftestataltarapaca.cl\/inicio\/author\/comunicaciones\/"}]}},"publishpress_future_action":{"enabled":false,"date":"2026-05-08 12:37:24","action":"change-status","newStatus":"draft","terms":[],"taxonomy":"category","extraData":[]},"publishpress_future_workflow_manual_trigger":{"enabledWorkflows":[]},"_links":{"self":[{"href":"https:\/\/www.cftestataltarapaca.cl\/inicio\/wp-json\/wp\/v2\/posts\/8036","targetHints":{"allow":["GET"]}}],"collection":[{"href":"https:\/\/www.cftestataltarapaca.cl\/inicio\/wp-json\/wp\/v2\/posts"}],"about":[{"href":"https:\/\/www.cftestataltarapaca.cl\/inicio\/wp-json\/wp\/v2\/types\/post"}],"author":[{"embeddable":true,"href":"https:\/\/www.cftestataltarapaca.cl\/inicio\/wp-json\/wp\/v2\/users\/2"}],"replies":[{"embeddable":true,"href":"https:\/\/www.cftestataltarapaca.cl\/inicio\/wp-json\/wp\/v2\/comments?post=8036"}],"version-history":[{"count":2,"href":"https:\/\/www.cftestataltarapaca.cl\/inicio\/wp-json\/wp\/v2\/posts\/8036\/revisions"}],"predecessor-version":[{"id":8146,"href":"https:\/\/www.cftestataltarapaca.cl\/inicio\/wp-json\/wp\/v2\/posts\/8036\/revisions\/8146"}],"wp:featuredmedia":[{"embeddable":true,"href":"https:\/\/www.cftestataltarapaca.cl\/inicio\/wp-json\/wp\/v2\/media\/8037"}],"wp:attachment":[{"href":"https:\/\/www.cftestataltarapaca.cl\/inicio\/wp-json\/wp\/v2\/media?parent=8036"}],"wp:term":[{"taxonomy":"category","embeddable":true,"href":"https:\/\/www.cftestataltarapaca.cl\/inicio\/wp-json\/wp\/v2\/categories?post=8036"},{"taxonomy":"post_tag","embeddable":true,"href":"https:\/\/www.cftestataltarapaca.cl\/inicio\/wp-json\/wp\/v2\/tags?post=8036"}],"curies":[{"name":"wp","href":"https:\/\/api.w.org\/{rel}","templated":true}]}}