{"id":8157,"date":"2021-07-19T13:39:41","date_gmt":"2021-07-19T13:39:41","guid":{"rendered":"https:\/\/www.cftestataltarapaca.cl\/inicio\/?p=8157"},"modified":"2021-09-03T01:00:40","modified_gmt":"2021-09-03T01:00:40","slug":"evaluacion-de-practicas-laborales-un-nuevo-hito-para-cft-estatal-tarapaca","status":"publish","type":"post","link":"https:\/\/www.cftestataltarapaca.cl\/inicio\/2021\/07\/19\/evaluacion-de-practicas-laborales-un-nuevo-hito-para-cft-estatal-tarapaca\/","title":{"rendered":"Evaluaci\u00f3n de pr\u00e1cticas laborales, un nuevo hito para CFT Estatal Tarapac\u00e1"},"content":{"rendered":"<ul>\n<li style=\"text-align: justify;\"><strong>Cinco estudiantes de la carrera TNS en Administraci\u00f3n de Empresas fueron las y los primeros de la instituci\u00f3n en cumplir con requisito que les acerca a la titulaci\u00f3n.<\/strong><\/li>\n<\/ul>\n<p style=\"text-align: justify;\">La evaluaci\u00f3n de pr\u00e1ctica laboral es un hito importante para estudiantes de las carreras t\u00e9cnicas de nivel superior, pues corresponde a uno de los \u00faltimos requisitos\u00a0 que el alumno (a) de pregrado debe cumplir para titularse formalmente.<!--more--><\/p>\n<p style=\"text-align: justify;\">Fue ese el paso dado en el centro de Formaci\u00f3n T\u00e9cnica Estatal de Tarapac\u00e1, instituci\u00f3n que escribi\u00f3 un nuevo cap\u00edtulo en su historia luego que cinco estudiantes de la carrera t\u00e9cnica de nivel superior en Administraci\u00f3n de Empresas rindieran su evaluaci\u00f3n de pr\u00e1ctica ante la comisi\u00f3n evaluadora, conformada por Roberto Urdanivia, Director Acad\u00e9mico; Richard De Nordenflycht, Jefe de Carrera de Administraci\u00f3n de Empresas y Francisco Contreras, Jefe de la Carrera TNS en Administraci\u00f3n P\u00fablica.<\/p>\n<p style=\"text-align: justify;\">La actividad, efectuada de manera presencial y manteniendo las medidas sanitarias correspondientes, tambi\u00e9n cont\u00f3 con la presencia del Rector Jorge Villegas y de acad\u00e9micos y jefes de otras carreras t\u00e9cnicas. La autoridad acad\u00e9mica destac\u00f3 y reconoci\u00f3 la dedicaci\u00f3n e inter\u00e9s demostrado por quienes cumplieron con el procedimiento que les acerca a la titulaci\u00f3n.<\/p>\n<p style=\"text-align: justify;\">Se trata de la primera evaluaci\u00f3n de pr\u00e1ctica T\u00e9cnico de Nivel Superior, actividad realizada en CFT Estatal Tarapac\u00e1 con estudiantes que forman parte de la primera generaci\u00f3n y que continu\u00f3 con cuatro alumnas de la misma carrera el jueves 15 de julio.<\/p>\n<p style=\"text-align: justify;\">Fue as\u00ed que como, la estudiante Melanie Callejas Torres, que efectu\u00f3 su pr\u00e1ctica en la Hotel integrante de la cadena Accor, expuso respecto a las labores que desempe\u00f1\u00f3, el aporte realizado y lo aprendido.<\/p>\n<p style=\"text-align: justify;\">Luego de ella presentaron Gladys Dur\u00e1n Mendieta, Carolina Sandoval Rojas, Eric Mcconell Araya, Andrea Cejas Ramos. El 15 de julio expusieron Waleska Villanueva Bastidas, Isabel Bravo Guzm\u00e1n y Elizabeth Bueno N\u00fa\u00f1ez. Todos aprobaron y fueron destacados por el esfuerzo y dedicaci\u00f3n entregada no solo en la etapa formativa sino tambi\u00e9n de pr\u00e1ctica laboral.<\/p>\n<p style=\"text-align: justify;\">La Unidad de Pr\u00e1cticas Laborales ya tiene agendadas ceremonias de evaluaci\u00f3n para las carreras de TNS en Log\u00edstica y Mec\u00e1nico Mantenimiento Predictivo. En paralelo se presta apoyo y orientaci\u00f3n a quienes no han realizado sus pr\u00e1cticas y se preparan a efectuarlas una vez terminado el quinto semestre acad\u00e9mico.<\/p>\n<p>&nbsp;<\/p>\n<p><img loading=\"lazy\" decoding=\"async\" class=\"alignnone size-medium wp-image-8159\" src=\"https:\/\/www.cftestataltarapaca.cl\/inicio\/wp-content\/uploads\/2021\/07\/WhatsApp-Image-2021-07-14-at-13.37.35-300x225.jpeg\" alt=\"\" width=\"300\" height=\"225\" srcset=\"https:\/\/www.cftestataltarapaca.cl\/inicio\/wp-content\/uploads\/2021\/07\/WhatsApp-Image-2021-07-14-at-13.37.35-300x225.jpeg 300w, https:\/\/www.cftestataltarapaca.cl\/inicio\/wp-content\/uploads\/2021\/07\/WhatsApp-Image-2021-07-14-at-13.37.35-768x576.jpeg 768w, https:\/\/www.cftestataltarapaca.cl\/inicio\/wp-content\/uploads\/2021\/07\/WhatsApp-Image-2021-07-14-at-13.37.35.jpeg 1024w\" sizes=\"auto, (max-width: 300px) 100vw, 300px\" \/><img loading=\"lazy\" decoding=\"async\" class=\"alignnone size-medium wp-image-8160\" src=\"https:\/\/www.cftestataltarapaca.cl\/inicio\/wp-content\/uploads\/2021\/07\/WhatsApp-Image-2021-07-14-at-13.38.21-300x225.jpeg\" alt=\"\" width=\"300\" height=\"225\" srcset=\"https:\/\/www.cftestataltarapaca.cl\/inicio\/wp-content\/uploads\/2021\/07\/WhatsApp-Image-2021-07-14-at-13.38.21-300x225.jpeg 300w, https:\/\/www.cftestataltarapaca.cl\/inicio\/wp-content\/uploads\/2021\/07\/WhatsApp-Image-2021-07-14-at-13.38.21-768x576.jpeg 768w, https:\/\/www.cftestataltarapaca.cl\/inicio\/wp-content\/uploads\/2021\/07\/WhatsApp-Image-2021-07-14-at-13.38.21.jpeg 1024w\" sizes=\"auto, (max-width: 300px) 100vw, 300px\" \/><img loading=\"lazy\" decoding=\"async\" class=\"alignnone size-medium wp-image-8161\" src=\"https:\/\/www.cftestataltarapaca.cl\/inicio\/wp-content\/uploads\/2021\/07\/WhatsApp-Image-2021-07-14-at-13.38.44-300x225.jpeg\" alt=\"\" width=\"300\" height=\"225\" srcset=\"https:\/\/www.cftestataltarapaca.cl\/inicio\/wp-content\/uploads\/2021\/07\/WhatsApp-Image-2021-07-14-at-13.38.44-300x225.jpeg 300w, https:\/\/www.cftestataltarapaca.cl\/inicio\/wp-content\/uploads\/2021\/07\/WhatsApp-Image-2021-07-14-at-13.38.44-768x576.jpeg 768w, https:\/\/www.cftestataltarapaca.cl\/inicio\/wp-content\/uploads\/2021\/07\/WhatsApp-Image-2021-07-14-at-13.38.44.jpeg 1024w\" sizes=\"auto, (max-width: 300px) 100vw, 300px\" \/><img loading=\"lazy\" decoding=\"async\" class=\"alignnone size-medium wp-image-8162\" src=\"https:\/\/www.cftestataltarapaca.cl\/inicio\/wp-content\/uploads\/2021\/07\/WhatsApp-Image-2021-07-14-at-13.39.02-300x225.jpeg\" alt=\"\" width=\"300\" height=\"225\" srcset=\"https:\/\/www.cftestataltarapaca.cl\/inicio\/wp-content\/uploads\/2021\/07\/WhatsApp-Image-2021-07-14-at-13.39.02-300x225.jpeg 300w, https:\/\/www.cftestataltarapaca.cl\/inicio\/wp-content\/uploads\/2021\/07\/WhatsApp-Image-2021-07-14-at-13.39.02-768x576.jpeg 768w, https:\/\/www.cftestataltarapaca.cl\/inicio\/wp-content\/uploads\/2021\/07\/WhatsApp-Image-2021-07-14-at-13.39.02.jpeg 1024w\" sizes=\"auto, (max-width: 300px) 100vw, 300px\" \/><img loading=\"lazy\" decoding=\"async\" class=\"alignnone size-medium wp-image-8163\" src=\"https:\/\/www.cftestataltarapaca.cl\/inicio\/wp-content\/uploads\/2021\/07\/WhatsApp-Image-2021-07-14-at-13.45.44-300x225.jpeg\" alt=\"\" width=\"300\" height=\"225\" srcset=\"https:\/\/www.cftestataltarapaca.cl\/inicio\/wp-content\/uploads\/2021\/07\/WhatsApp-Image-2021-07-14-at-13.45.44-300x225.jpeg 300w, https:\/\/www.cftestataltarapaca.cl\/inicio\/wp-content\/uploads\/2021\/07\/WhatsApp-Image-2021-07-14-at-13.45.44-1024x766.jpeg 1024w, https:\/\/www.cftestataltarapaca.cl\/inicio\/wp-content\/uploads\/2021\/07\/WhatsApp-Image-2021-07-14-at-13.45.44-768x575.jpeg 768w, https:\/\/www.cftestataltarapaca.cl\/inicio\/wp-content\/uploads\/2021\/07\/WhatsApp-Image-2021-07-14-at-13.45.44.jpeg 1280w\" sizes=\"auto, (max-width: 300px) 100vw, 300px\" \/><img loading=\"lazy\" decoding=\"async\" class=\"alignnone size-medium wp-image-8164\" src=\"https:\/\/www.cftestataltarapaca.cl\/inicio\/wp-content\/uploads\/2021\/07\/WhatsApp-Image-2021-07-15-at-17.23.52-300x200.jpeg\" alt=\"\" width=\"300\" height=\"200\" srcset=\"https:\/\/www.cftestataltarapaca.cl\/inicio\/wp-content\/uploads\/2021\/07\/WhatsApp-Image-2021-07-15-at-17.23.52-300x200.jpeg 300w, https:\/\/www.cftestataltarapaca.cl\/inicio\/wp-content\/uploads\/2021\/07\/WhatsApp-Image-2021-07-15-at-17.23.52-1024x682.jpeg 1024w, https:\/\/www.cftestataltarapaca.cl\/inicio\/wp-content\/uploads\/2021\/07\/WhatsApp-Image-2021-07-15-at-17.23.52-768x512.jpeg 768w, https:\/\/www.cftestataltarapaca.cl\/inicio\/wp-content\/uploads\/2021\/07\/WhatsApp-Image-2021-07-15-at-17.23.52-900x600.jpeg 900w, https:\/\/www.cftestataltarapaca.cl\/inicio\/wp-content\/uploads\/2021\/07\/WhatsApp-Image-2021-07-15-at-17.23.52.jpeg 1280w\" sizes=\"auto, (max-width: 300px) 100vw, 300px\" \/><img loading=\"lazy\" decoding=\"async\" class=\"alignnone size-medium wp-image-8165\" src=\"https:\/\/www.cftestataltarapaca.cl\/inicio\/wp-content\/uploads\/2021\/07\/WhatsApp-Image-2021-07-15-at-17.23.55-300x200.jpeg\" alt=\"\" width=\"300\" height=\"200\" srcset=\"https:\/\/www.cftestataltarapaca.cl\/inicio\/wp-content\/uploads\/2021\/07\/WhatsApp-Image-2021-07-15-at-17.23.55-300x200.jpeg 300w, https:\/\/www.cftestataltarapaca.cl\/inicio\/wp-content\/uploads\/2021\/07\/WhatsApp-Image-2021-07-15-at-17.23.55-1024x682.jpeg 1024w, https:\/\/www.cftestataltarapaca.cl\/inicio\/wp-content\/uploads\/2021\/07\/WhatsApp-Image-2021-07-15-at-17.23.55-768x512.jpeg 768w, https:\/\/www.cftestataltarapaca.cl\/inicio\/wp-content\/uploads\/2021\/07\/WhatsApp-Image-2021-07-15-at-17.23.55-900x600.jpeg 900w, https:\/\/www.cftestataltarapaca.cl\/inicio\/wp-content\/uploads\/2021\/07\/WhatsApp-Image-2021-07-15-at-17.23.55.jpeg 1280w\" sizes=\"auto, (max-width: 300px) 100vw, 300px\" \/><img loading=\"lazy\" decoding=\"async\" class=\"alignnone size-medium wp-image-8166\" src=\"https:\/\/www.cftestataltarapaca.cl\/inicio\/wp-content\/uploads\/2021\/07\/WhatsApp-Image-2021-07-15-at-17.42.33-300x200.jpeg\" alt=\"\" width=\"300\" height=\"200\" srcset=\"https:\/\/www.cftestataltarapaca.cl\/inicio\/wp-content\/uploads\/2021\/07\/WhatsApp-Image-2021-07-15-at-17.42.33-300x200.jpeg 300w, https:\/\/www.cftestataltarapaca.cl\/inicio\/wp-content\/uploads\/2021\/07\/WhatsApp-Image-2021-07-15-at-17.42.33-1024x682.jpeg 1024w, https:\/\/www.cftestataltarapaca.cl\/inicio\/wp-content\/uploads\/2021\/07\/WhatsApp-Image-2021-07-15-at-17.42.33-768x512.jpeg 768w, https:\/\/www.cftestataltarapaca.cl\/inicio\/wp-content\/uploads\/2021\/07\/WhatsApp-Image-2021-07-15-at-17.42.33-900x600.jpeg 900w, https:\/\/www.cftestataltarapaca.cl\/inicio\/wp-content\/uploads\/2021\/07\/WhatsApp-Image-2021-07-15-at-17.42.33.jpeg 1280w\" sizes=\"auto, (max-width: 300px) 100vw, 300px\" \/><\/p>\n<p>&nbsp;<\/p>\n","protected":false},"excerpt":{"rendered":"<p>Cinco estudiantes de la carrera TNS en Administraci\u00f3n de Empresas fueron las y los primeros de la instituci\u00f3n en cumplir con requisito que les acerca a la titulaci\u00f3n. La evaluaci\u00f3n&#8230;<\/p>\n","protected":false},"author":2,"featured_media":8158,"comment_status":"open","ping_status":"open","sticky":false,"template":"","format":"standard","meta":{"_joinchat":[],"footnotes":""},"categories":[49,52],"tags":[75,86,156,68],"class_list":["post-8157","post","type-post","status-publish","format-standard","has-post-thumbnail","hentry","category-academico","category-comunicados","tag-alto-hospicio","tag-cft-estatal-tarapaca","tag-practicas-laborales","tag-tecnicos"],"yoast_head":"<!-- This site is optimized with the Yoast SEO plugin v27.4 - https:\/\/yoast.com\/product\/yoast-seo-wordpress\/ -->\n<title>Evaluaci\u00f3n de pr\u00e1cticas laborales, un nuevo hito para CFT Estatal Tarapac\u00e1 - CFT Estatal Tarapac\u00e1<\/title>\n<meta name=\"robots\" content=\"index, follow, max-snippet:-1, max-image-preview:large, max-video-preview:-1\" \/>\n<link rel=\"canonical\" href=\"https:\/\/www.cftestataltarapaca.cl\/inicio\/2021\/07\/19\/evaluacion-de-practicas-laborales-un-nuevo-hito-para-cft-estatal-tarapaca\/\" \/>\n<meta property=\"og:locale\" content=\"es_ES\" \/>\n<meta property=\"og:type\" content=\"article\" \/>\n<meta property=\"og:title\" content=\"Evaluaci\u00f3n de pr\u00e1cticas laborales, un nuevo hito para CFT Estatal Tarapac\u00e1 - CFT Estatal Tarapac\u00e1\" \/>\n<meta property=\"og:description\" content=\"Cinco estudiantes de la carrera TNS en Administraci\u00f3n de Empresas fueron las y los primeros de la instituci\u00f3n en cumplir con requisito que les acerca a la titulaci\u00f3n. La evaluaci\u00f3n...\" \/>\n<meta property=\"og:url\" content=\"https:\/\/www.cftestataltarapaca.cl\/inicio\/2021\/07\/19\/evaluacion-de-practicas-laborales-un-nuevo-hito-para-cft-estatal-tarapaca\/\" \/>\n<meta property=\"og:site_name\" content=\"CFT Estatal Tarapac\u00e1\" \/>\n<meta property=\"article:publisher\" content=\"https:\/\/www.facebook.com\/CFTestataltarapaca\/\" \/>\n<meta property=\"article:published_time\" content=\"2021-07-19T13:39:41+00:00\" \/>\n<meta property=\"article:modified_time\" content=\"2021-09-03T01:00:40+00:00\" \/>\n<meta property=\"og:image\" content=\"https:\/\/www.cftestataltarapaca.cl\/inicio\/wp-content\/uploads\/2021\/07\/CFT-Estatal-1.jpeg\" \/>\n\t<meta property=\"og:image:width\" content=\"1280\" \/>\n\t<meta property=\"og:image:height\" content=\"958\" \/>\n\t<meta property=\"og:image:type\" content=\"image\/jpeg\" \/>\n<meta name=\"author\" content=\"Comunicaciones\" \/>\n<meta name=\"twitter:card\" content=\"summary_large_image\" \/>\n<meta name=\"twitter:creator\" content=\"@CFTesTarapaca\" \/>\n<meta name=\"twitter:site\" content=\"@CFTesTarapaca\" \/>\n<meta name=\"twitter:label1\" content=\"Escrito por\" \/>\n\t<meta name=\"twitter:data1\" content=\"Comunicaciones\" \/>\n\t<meta name=\"twitter:label2\" content=\"Tiempo de lectura\" \/>\n\t<meta name=\"twitter:data2\" content=\"4 minutos\" \/>\n<script type=\"application\/ld+json\" class=\"yoast-schema-graph\">{\"@context\":\"https:\\\/\\\/schema.org\",\"@graph\":[{\"@type\":\"Article\",\"@id\":\"https:\\\/\\\/www.cftestataltarapaca.cl\\\/inicio\\\/2021\\\/07\\\/19\\\/evaluacion-de-practicas-laborales-un-nuevo-hito-para-cft-estatal-tarapaca\\\/#article\",\"isPartOf\":{\"@id\":\"https:\\\/\\\/www.cftestataltarapaca.cl\\\/inicio\\\/2021\\\/07\\\/19\\\/evaluacion-de-practicas-laborales-un-nuevo-hito-para-cft-estatal-tarapaca\\\/\"},\"author\":{\"name\":\"Comunicaciones\",\"@id\":\"https:\\\/\\\/www.cftestataltarapaca.cl\\\/inicio\\\/#\\\/schema\\\/person\\\/ad1fbfa1fa7c3d3889f4ae5401dd660e\"},\"headline\":\"Evaluaci\u00f3n de pr\u00e1cticas laborales, un nuevo hito para CFT Estatal Tarapac\u00e1\",\"datePublished\":\"2021-07-19T13:39:41+00:00\",\"dateModified\":\"2021-09-03T01:00:40+00:00\",\"mainEntityOfPage\":{\"@id\":\"https:\\\/\\\/www.cftestataltarapaca.cl\\\/inicio\\\/2021\\\/07\\\/19\\\/evaluacion-de-practicas-laborales-un-nuevo-hito-para-cft-estatal-tarapaca\\\/\"},\"wordCount\":426,\"commentCount\":0,\"publisher\":{\"@id\":\"https:\\\/\\\/www.cftestataltarapaca.cl\\\/inicio\\\/#organization\"},\"image\":{\"@id\":\"https:\\\/\\\/www.cftestataltarapaca.cl\\\/inicio\\\/2021\\\/07\\\/19\\\/evaluacion-de-practicas-laborales-un-nuevo-hito-para-cft-estatal-tarapaca\\\/#primaryimage\"},\"thumbnailUrl\":\"https:\\\/\\\/www.cftestataltarapaca.cl\\\/inicio\\\/wp-content\\\/uploads\\\/2021\\\/07\\\/CFT-Estatal-1.jpeg\",\"keywords\":[\"Alto Hospicio\",\"CFT Estatal Tarapac\u00e1\",\"practicas laborales\",\"t\u00e9cnicos\"],\"articleSection\":[\"Acad\u00e9mico\",\"Comunicados\"],\"inLanguage\":\"es\",\"potentialAction\":[{\"@type\":\"CommentAction\",\"name\":\"Comment\",\"target\":[\"https:\\\/\\\/www.cftestataltarapaca.cl\\\/inicio\\\/2021\\\/07\\\/19\\\/evaluacion-de-practicas-laborales-un-nuevo-hito-para-cft-estatal-tarapaca\\\/#respond\"]}]},{\"@type\":\"WebPage\",\"@id\":\"https:\\\/\\\/www.cftestataltarapaca.cl\\\/inicio\\\/2021\\\/07\\\/19\\\/evaluacion-de-practicas-laborales-un-nuevo-hito-para-cft-estatal-tarapaca\\\/\",\"url\":\"https:\\\/\\\/www.cftestataltarapaca.cl\\\/inicio\\\/2021\\\/07\\\/19\\\/evaluacion-de-practicas-laborales-un-nuevo-hito-para-cft-estatal-tarapaca\\\/\",\"name\":\"Evaluaci\u00f3n de pr\u00e1cticas laborales, un nuevo hito para CFT Estatal Tarapac\u00e1 - CFT Estatal Tarapac\u00e1\",\"isPartOf\":{\"@id\":\"https:\\\/\\\/www.cftestataltarapaca.cl\\\/inicio\\\/#website\"},\"primaryImageOfPage\":{\"@id\":\"https:\\\/\\\/www.cftestataltarapaca.cl\\\/inicio\\\/2021\\\/07\\\/19\\\/evaluacion-de-practicas-laborales-un-nuevo-hito-para-cft-estatal-tarapaca\\\/#primaryimage\"},\"image\":{\"@id\":\"https:\\\/\\\/www.cftestataltarapaca.cl\\\/inicio\\\/2021\\\/07\\\/19\\\/evaluacion-de-practicas-laborales-un-nuevo-hito-para-cft-estatal-tarapaca\\\/#primaryimage\"},\"thumbnailUrl\":\"https:\\\/\\\/www.cftestataltarapaca.cl\\\/inicio\\\/wp-content\\\/uploads\\\/2021\\\/07\\\/CFT-Estatal-1.jpeg\",\"datePublished\":\"2021-07-19T13:39:41+00:00\",\"dateModified\":\"2021-09-03T01:00:40+00:00\",\"breadcrumb\":{\"@id\":\"https:\\\/\\\/www.cftestataltarapaca.cl\\\/inicio\\\/2021\\\/07\\\/19\\\/evaluacion-de-practicas-laborales-un-nuevo-hito-para-cft-estatal-tarapaca\\\/#breadcrumb\"},\"inLanguage\":\"es\",\"potentialAction\":[{\"@type\":\"ReadAction\",\"target\":[\"https:\\\/\\\/www.cftestataltarapaca.cl\\\/inicio\\\/2021\\\/07\\\/19\\\/evaluacion-de-practicas-laborales-un-nuevo-hito-para-cft-estatal-tarapaca\\\/\"]}]},{\"@type\":\"ImageObject\",\"inLanguage\":\"es\",\"@id\":\"https:\\\/\\\/www.cftestataltarapaca.cl\\\/inicio\\\/2021\\\/07\\\/19\\\/evaluacion-de-practicas-laborales-un-nuevo-hito-para-cft-estatal-tarapaca\\\/#primaryimage\",\"url\":\"https:\\\/\\\/www.cftestataltarapaca.cl\\\/inicio\\\/wp-content\\\/uploads\\\/2021\\\/07\\\/CFT-Estatal-1.jpeg\",\"contentUrl\":\"https:\\\/\\\/www.cftestataltarapaca.cl\\\/inicio\\\/wp-content\\\/uploads\\\/2021\\\/07\\\/CFT-Estatal-1.jpeg\",\"width\":1280,\"height\":958},{\"@type\":\"BreadcrumbList\",\"@id\":\"https:\\\/\\\/www.cftestataltarapaca.cl\\\/inicio\\\/2021\\\/07\\\/19\\\/evaluacion-de-practicas-laborales-un-nuevo-hito-para-cft-estatal-tarapaca\\\/#breadcrumb\",\"itemListElement\":[{\"@type\":\"ListItem\",\"position\":1,\"name\":\"Portada\",\"item\":\"https:\\\/\\\/www.cftestataltarapaca.cl\\\/inicio\\\/\"},{\"@type\":\"ListItem\",\"position\":2,\"name\":\"Evaluaci\u00f3n de pr\u00e1cticas laborales, un nuevo hito para CFT Estatal Tarapac\u00e1\"}]},{\"@type\":\"WebSite\",\"@id\":\"https:\\\/\\\/www.cftestataltarapaca.cl\\\/inicio\\\/#website\",\"url\":\"https:\\\/\\\/www.cftestataltarapaca.cl\\\/inicio\\\/\",\"name\":\"CFT Estatal Tarapac\u00e1\",\"description\":\"Admisi\u00f3n 2025\",\"publisher\":{\"@id\":\"https:\\\/\\\/www.cftestataltarapaca.cl\\\/inicio\\\/#organization\"},\"potentialAction\":[{\"@type\":\"SearchAction\",\"target\":{\"@type\":\"EntryPoint\",\"urlTemplate\":\"https:\\\/\\\/www.cftestataltarapaca.cl\\\/inicio\\\/?s={search_term_string}\"},\"query-input\":{\"@type\":\"PropertyValueSpecification\",\"valueRequired\":true,\"valueName\":\"search_term_string\"}}],\"inLanguage\":\"es\"},{\"@type\":\"Organization\",\"@id\":\"https:\\\/\\\/www.cftestataltarapaca.cl\\\/inicio\\\/#organization\",\"name\":\"CFT Estatal Tarapac\u00e1\",\"url\":\"https:\\\/\\\/www.cftestataltarapaca.cl\\\/inicio\\\/\",\"logo\":{\"@type\":\"ImageObject\",\"inLanguage\":\"es\",\"@id\":\"https:\\\/\\\/www.cftestataltarapaca.cl\\\/inicio\\\/#\\\/schema\\\/logo\\\/image\\\/\",\"url\":\"https:\\\/\\\/www.cftestataltarapaca.cl\\\/inicio\\\/wp-content\\\/uploads\\\/2019\\\/03\\\/logo-retina-1.png\",\"contentUrl\":\"https:\\\/\\\/www.cftestataltarapaca.cl\\\/inicio\\\/wp-content\\\/uploads\\\/2019\\\/03\\\/logo-retina-1.png\",\"width\":401,\"height\":150,\"caption\":\"CFT Estatal Tarapac\u00e1\"},\"image\":{\"@id\":\"https:\\\/\\\/www.cftestataltarapaca.cl\\\/inicio\\\/#\\\/schema\\\/logo\\\/image\\\/\"},\"sameAs\":[\"https:\\\/\\\/www.facebook.com\\\/CFTestataltarapaca\\\/\",\"https:\\\/\\\/x.com\\\/CFTesTarapaca\",\"https:\\\/\\\/www.instagram.com\\\/CFTestataltarapaca\\\/\"]},{\"@type\":\"Person\",\"@id\":\"https:\\\/\\\/www.cftestataltarapaca.cl\\\/inicio\\\/#\\\/schema\\\/person\\\/ad1fbfa1fa7c3d3889f4ae5401dd660e\",\"name\":\"Comunicaciones\",\"image\":{\"@type\":\"ImageObject\",\"inLanguage\":\"es\",\"@id\":\"https:\\\/\\\/secure.gravatar.com\\\/avatar\\\/ed1c2728327f20a5a62edaeb7dc181858f225b765044c5314c3d1059a1bd992f?s=96&d=mm&r=g\",\"url\":\"https:\\\/\\\/secure.gravatar.com\\\/avatar\\\/ed1c2728327f20a5a62edaeb7dc181858f225b765044c5314c3d1059a1bd992f?s=96&d=mm&r=g\",\"contentUrl\":\"https:\\\/\\\/secure.gravatar.com\\\/avatar\\\/ed1c2728327f20a5a62edaeb7dc181858f225b765044c5314c3d1059a1bd992f?s=96&d=mm&r=g\",\"caption\":\"Comunicaciones\"},\"sameAs\":[\"http:\\\/\\\/www.cftestataltarapaca.cl\"],\"url\":\"https:\\\/\\\/www.cftestataltarapaca.cl\\\/inicio\\\/author\\\/comunicaciones\\\/\"}]}<\/script>\n<!-- \/ Yoast SEO plugin. -->","yoast_head_json":{"title":"Evaluaci\u00f3n de pr\u00e1cticas laborales, un nuevo hito para CFT Estatal Tarapac\u00e1 - CFT Estatal Tarapac\u00e1","robots":{"index":"index","follow":"follow","max-snippet":"max-snippet:-1","max-image-preview":"max-image-preview:large","max-video-preview":"max-video-preview:-1"},"canonical":"https:\/\/www.cftestataltarapaca.cl\/inicio\/2021\/07\/19\/evaluacion-de-practicas-laborales-un-nuevo-hito-para-cft-estatal-tarapaca\/","og_locale":"es_ES","og_type":"article","og_title":"Evaluaci\u00f3n de pr\u00e1cticas laborales, un nuevo hito para CFT Estatal Tarapac\u00e1 - CFT Estatal Tarapac\u00e1","og_description":"Cinco estudiantes de la carrera TNS en Administraci\u00f3n de Empresas fueron las y los primeros de la instituci\u00f3n en cumplir con requisito que les acerca a la titulaci\u00f3n. La evaluaci\u00f3n...","og_url":"https:\/\/www.cftestataltarapaca.cl\/inicio\/2021\/07\/19\/evaluacion-de-practicas-laborales-un-nuevo-hito-para-cft-estatal-tarapaca\/","og_site_name":"CFT Estatal Tarapac\u00e1","article_publisher":"https:\/\/www.facebook.com\/CFTestataltarapaca\/","article_published_time":"2021-07-19T13:39:41+00:00","article_modified_time":"2021-09-03T01:00:40+00:00","og_image":[{"width":1280,"height":958,"url":"https:\/\/www.cftestataltarapaca.cl\/inicio\/wp-content\/uploads\/2021\/07\/CFT-Estatal-1.jpeg","type":"image\/jpeg"}],"author":"Comunicaciones","twitter_card":"summary_large_image","twitter_creator":"@CFTesTarapaca","twitter_site":"@CFTesTarapaca","twitter_misc":{"Escrito por":"Comunicaciones","Tiempo de lectura":"4 minutos"},"schema":{"@context":"https:\/\/schema.org","@graph":[{"@type":"Article","@id":"https:\/\/www.cftestataltarapaca.cl\/inicio\/2021\/07\/19\/evaluacion-de-practicas-laborales-un-nuevo-hito-para-cft-estatal-tarapaca\/#article","isPartOf":{"@id":"https:\/\/www.cftestataltarapaca.cl\/inicio\/2021\/07\/19\/evaluacion-de-practicas-laborales-un-nuevo-hito-para-cft-estatal-tarapaca\/"},"author":{"name":"Comunicaciones","@id":"https:\/\/www.cftestataltarapaca.cl\/inicio\/#\/schema\/person\/ad1fbfa1fa7c3d3889f4ae5401dd660e"},"headline":"Evaluaci\u00f3n de pr\u00e1cticas laborales, un nuevo hito para CFT Estatal Tarapac\u00e1","datePublished":"2021-07-19T13:39:41+00:00","dateModified":"2021-09-03T01:00:40+00:00","mainEntityOfPage":{"@id":"https:\/\/www.cftestataltarapaca.cl\/inicio\/2021\/07\/19\/evaluacion-de-practicas-laborales-un-nuevo-hito-para-cft-estatal-tarapaca\/"},"wordCount":426,"commentCount":0,"publisher":{"@id":"https:\/\/www.cftestataltarapaca.cl\/inicio\/#organization"},"image":{"@id":"https:\/\/www.cftestataltarapaca.cl\/inicio\/2021\/07\/19\/evaluacion-de-practicas-laborales-un-nuevo-hito-para-cft-estatal-tarapaca\/#primaryimage"},"thumbnailUrl":"https:\/\/www.cftestataltarapaca.cl\/inicio\/wp-content\/uploads\/2021\/07\/CFT-Estatal-1.jpeg","keywords":["Alto Hospicio","CFT Estatal Tarapac\u00e1","practicas laborales","t\u00e9cnicos"],"articleSection":["Acad\u00e9mico","Comunicados"],"inLanguage":"es","potentialAction":[{"@type":"CommentAction","name":"Comment","target":["https:\/\/www.cftestataltarapaca.cl\/inicio\/2021\/07\/19\/evaluacion-de-practicas-laborales-un-nuevo-hito-para-cft-estatal-tarapaca\/#respond"]}]},{"@type":"WebPage","@id":"https:\/\/www.cftestataltarapaca.cl\/inicio\/2021\/07\/19\/evaluacion-de-practicas-laborales-un-nuevo-hito-para-cft-estatal-tarapaca\/","url":"https:\/\/www.cftestataltarapaca.cl\/inicio\/2021\/07\/19\/evaluacion-de-practicas-laborales-un-nuevo-hito-para-cft-estatal-tarapaca\/","name":"Evaluaci\u00f3n de pr\u00e1cticas laborales, un nuevo hito para CFT Estatal Tarapac\u00e1 - CFT Estatal Tarapac\u00e1","isPartOf":{"@id":"https:\/\/www.cftestataltarapaca.cl\/inicio\/#website"},"primaryImageOfPage":{"@id":"https:\/\/www.cftestataltarapaca.cl\/inicio\/2021\/07\/19\/evaluacion-de-practicas-laborales-un-nuevo-hito-para-cft-estatal-tarapaca\/#primaryimage"},"image":{"@id":"https:\/\/www.cftestataltarapaca.cl\/inicio\/2021\/07\/19\/evaluacion-de-practicas-laborales-un-nuevo-hito-para-cft-estatal-tarapaca\/#primaryimage"},"thumbnailUrl":"https:\/\/www.cftestataltarapaca.cl\/inicio\/wp-content\/uploads\/2021\/07\/CFT-Estatal-1.jpeg","datePublished":"2021-07-19T13:39:41+00:00","dateModified":"2021-09-03T01:00:40+00:00","breadcrumb":{"@id":"https:\/\/www.cftestataltarapaca.cl\/inicio\/2021\/07\/19\/evaluacion-de-practicas-laborales-un-nuevo-hito-para-cft-estatal-tarapaca\/#breadcrumb"},"inLanguage":"es","potentialAction":[{"@type":"ReadAction","target":["https:\/\/www.cftestataltarapaca.cl\/inicio\/2021\/07\/19\/evaluacion-de-practicas-laborales-un-nuevo-hito-para-cft-estatal-tarapaca\/"]}]},{"@type":"ImageObject","inLanguage":"es","@id":"https:\/\/www.cftestataltarapaca.cl\/inicio\/2021\/07\/19\/evaluacion-de-practicas-laborales-un-nuevo-hito-para-cft-estatal-tarapaca\/#primaryimage","url":"https:\/\/www.cftestataltarapaca.cl\/inicio\/wp-content\/uploads\/2021\/07\/CFT-Estatal-1.jpeg","contentUrl":"https:\/\/www.cftestataltarapaca.cl\/inicio\/wp-content\/uploads\/2021\/07\/CFT-Estatal-1.jpeg","width":1280,"height":958},{"@type":"BreadcrumbList","@id":"https:\/\/www.cftestataltarapaca.cl\/inicio\/2021\/07\/19\/evaluacion-de-practicas-laborales-un-nuevo-hito-para-cft-estatal-tarapaca\/#breadcrumb","itemListElement":[{"@type":"ListItem","position":1,"name":"Portada","item":"https:\/\/www.cftestataltarapaca.cl\/inicio\/"},{"@type":"ListItem","position":2,"name":"Evaluaci\u00f3n de pr\u00e1cticas laborales, un nuevo hito para CFT Estatal Tarapac\u00e1"}]},{"@type":"WebSite","@id":"https:\/\/www.cftestataltarapaca.cl\/inicio\/#website","url":"https:\/\/www.cftestataltarapaca.cl\/inicio\/","name":"CFT Estatal Tarapac\u00e1","description":"Admisi\u00f3n 2025","publisher":{"@id":"https:\/\/www.cftestataltarapaca.cl\/inicio\/#organization"},"potentialAction":[{"@type":"SearchAction","target":{"@type":"EntryPoint","urlTemplate":"https:\/\/www.cftestataltarapaca.cl\/inicio\/?s={search_term_string}"},"query-input":{"@type":"PropertyValueSpecification","valueRequired":true,"valueName":"search_term_string"}}],"inLanguage":"es"},{"@type":"Organization","@id":"https:\/\/www.cftestataltarapaca.cl\/inicio\/#organization","name":"CFT Estatal Tarapac\u00e1","url":"https:\/\/www.cftestataltarapaca.cl\/inicio\/","logo":{"@type":"ImageObject","inLanguage":"es","@id":"https:\/\/www.cftestataltarapaca.cl\/inicio\/#\/schema\/logo\/image\/","url":"https:\/\/www.cftestataltarapaca.cl\/inicio\/wp-content\/uploads\/2019\/03\/logo-retina-1.png","contentUrl":"https:\/\/www.cftestataltarapaca.cl\/inicio\/wp-content\/uploads\/2019\/03\/logo-retina-1.png","width":401,"height":150,"caption":"CFT Estatal Tarapac\u00e1"},"image":{"@id":"https:\/\/www.cftestataltarapaca.cl\/inicio\/#\/schema\/logo\/image\/"},"sameAs":["https:\/\/www.facebook.com\/CFTestataltarapaca\/","https:\/\/x.com\/CFTesTarapaca","https:\/\/www.instagram.com\/CFTestataltarapaca\/"]},{"@type":"Person","@id":"https:\/\/www.cftestataltarapaca.cl\/inicio\/#\/schema\/person\/ad1fbfa1fa7c3d3889f4ae5401dd660e","name":"Comunicaciones","image":{"@type":"ImageObject","inLanguage":"es","@id":"https:\/\/secure.gravatar.com\/avatar\/ed1c2728327f20a5a62edaeb7dc181858f225b765044c5314c3d1059a1bd992f?s=96&d=mm&r=g","url":"https:\/\/secure.gravatar.com\/avatar\/ed1c2728327f20a5a62edaeb7dc181858f225b765044c5314c3d1059a1bd992f?s=96&d=mm&r=g","contentUrl":"https:\/\/secure.gravatar.com\/avatar\/ed1c2728327f20a5a62edaeb7dc181858f225b765044c5314c3d1059a1bd992f?s=96&d=mm&r=g","caption":"Comunicaciones"},"sameAs":["http:\/\/www.cftestataltarapaca.cl"],"url":"https:\/\/www.cftestataltarapaca.cl\/inicio\/author\/comunicaciones\/"}]}},"publishpress_future_action":{"enabled":false,"date":"2026-05-08 12:28:43","action":"change-status","newStatus":"draft","terms":[],"taxonomy":"category","extraData":[]},"publishpress_future_workflow_manual_trigger":{"enabledWorkflows":[]},"_links":{"self":[{"href":"https:\/\/www.cftestataltarapaca.cl\/inicio\/wp-json\/wp\/v2\/posts\/8157","targetHints":{"allow":["GET"]}}],"collection":[{"href":"https:\/\/www.cftestataltarapaca.cl\/inicio\/wp-json\/wp\/v2\/posts"}],"about":[{"href":"https:\/\/www.cftestataltarapaca.cl\/inicio\/wp-json\/wp\/v2\/types\/post"}],"author":[{"embeddable":true,"href":"https:\/\/www.cftestataltarapaca.cl\/inicio\/wp-json\/wp\/v2\/users\/2"}],"replies":[{"embeddable":true,"href":"https:\/\/www.cftestataltarapaca.cl\/inicio\/wp-json\/wp\/v2\/comments?post=8157"}],"version-history":[{"count":2,"href":"https:\/\/www.cftestataltarapaca.cl\/inicio\/wp-json\/wp\/v2\/posts\/8157\/revisions"}],"predecessor-version":[{"id":8254,"href":"https:\/\/www.cftestataltarapaca.cl\/inicio\/wp-json\/wp\/v2\/posts\/8157\/revisions\/8254"}],"wp:featuredmedia":[{"embeddable":true,"href":"https:\/\/www.cftestataltarapaca.cl\/inicio\/wp-json\/wp\/v2\/media\/8158"}],"wp:attachment":[{"href":"https:\/\/www.cftestataltarapaca.cl\/inicio\/wp-json\/wp\/v2\/media?parent=8157"}],"wp:term":[{"taxonomy":"category","embeddable":true,"href":"https:\/\/www.cftestataltarapaca.cl\/inicio\/wp-json\/wp\/v2\/categories?post=8157"},{"taxonomy":"post_tag","embeddable":true,"href":"https:\/\/www.cftestataltarapaca.cl\/inicio\/wp-json\/wp\/v2\/tags?post=8157"}],"curies":[{"name":"wp","href":"https:\/\/api.w.org\/{rel}","templated":true}]}}