{"id":8367,"date":"2021-10-04T13:37:26","date_gmt":"2021-10-04T13:37:26","guid":{"rendered":"https:\/\/www.cftestataltarapaca.cl\/inicio\/?p=8367"},"modified":"2021-10-04T13:37:26","modified_gmt":"2021-10-04T13:37:26","slug":"rector-del-centro-de-formacion-tecnica-de-tarapaca-es-ratificado-en-el-cargo","status":"publish","type":"post","link":"https:\/\/www.cftestataltarapaca.cl\/inicio\/2021\/10\/04\/rector-del-centro-de-formacion-tecnica-de-tarapaca-es-ratificado-en-el-cargo\/","title":{"rendered":"Rector del Centro de Formaci\u00f3n T\u00e9cnica de Tarapac\u00e1 es ratificado en el cargo"},"content":{"rendered":"<p style=\"text-align: justify;\">Jorge Villegas ocupar\u00e1 el cargo por 4 a\u00f1os m\u00e1s<\/p>\n<p style=\"text-align: justify;\">Rector del Centro de Formaci\u00f3n T\u00e9cnica de Tarapac\u00e1 es ratificado en el cargo<\/p>\n<p style=\"text-align: justify;\">\n<p style=\"text-align: justify;\">Este viernes el actual rector del Centro de Formaci\u00f3n T\u00e9cnica Estatal de Tarapac\u00e1, Jorge Villegas Ahumada, recibi\u00f3 la confirmaci\u00f3n por parte de presidencia de su continuidad en el cargo por los pr\u00f3ximos cuatro a\u00f1os.<!--more--><\/p>\n<p style=\"text-align: justify;\">Seg\u00fan explic\u00f3 Villegas \u201cen este nuevo per\u00edodo ratifico el compromiso asumido en el 2018 con miras a seguir aportando desde \u00a0la educaci\u00f3n T\u00e9cnico Profesional al desarrollo de nuestro territorio. Hemos logrado cimentar un camino y es muy satisfactorio saber que podremos dar continuidad a la gesti\u00f3n que ya comienza a dar sus primeros resultados exitosos con una generaci\u00f3n de estudiantes titulados, otro grupo pr\u00f3ximo a hacerlo y el 1 de octubre colocaremos la primera piedra de nuestro nuevo edificio\u00a0 y en pleno cumplimiento con lo mandatado por la Ley\u00a0 20.910 sobre los CFT Estatales del pa\u00eds\u201d, Afirm\u00f3.<\/p>\n<p style=\"text-align: justify;\">El proceso de concurso p\u00fablico se inici\u00f3 a trav\u00e9s de Alta Direcci\u00f3n P\u00fablica en mayo de este a\u00f1o terminando con la confirmaci\u00f3n en el cargo de Jorge Villegas esta semana<\/p>\n","protected":false},"excerpt":{"rendered":"<p>Jorge Villegas ocupar\u00e1 el cargo por 4 a\u00f1os m\u00e1s Rector del Centro de Formaci\u00f3n T\u00e9cnica de Tarapac\u00e1 es ratificado en el cargo Este viernes el actual rector del Centro de&#8230;<\/p>\n","protected":false},"author":1,"featured_media":8368,"comment_status":"open","ping_status":"open","sticky":false,"template":"","format":"standard","meta":{"_joinchat":[],"footnotes":""},"categories":[52],"tags":[],"class_list":["post-8367","post","type-post","status-publish","format-standard","has-post-thumbnail","hentry","category-comunicados"],"yoast_head":"<!-- This site is optimized with the Yoast SEO plugin v27.4 - https:\/\/yoast.com\/product\/yoast-seo-wordpress\/ -->\n<title>Rector del Centro de Formaci\u00f3n T\u00e9cnica de Tarapac\u00e1 es ratificado en el cargo - CFT Estatal Tarapac\u00e1<\/title>\n<meta name=\"robots\" content=\"index, follow, max-snippet:-1, max-image-preview:large, max-video-preview:-1\" \/>\n<link rel=\"canonical\" href=\"https:\/\/www.cftestataltarapaca.cl\/inicio\/2021\/10\/04\/rector-del-centro-de-formacion-tecnica-de-tarapaca-es-ratificado-en-el-cargo\/\" \/>\n<meta property=\"og:locale\" content=\"es_ES\" \/>\n<meta property=\"og:type\" content=\"article\" \/>\n<meta property=\"og:title\" content=\"Rector del Centro de Formaci\u00f3n T\u00e9cnica de Tarapac\u00e1 es ratificado en el cargo - CFT Estatal Tarapac\u00e1\" \/>\n<meta property=\"og:description\" content=\"Jorge Villegas ocupar\u00e1 el cargo por 4 a\u00f1os m\u00e1s Rector del Centro de Formaci\u00f3n T\u00e9cnica de Tarapac\u00e1 es ratificado en el cargo Este viernes el actual rector del Centro de...\" \/>\n<meta property=\"og:url\" content=\"https:\/\/www.cftestataltarapaca.cl\/inicio\/2021\/10\/04\/rector-del-centro-de-formacion-tecnica-de-tarapaca-es-ratificado-en-el-cargo\/\" \/>\n<meta property=\"og:site_name\" content=\"CFT Estatal Tarapac\u00e1\" \/>\n<meta property=\"article:publisher\" content=\"https:\/\/www.facebook.com\/CFTestataltarapaca\/\" \/>\n<meta property=\"article:published_time\" content=\"2021-10-04T13:37:26+00:00\" \/>\n<meta property=\"og:image\" content=\"https:\/\/www.cftestataltarapaca.cl\/inicio\/wp-content\/uploads\/2021\/10\/Captura-de-Pantalla-2021-10-04-a-las-10.36.03-1024x676.png\" \/>\n\t<meta property=\"og:image:width\" content=\"1024\" \/>\n\t<meta property=\"og:image:height\" content=\"676\" \/>\n\t<meta property=\"og:image:type\" content=\"image\/png\" \/>\n<meta name=\"author\" content=\"cftestatal\" \/>\n<meta name=\"twitter:card\" content=\"summary_large_image\" \/>\n<meta name=\"twitter:creator\" content=\"@CFTesTarapaca\" \/>\n<meta name=\"twitter:site\" content=\"@CFTesTarapaca\" \/>\n<meta name=\"twitter:label1\" content=\"Escrito por\" \/>\n\t<meta name=\"twitter:data1\" content=\"cftestatal\" \/>\n\t<meta name=\"twitter:label2\" content=\"Tiempo de lectura\" \/>\n\t<meta name=\"twitter:data2\" content=\"1 minuto\" \/>\n<script type=\"application\/ld+json\" class=\"yoast-schema-graph\">{\"@context\":\"https:\\\/\\\/schema.org\",\"@graph\":[{\"@type\":\"Article\",\"@id\":\"https:\\\/\\\/www.cftestataltarapaca.cl\\\/inicio\\\/2021\\\/10\\\/04\\\/rector-del-centro-de-formacion-tecnica-de-tarapaca-es-ratificado-en-el-cargo\\\/#article\",\"isPartOf\":{\"@id\":\"https:\\\/\\\/www.cftestataltarapaca.cl\\\/inicio\\\/2021\\\/10\\\/04\\\/rector-del-centro-de-formacion-tecnica-de-tarapaca-es-ratificado-en-el-cargo\\\/\"},\"author\":{\"name\":\"cftestatal\",\"@id\":\"https:\\\/\\\/www.cftestataltarapaca.cl\\\/inicio\\\/#\\\/schema\\\/person\\\/6f8baea790b092727c3a3c450c9804ef\"},\"headline\":\"Rector del Centro de Formaci\u00f3n T\u00e9cnica de Tarapac\u00e1 es ratificado en el cargo\",\"datePublished\":\"2021-10-04T13:37:26+00:00\",\"mainEntityOfPage\":{\"@id\":\"https:\\\/\\\/www.cftestataltarapaca.cl\\\/inicio\\\/2021\\\/10\\\/04\\\/rector-del-centro-de-formacion-tecnica-de-tarapaca-es-ratificado-en-el-cargo\\\/\"},\"wordCount\":217,\"commentCount\":0,\"publisher\":{\"@id\":\"https:\\\/\\\/www.cftestataltarapaca.cl\\\/inicio\\\/#organization\"},\"image\":{\"@id\":\"https:\\\/\\\/www.cftestataltarapaca.cl\\\/inicio\\\/2021\\\/10\\\/04\\\/rector-del-centro-de-formacion-tecnica-de-tarapaca-es-ratificado-en-el-cargo\\\/#primaryimage\"},\"thumbnailUrl\":\"https:\\\/\\\/www.cftestataltarapaca.cl\\\/inicio\\\/wp-content\\\/uploads\\\/2021\\\/10\\\/Captura-de-Pantalla-2021-10-04-a-las-10.36.03.png\",\"articleSection\":[\"Comunicados\"],\"inLanguage\":\"es\",\"potentialAction\":[{\"@type\":\"CommentAction\",\"name\":\"Comment\",\"target\":[\"https:\\\/\\\/www.cftestataltarapaca.cl\\\/inicio\\\/2021\\\/10\\\/04\\\/rector-del-centro-de-formacion-tecnica-de-tarapaca-es-ratificado-en-el-cargo\\\/#respond\"]}]},{\"@type\":\"WebPage\",\"@id\":\"https:\\\/\\\/www.cftestataltarapaca.cl\\\/inicio\\\/2021\\\/10\\\/04\\\/rector-del-centro-de-formacion-tecnica-de-tarapaca-es-ratificado-en-el-cargo\\\/\",\"url\":\"https:\\\/\\\/www.cftestataltarapaca.cl\\\/inicio\\\/2021\\\/10\\\/04\\\/rector-del-centro-de-formacion-tecnica-de-tarapaca-es-ratificado-en-el-cargo\\\/\",\"name\":\"Rector del Centro de Formaci\u00f3n T\u00e9cnica de Tarapac\u00e1 es ratificado en el cargo - CFT Estatal Tarapac\u00e1\",\"isPartOf\":{\"@id\":\"https:\\\/\\\/www.cftestataltarapaca.cl\\\/inicio\\\/#website\"},\"primaryImageOfPage\":{\"@id\":\"https:\\\/\\\/www.cftestataltarapaca.cl\\\/inicio\\\/2021\\\/10\\\/04\\\/rector-del-centro-de-formacion-tecnica-de-tarapaca-es-ratificado-en-el-cargo\\\/#primaryimage\"},\"image\":{\"@id\":\"https:\\\/\\\/www.cftestataltarapaca.cl\\\/inicio\\\/2021\\\/10\\\/04\\\/rector-del-centro-de-formacion-tecnica-de-tarapaca-es-ratificado-en-el-cargo\\\/#primaryimage\"},\"thumbnailUrl\":\"https:\\\/\\\/www.cftestataltarapaca.cl\\\/inicio\\\/wp-content\\\/uploads\\\/2021\\\/10\\\/Captura-de-Pantalla-2021-10-04-a-las-10.36.03.png\",\"datePublished\":\"2021-10-04T13:37:26+00:00\",\"breadcrumb\":{\"@id\":\"https:\\\/\\\/www.cftestataltarapaca.cl\\\/inicio\\\/2021\\\/10\\\/04\\\/rector-del-centro-de-formacion-tecnica-de-tarapaca-es-ratificado-en-el-cargo\\\/#breadcrumb\"},\"inLanguage\":\"es\",\"potentialAction\":[{\"@type\":\"ReadAction\",\"target\":[\"https:\\\/\\\/www.cftestataltarapaca.cl\\\/inicio\\\/2021\\\/10\\\/04\\\/rector-del-centro-de-formacion-tecnica-de-tarapaca-es-ratificado-en-el-cargo\\\/\"]}]},{\"@type\":\"ImageObject\",\"inLanguage\":\"es\",\"@id\":\"https:\\\/\\\/www.cftestataltarapaca.cl\\\/inicio\\\/2021\\\/10\\\/04\\\/rector-del-centro-de-formacion-tecnica-de-tarapaca-es-ratificado-en-el-cargo\\\/#primaryimage\",\"url\":\"https:\\\/\\\/www.cftestataltarapaca.cl\\\/inicio\\\/wp-content\\\/uploads\\\/2021\\\/10\\\/Captura-de-Pantalla-2021-10-04-a-las-10.36.03.png\",\"contentUrl\":\"https:\\\/\\\/www.cftestataltarapaca.cl\\\/inicio\\\/wp-content\\\/uploads\\\/2021\\\/10\\\/Captura-de-Pantalla-2021-10-04-a-las-10.36.03.png\",\"width\":2084,\"height\":1376,\"caption\":\"Foto Rector CFT Estatal Tarapac\u00e1\"},{\"@type\":\"BreadcrumbList\",\"@id\":\"https:\\\/\\\/www.cftestataltarapaca.cl\\\/inicio\\\/2021\\\/10\\\/04\\\/rector-del-centro-de-formacion-tecnica-de-tarapaca-es-ratificado-en-el-cargo\\\/#breadcrumb\",\"itemListElement\":[{\"@type\":\"ListItem\",\"position\":1,\"name\":\"Portada\",\"item\":\"https:\\\/\\\/www.cftestataltarapaca.cl\\\/inicio\\\/\"},{\"@type\":\"ListItem\",\"position\":2,\"name\":\"Rector del Centro de Formaci\u00f3n T\u00e9cnica de Tarapac\u00e1 es ratificado en el cargo\"}]},{\"@type\":\"WebSite\",\"@id\":\"https:\\\/\\\/www.cftestataltarapaca.cl\\\/inicio\\\/#website\",\"url\":\"https:\\\/\\\/www.cftestataltarapaca.cl\\\/inicio\\\/\",\"name\":\"CFT Estatal Tarapac\u00e1\",\"description\":\"Admisi\u00f3n 2025\",\"publisher\":{\"@id\":\"https:\\\/\\\/www.cftestataltarapaca.cl\\\/inicio\\\/#organization\"},\"potentialAction\":[{\"@type\":\"SearchAction\",\"target\":{\"@type\":\"EntryPoint\",\"urlTemplate\":\"https:\\\/\\\/www.cftestataltarapaca.cl\\\/inicio\\\/?s={search_term_string}\"},\"query-input\":{\"@type\":\"PropertyValueSpecification\",\"valueRequired\":true,\"valueName\":\"search_term_string\"}}],\"inLanguage\":\"es\"},{\"@type\":\"Organization\",\"@id\":\"https:\\\/\\\/www.cftestataltarapaca.cl\\\/inicio\\\/#organization\",\"name\":\"CFT Estatal Tarapac\u00e1\",\"url\":\"https:\\\/\\\/www.cftestataltarapaca.cl\\\/inicio\\\/\",\"logo\":{\"@type\":\"ImageObject\",\"inLanguage\":\"es\",\"@id\":\"https:\\\/\\\/www.cftestataltarapaca.cl\\\/inicio\\\/#\\\/schema\\\/logo\\\/image\\\/\",\"url\":\"https:\\\/\\\/www.cftestataltarapaca.cl\\\/inicio\\\/wp-content\\\/uploads\\\/2019\\\/03\\\/logo-retina-1.png\",\"contentUrl\":\"https:\\\/\\\/www.cftestataltarapaca.cl\\\/inicio\\\/wp-content\\\/uploads\\\/2019\\\/03\\\/logo-retina-1.png\",\"width\":401,\"height\":150,\"caption\":\"CFT Estatal Tarapac\u00e1\"},\"image\":{\"@id\":\"https:\\\/\\\/www.cftestataltarapaca.cl\\\/inicio\\\/#\\\/schema\\\/logo\\\/image\\\/\"},\"sameAs\":[\"https:\\\/\\\/www.facebook.com\\\/CFTestataltarapaca\\\/\",\"https:\\\/\\\/x.com\\\/CFTesTarapaca\",\"https:\\\/\\\/www.instagram.com\\\/CFTestataltarapaca\\\/\"]},{\"@type\":\"Person\",\"@id\":\"https:\\\/\\\/www.cftestataltarapaca.cl\\\/inicio\\\/#\\\/schema\\\/person\\\/6f8baea790b092727c3a3c450c9804ef\",\"name\":\"cftestatal\",\"image\":{\"@type\":\"ImageObject\",\"inLanguage\":\"es\",\"@id\":\"https:\\\/\\\/secure.gravatar.com\\\/avatar\\\/660e74c785cdfc277d201d99328447b6780c200d88bedbde1ccc66ab4e0b82e1?s=96&d=mm&r=g\",\"url\":\"https:\\\/\\\/secure.gravatar.com\\\/avatar\\\/660e74c785cdfc277d201d99328447b6780c200d88bedbde1ccc66ab4e0b82e1?s=96&d=mm&r=g\",\"contentUrl\":\"https:\\\/\\\/secure.gravatar.com\\\/avatar\\\/660e74c785cdfc277d201d99328447b6780c200d88bedbde1ccc66ab4e0b82e1?s=96&d=mm&r=g\",\"caption\":\"cftestatal\"},\"url\":\"https:\\\/\\\/www.cftestataltarapaca.cl\\\/inicio\\\/author\\\/cftestatal\\\/\"}]}<\/script>\n<!-- \/ Yoast SEO plugin. -->","yoast_head_json":{"title":"Rector del Centro de Formaci\u00f3n T\u00e9cnica de Tarapac\u00e1 es ratificado en el cargo - CFT Estatal Tarapac\u00e1","robots":{"index":"index","follow":"follow","max-snippet":"max-snippet:-1","max-image-preview":"max-image-preview:large","max-video-preview":"max-video-preview:-1"},"canonical":"https:\/\/www.cftestataltarapaca.cl\/inicio\/2021\/10\/04\/rector-del-centro-de-formacion-tecnica-de-tarapaca-es-ratificado-en-el-cargo\/","og_locale":"es_ES","og_type":"article","og_title":"Rector del Centro de Formaci\u00f3n T\u00e9cnica de Tarapac\u00e1 es ratificado en el cargo - CFT Estatal Tarapac\u00e1","og_description":"Jorge Villegas ocupar\u00e1 el cargo por 4 a\u00f1os m\u00e1s Rector del Centro de Formaci\u00f3n T\u00e9cnica de Tarapac\u00e1 es ratificado en el cargo Este viernes el actual rector del Centro de...","og_url":"https:\/\/www.cftestataltarapaca.cl\/inicio\/2021\/10\/04\/rector-del-centro-de-formacion-tecnica-de-tarapaca-es-ratificado-en-el-cargo\/","og_site_name":"CFT Estatal Tarapac\u00e1","article_publisher":"https:\/\/www.facebook.com\/CFTestataltarapaca\/","article_published_time":"2021-10-04T13:37:26+00:00","og_image":[{"width":1024,"height":676,"url":"https:\/\/www.cftestataltarapaca.cl\/inicio\/wp-content\/uploads\/2021\/10\/Captura-de-Pantalla-2021-10-04-a-las-10.36.03-1024x676.png","type":"image\/png"}],"author":"cftestatal","twitter_card":"summary_large_image","twitter_creator":"@CFTesTarapaca","twitter_site":"@CFTesTarapaca","twitter_misc":{"Escrito por":"cftestatal","Tiempo de lectura":"1 minuto"},"schema":{"@context":"https:\/\/schema.org","@graph":[{"@type":"Article","@id":"https:\/\/www.cftestataltarapaca.cl\/inicio\/2021\/10\/04\/rector-del-centro-de-formacion-tecnica-de-tarapaca-es-ratificado-en-el-cargo\/#article","isPartOf":{"@id":"https:\/\/www.cftestataltarapaca.cl\/inicio\/2021\/10\/04\/rector-del-centro-de-formacion-tecnica-de-tarapaca-es-ratificado-en-el-cargo\/"},"author":{"name":"cftestatal","@id":"https:\/\/www.cftestataltarapaca.cl\/inicio\/#\/schema\/person\/6f8baea790b092727c3a3c450c9804ef"},"headline":"Rector del Centro de Formaci\u00f3n T\u00e9cnica de Tarapac\u00e1 es ratificado en el cargo","datePublished":"2021-10-04T13:37:26+00:00","mainEntityOfPage":{"@id":"https:\/\/www.cftestataltarapaca.cl\/inicio\/2021\/10\/04\/rector-del-centro-de-formacion-tecnica-de-tarapaca-es-ratificado-en-el-cargo\/"},"wordCount":217,"commentCount":0,"publisher":{"@id":"https:\/\/www.cftestataltarapaca.cl\/inicio\/#organization"},"image":{"@id":"https:\/\/www.cftestataltarapaca.cl\/inicio\/2021\/10\/04\/rector-del-centro-de-formacion-tecnica-de-tarapaca-es-ratificado-en-el-cargo\/#primaryimage"},"thumbnailUrl":"https:\/\/www.cftestataltarapaca.cl\/inicio\/wp-content\/uploads\/2021\/10\/Captura-de-Pantalla-2021-10-04-a-las-10.36.03.png","articleSection":["Comunicados"],"inLanguage":"es","potentialAction":[{"@type":"CommentAction","name":"Comment","target":["https:\/\/www.cftestataltarapaca.cl\/inicio\/2021\/10\/04\/rector-del-centro-de-formacion-tecnica-de-tarapaca-es-ratificado-en-el-cargo\/#respond"]}]},{"@type":"WebPage","@id":"https:\/\/www.cftestataltarapaca.cl\/inicio\/2021\/10\/04\/rector-del-centro-de-formacion-tecnica-de-tarapaca-es-ratificado-en-el-cargo\/","url":"https:\/\/www.cftestataltarapaca.cl\/inicio\/2021\/10\/04\/rector-del-centro-de-formacion-tecnica-de-tarapaca-es-ratificado-en-el-cargo\/","name":"Rector del Centro de Formaci\u00f3n T\u00e9cnica de Tarapac\u00e1 es ratificado en el cargo - CFT Estatal Tarapac\u00e1","isPartOf":{"@id":"https:\/\/www.cftestataltarapaca.cl\/inicio\/#website"},"primaryImageOfPage":{"@id":"https:\/\/www.cftestataltarapaca.cl\/inicio\/2021\/10\/04\/rector-del-centro-de-formacion-tecnica-de-tarapaca-es-ratificado-en-el-cargo\/#primaryimage"},"image":{"@id":"https:\/\/www.cftestataltarapaca.cl\/inicio\/2021\/10\/04\/rector-del-centro-de-formacion-tecnica-de-tarapaca-es-ratificado-en-el-cargo\/#primaryimage"},"thumbnailUrl":"https:\/\/www.cftestataltarapaca.cl\/inicio\/wp-content\/uploads\/2021\/10\/Captura-de-Pantalla-2021-10-04-a-las-10.36.03.png","datePublished":"2021-10-04T13:37:26+00:00","breadcrumb":{"@id":"https:\/\/www.cftestataltarapaca.cl\/inicio\/2021\/10\/04\/rector-del-centro-de-formacion-tecnica-de-tarapaca-es-ratificado-en-el-cargo\/#breadcrumb"},"inLanguage":"es","potentialAction":[{"@type":"ReadAction","target":["https:\/\/www.cftestataltarapaca.cl\/inicio\/2021\/10\/04\/rector-del-centro-de-formacion-tecnica-de-tarapaca-es-ratificado-en-el-cargo\/"]}]},{"@type":"ImageObject","inLanguage":"es","@id":"https:\/\/www.cftestataltarapaca.cl\/inicio\/2021\/10\/04\/rector-del-centro-de-formacion-tecnica-de-tarapaca-es-ratificado-en-el-cargo\/#primaryimage","url":"https:\/\/www.cftestataltarapaca.cl\/inicio\/wp-content\/uploads\/2021\/10\/Captura-de-Pantalla-2021-10-04-a-las-10.36.03.png","contentUrl":"https:\/\/www.cftestataltarapaca.cl\/inicio\/wp-content\/uploads\/2021\/10\/Captura-de-Pantalla-2021-10-04-a-las-10.36.03.png","width":2084,"height":1376,"caption":"Foto Rector CFT Estatal Tarapac\u00e1"},{"@type":"BreadcrumbList","@id":"https:\/\/www.cftestataltarapaca.cl\/inicio\/2021\/10\/04\/rector-del-centro-de-formacion-tecnica-de-tarapaca-es-ratificado-en-el-cargo\/#breadcrumb","itemListElement":[{"@type":"ListItem","position":1,"name":"Portada","item":"https:\/\/www.cftestataltarapaca.cl\/inicio\/"},{"@type":"ListItem","position":2,"name":"Rector del Centro de Formaci\u00f3n T\u00e9cnica de Tarapac\u00e1 es ratificado en el cargo"}]},{"@type":"WebSite","@id":"https:\/\/www.cftestataltarapaca.cl\/inicio\/#website","url":"https:\/\/www.cftestataltarapaca.cl\/inicio\/","name":"CFT Estatal Tarapac\u00e1","description":"Admisi\u00f3n 2025","publisher":{"@id":"https:\/\/www.cftestataltarapaca.cl\/inicio\/#organization"},"potentialAction":[{"@type":"SearchAction","target":{"@type":"EntryPoint","urlTemplate":"https:\/\/www.cftestataltarapaca.cl\/inicio\/?s={search_term_string}"},"query-input":{"@type":"PropertyValueSpecification","valueRequired":true,"valueName":"search_term_string"}}],"inLanguage":"es"},{"@type":"Organization","@id":"https:\/\/www.cftestataltarapaca.cl\/inicio\/#organization","name":"CFT Estatal Tarapac\u00e1","url":"https:\/\/www.cftestataltarapaca.cl\/inicio\/","logo":{"@type":"ImageObject","inLanguage":"es","@id":"https:\/\/www.cftestataltarapaca.cl\/inicio\/#\/schema\/logo\/image\/","url":"https:\/\/www.cftestataltarapaca.cl\/inicio\/wp-content\/uploads\/2019\/03\/logo-retina-1.png","contentUrl":"https:\/\/www.cftestataltarapaca.cl\/inicio\/wp-content\/uploads\/2019\/03\/logo-retina-1.png","width":401,"height":150,"caption":"CFT Estatal Tarapac\u00e1"},"image":{"@id":"https:\/\/www.cftestataltarapaca.cl\/inicio\/#\/schema\/logo\/image\/"},"sameAs":["https:\/\/www.facebook.com\/CFTestataltarapaca\/","https:\/\/x.com\/CFTesTarapaca","https:\/\/www.instagram.com\/CFTestataltarapaca\/"]},{"@type":"Person","@id":"https:\/\/www.cftestataltarapaca.cl\/inicio\/#\/schema\/person\/6f8baea790b092727c3a3c450c9804ef","name":"cftestatal","image":{"@type":"ImageObject","inLanguage":"es","@id":"https:\/\/secure.gravatar.com\/avatar\/660e74c785cdfc277d201d99328447b6780c200d88bedbde1ccc66ab4e0b82e1?s=96&d=mm&r=g","url":"https:\/\/secure.gravatar.com\/avatar\/660e74c785cdfc277d201d99328447b6780c200d88bedbde1ccc66ab4e0b82e1?s=96&d=mm&r=g","contentUrl":"https:\/\/secure.gravatar.com\/avatar\/660e74c785cdfc277d201d99328447b6780c200d88bedbde1ccc66ab4e0b82e1?s=96&d=mm&r=g","caption":"cftestatal"},"url":"https:\/\/www.cftestataltarapaca.cl\/inicio\/author\/cftestatal\/"}]}},"publishpress_future_action":{"enabled":false,"date":"2026-05-08 12:28:20","action":"change-status","newStatus":"draft","terms":[],"taxonomy":"category","extraData":[]},"publishpress_future_workflow_manual_trigger":{"enabledWorkflows":[]},"_links":{"self":[{"href":"https:\/\/www.cftestataltarapaca.cl\/inicio\/wp-json\/wp\/v2\/posts\/8367","targetHints":{"allow":["GET"]}}],"collection":[{"href":"https:\/\/www.cftestataltarapaca.cl\/inicio\/wp-json\/wp\/v2\/posts"}],"about":[{"href":"https:\/\/www.cftestataltarapaca.cl\/inicio\/wp-json\/wp\/v2\/types\/post"}],"author":[{"embeddable":true,"href":"https:\/\/www.cftestataltarapaca.cl\/inicio\/wp-json\/wp\/v2\/users\/1"}],"replies":[{"embeddable":true,"href":"https:\/\/www.cftestataltarapaca.cl\/inicio\/wp-json\/wp\/v2\/comments?post=8367"}],"version-history":[{"count":1,"href":"https:\/\/www.cftestataltarapaca.cl\/inicio\/wp-json\/wp\/v2\/posts\/8367\/revisions"}],"predecessor-version":[{"id":8369,"href":"https:\/\/www.cftestataltarapaca.cl\/inicio\/wp-json\/wp\/v2\/posts\/8367\/revisions\/8369"}],"wp:featuredmedia":[{"embeddable":true,"href":"https:\/\/www.cftestataltarapaca.cl\/inicio\/wp-json\/wp\/v2\/media\/8368"}],"wp:attachment":[{"href":"https:\/\/www.cftestataltarapaca.cl\/inicio\/wp-json\/wp\/v2\/media?parent=8367"}],"wp:term":[{"taxonomy":"category","embeddable":true,"href":"https:\/\/www.cftestataltarapaca.cl\/inicio\/wp-json\/wp\/v2\/categories?post=8367"},{"taxonomy":"post_tag","embeddable":true,"href":"https:\/\/www.cftestataltarapaca.cl\/inicio\/wp-json\/wp\/v2\/tags?post=8367"}],"curies":[{"name":"wp","href":"https:\/\/api.w.org\/{rel}","templated":true}]}}