{"id":8458,"date":"2021-10-05T14:57:03","date_gmt":"2021-10-05T14:57:03","guid":{"rendered":"https:\/\/www.cftestataltarapaca.cl\/inicio\/?p=8458"},"modified":"2021-10-05T14:57:03","modified_gmt":"2021-10-05T14:57:03","slug":"colocan-primera-piedra-del-edificio-definitivo-del-centro-de-formacion-tecnica-estatal-de-tarapaca","status":"publish","type":"post","link":"https:\/\/www.cftestataltarapaca.cl\/inicio\/2021\/10\/05\/colocan-primera-piedra-del-edificio-definitivo-del-centro-de-formacion-tecnica-estatal-de-tarapaca\/","title":{"rendered":"Colocan Primera Piedra del edificio definitivo del Centro de Formaci\u00f3n T\u00e9cnica Estatal de Tarapac\u00e1"},"content":{"rendered":"<p style=\"text-align: justify;\">Con una ceremonia en el terreno donde estar\u00e1 emplazado el nuevo campus del Centro de Formaci\u00f3n T\u00e9cnica \u00a0(CFT) Estatal de Tarapac\u00e1, obra ejecutada por la empresa local GAA Ingenier\u00eda y Proyectos. Se realiz\u00f3 el simb\u00f3lico acto de colocaci\u00f3n de la primera piedra de la casa de estudios, que signific\u00f3 una inversi\u00f3n que supera los 4 mil millones de pesos financiados por el Ministerio de Educaci\u00f3n.<!--more--><\/p>\n<p style=\"text-align: justify;\">En la actividad a la que asistieron diversas autoridades regionales, comunales, funcionarios del CFT y representantes de establecimientos educacionales de la comuna de Alto Hospicio, particip\u00f3 la Jefa de Divisi\u00f3n de Educaci\u00f3n Superior T\u00e9cnico Profesional del Ministerio de Educaci\u00f3n, Monica Brevis, quien destac\u00f3 la fuerte vinculaci\u00f3n de la Educaci\u00f3n T\u00e9cnica Profesional a la reactivaci\u00f3n econ\u00f3mica.<\/p>\n<p style=\"text-align: justify;\">\u201cLos CFT del pa\u00eds est\u00e1n altamente vinculados con las empresas y gremios por lo que est\u00e1n directamente tambi\u00e9n relacionados a la reactivaci\u00f3n econ\u00f3mica. De ah\u00ed el llamado a que no s\u00f3lo los j\u00f3venes que egresan de la educaci\u00f3n media se inscriban, sino tambi\u00e9n los trabajadores que quieran reconvertirse obteniendo un t\u00edtulo t\u00e9cnico que les permita mejorar sus condiciones de vida y por cierto apoyar as\u00ed la reactivaci\u00f3n econ\u00f3mica. Y qu\u00e9 mejor que hacerlo en esta nueva infraestructura que permitir\u00e1 mejorar las condiciones en las que se desarrollar\u00e1 la Educaci\u00f3n T\u00e9cnico Profesional en Tarapac\u00e1\u201d, dijo.<\/p>\n<p style=\"text-align: justify;\">Por su parte, el rector del CFT Estatal de Tarapac\u00e1, Jorge Villegas, destac\u00f3 el aporte que realiza el CFT en el desarrollo profesional de las personas que se preparan en el CFT, que este a\u00f1o ya cuenta con la primera generaci\u00f3n de titulados.<\/p>\n<p style=\"text-align: justify;\">\u201cEste nuevo campus, que cuenta con m\u00e1s de 5 mil metros cuadrados constru\u00eddos, nos permitir\u00e1 aumentar la cantidad de alumnos. Brindarles mejores condiciones estructurales en su formaci\u00f3n y por cierto aumentar nuestro aporte al desarrollo del territorio entregando los profesionales necesarios para\u00a0 los diversos sectores econ\u00f3micos de Tarapac\u00e1\u201d, afirm\u00f3.<\/p>\n<p style=\"text-align: justify;\">Igualmente destac\u00f3 el compromiso de los funcionarios del CFT que desde el 2018 inici\u00f3 sus funciones \u201cla materializaci\u00f3n de este nuevo campus es tambi\u00e9n gracias al compromiso y convicci\u00f3n de nuestros funcionarios que han sido part\u00edcipes de la puesta en marcha de esta pol\u00edtica p\u00fablica que ampl\u00eda las posibilidades de acceder a la educaci\u00f3n superior\u201d destac\u00f3.<\/p>\n","protected":false},"excerpt":{"rendered":"<p>Con una ceremonia en el terreno donde estar\u00e1 emplazado el nuevo campus del Centro de Formaci\u00f3n T\u00e9cnica \u00a0(CFT) Estatal de Tarapac\u00e1, obra ejecutada por la empresa local GAA Ingenier\u00eda y&#8230;<\/p>\n","protected":false},"author":1,"featured_media":8459,"comment_status":"open","ping_status":"open","sticky":false,"template":"","format":"standard","meta":{"_joinchat":[],"footnotes":""},"categories":[52],"tags":[],"class_list":["post-8458","post","type-post","status-publish","format-standard","has-post-thumbnail","hentry","category-comunicados"],"yoast_head":"<!-- This site is optimized with the Yoast SEO plugin v27.4 - https:\/\/yoast.com\/product\/yoast-seo-wordpress\/ -->\n<title>Colocan Primera Piedra del edificio definitivo del Centro de Formaci\u00f3n T\u00e9cnica Estatal de Tarapac\u00e1 - CFT Estatal Tarapac\u00e1<\/title>\n<meta name=\"robots\" content=\"index, follow, max-snippet:-1, max-image-preview:large, max-video-preview:-1\" \/>\n<link rel=\"canonical\" href=\"https:\/\/www.cftestataltarapaca.cl\/inicio\/2021\/10\/05\/colocan-primera-piedra-del-edificio-definitivo-del-centro-de-formacion-tecnica-estatal-de-tarapaca\/\" \/>\n<meta property=\"og:locale\" content=\"es_ES\" \/>\n<meta property=\"og:type\" content=\"article\" \/>\n<meta property=\"og:title\" content=\"Colocan Primera Piedra del edificio definitivo del Centro de Formaci\u00f3n T\u00e9cnica Estatal de Tarapac\u00e1 - CFT Estatal Tarapac\u00e1\" \/>\n<meta property=\"og:description\" content=\"Con una ceremonia en el terreno donde estar\u00e1 emplazado el nuevo campus del Centro de Formaci\u00f3n T\u00e9cnica \u00a0(CFT) Estatal de Tarapac\u00e1, obra ejecutada por la empresa local GAA Ingenier\u00eda y...\" \/>\n<meta property=\"og:url\" content=\"https:\/\/www.cftestataltarapaca.cl\/inicio\/2021\/10\/05\/colocan-primera-piedra-del-edificio-definitivo-del-centro-de-formacion-tecnica-estatal-de-tarapaca\/\" \/>\n<meta property=\"og:site_name\" content=\"CFT Estatal Tarapac\u00e1\" \/>\n<meta property=\"article:publisher\" content=\"https:\/\/www.facebook.com\/CFTestataltarapaca\/\" \/>\n<meta property=\"article:published_time\" content=\"2021-10-05T14:57:03+00:00\" \/>\n<meta property=\"og:image\" content=\"https:\/\/www.cftestataltarapaca.cl\/inicio\/wp-content\/uploads\/2021\/10\/Palada.jpeg\" \/>\n\t<meta property=\"og:image:width\" content=\"1245\" \/>\n\t<meta property=\"og:image:height\" content=\"758\" \/>\n\t<meta property=\"og:image:type\" content=\"image\/jpeg\" \/>\n<meta name=\"author\" content=\"cftestatal\" \/>\n<meta name=\"twitter:card\" content=\"summary_large_image\" \/>\n<meta name=\"twitter:creator\" content=\"@CFTesTarapaca\" \/>\n<meta name=\"twitter:site\" content=\"@CFTesTarapaca\" \/>\n<meta name=\"twitter:label1\" content=\"Escrito por\" \/>\n\t<meta name=\"twitter:data1\" content=\"cftestatal\" \/>\n\t<meta name=\"twitter:label2\" content=\"Tiempo de lectura\" \/>\n\t<meta name=\"twitter:data2\" content=\"2 minutos\" \/>\n<script type=\"application\/ld+json\" class=\"yoast-schema-graph\">{\"@context\":\"https:\\\/\\\/schema.org\",\"@graph\":[{\"@type\":\"Article\",\"@id\":\"https:\\\/\\\/www.cftestataltarapaca.cl\\\/inicio\\\/2021\\\/10\\\/05\\\/colocan-primera-piedra-del-edificio-definitivo-del-centro-de-formacion-tecnica-estatal-de-tarapaca\\\/#article\",\"isPartOf\":{\"@id\":\"https:\\\/\\\/www.cftestataltarapaca.cl\\\/inicio\\\/2021\\\/10\\\/05\\\/colocan-primera-piedra-del-edificio-definitivo-del-centro-de-formacion-tecnica-estatal-de-tarapaca\\\/\"},\"author\":{\"name\":\"cftestatal\",\"@id\":\"https:\\\/\\\/www.cftestataltarapaca.cl\\\/inicio\\\/#\\\/schema\\\/person\\\/6f8baea790b092727c3a3c450c9804ef\"},\"headline\":\"Colocan Primera Piedra del edificio definitivo del Centro de Formaci\u00f3n T\u00e9cnica Estatal de Tarapac\u00e1\",\"datePublished\":\"2021-10-05T14:57:03+00:00\",\"mainEntityOfPage\":{\"@id\":\"https:\\\/\\\/www.cftestataltarapaca.cl\\\/inicio\\\/2021\\\/10\\\/05\\\/colocan-primera-piedra-del-edificio-definitivo-del-centro-de-formacion-tecnica-estatal-de-tarapaca\\\/\"},\"wordCount\":421,\"commentCount\":0,\"publisher\":{\"@id\":\"https:\\\/\\\/www.cftestataltarapaca.cl\\\/inicio\\\/#organization\"},\"image\":{\"@id\":\"https:\\\/\\\/www.cftestataltarapaca.cl\\\/inicio\\\/2021\\\/10\\\/05\\\/colocan-primera-piedra-del-edificio-definitivo-del-centro-de-formacion-tecnica-estatal-de-tarapaca\\\/#primaryimage\"},\"thumbnailUrl\":\"https:\\\/\\\/www.cftestataltarapaca.cl\\\/inicio\\\/wp-content\\\/uploads\\\/2021\\\/10\\\/Palada.jpeg\",\"articleSection\":[\"Comunicados\"],\"inLanguage\":\"es\",\"potentialAction\":[{\"@type\":\"CommentAction\",\"name\":\"Comment\",\"target\":[\"https:\\\/\\\/www.cftestataltarapaca.cl\\\/inicio\\\/2021\\\/10\\\/05\\\/colocan-primera-piedra-del-edificio-definitivo-del-centro-de-formacion-tecnica-estatal-de-tarapaca\\\/#respond\"]}]},{\"@type\":\"WebPage\",\"@id\":\"https:\\\/\\\/www.cftestataltarapaca.cl\\\/inicio\\\/2021\\\/10\\\/05\\\/colocan-primera-piedra-del-edificio-definitivo-del-centro-de-formacion-tecnica-estatal-de-tarapaca\\\/\",\"url\":\"https:\\\/\\\/www.cftestataltarapaca.cl\\\/inicio\\\/2021\\\/10\\\/05\\\/colocan-primera-piedra-del-edificio-definitivo-del-centro-de-formacion-tecnica-estatal-de-tarapaca\\\/\",\"name\":\"Colocan Primera Piedra del edificio definitivo del Centro de Formaci\u00f3n T\u00e9cnica Estatal de Tarapac\u00e1 - CFT Estatal Tarapac\u00e1\",\"isPartOf\":{\"@id\":\"https:\\\/\\\/www.cftestataltarapaca.cl\\\/inicio\\\/#website\"},\"primaryImageOfPage\":{\"@id\":\"https:\\\/\\\/www.cftestataltarapaca.cl\\\/inicio\\\/2021\\\/10\\\/05\\\/colocan-primera-piedra-del-edificio-definitivo-del-centro-de-formacion-tecnica-estatal-de-tarapaca\\\/#primaryimage\"},\"image\":{\"@id\":\"https:\\\/\\\/www.cftestataltarapaca.cl\\\/inicio\\\/2021\\\/10\\\/05\\\/colocan-primera-piedra-del-edificio-definitivo-del-centro-de-formacion-tecnica-estatal-de-tarapaca\\\/#primaryimage\"},\"thumbnailUrl\":\"https:\\\/\\\/www.cftestataltarapaca.cl\\\/inicio\\\/wp-content\\\/uploads\\\/2021\\\/10\\\/Palada.jpeg\",\"datePublished\":\"2021-10-05T14:57:03+00:00\",\"breadcrumb\":{\"@id\":\"https:\\\/\\\/www.cftestataltarapaca.cl\\\/inicio\\\/2021\\\/10\\\/05\\\/colocan-primera-piedra-del-edificio-definitivo-del-centro-de-formacion-tecnica-estatal-de-tarapaca\\\/#breadcrumb\"},\"inLanguage\":\"es\",\"potentialAction\":[{\"@type\":\"ReadAction\",\"target\":[\"https:\\\/\\\/www.cftestataltarapaca.cl\\\/inicio\\\/2021\\\/10\\\/05\\\/colocan-primera-piedra-del-edificio-definitivo-del-centro-de-formacion-tecnica-estatal-de-tarapaca\\\/\"]}]},{\"@type\":\"ImageObject\",\"inLanguage\":\"es\",\"@id\":\"https:\\\/\\\/www.cftestataltarapaca.cl\\\/inicio\\\/2021\\\/10\\\/05\\\/colocan-primera-piedra-del-edificio-definitivo-del-centro-de-formacion-tecnica-estatal-de-tarapaca\\\/#primaryimage\",\"url\":\"https:\\\/\\\/www.cftestataltarapaca.cl\\\/inicio\\\/wp-content\\\/uploads\\\/2021\\\/10\\\/Palada.jpeg\",\"contentUrl\":\"https:\\\/\\\/www.cftestataltarapaca.cl\\\/inicio\\\/wp-content\\\/uploads\\\/2021\\\/10\\\/Palada.jpeg\",\"width\":1245,\"height\":758},{\"@type\":\"BreadcrumbList\",\"@id\":\"https:\\\/\\\/www.cftestataltarapaca.cl\\\/inicio\\\/2021\\\/10\\\/05\\\/colocan-primera-piedra-del-edificio-definitivo-del-centro-de-formacion-tecnica-estatal-de-tarapaca\\\/#breadcrumb\",\"itemListElement\":[{\"@type\":\"ListItem\",\"position\":1,\"name\":\"Portada\",\"item\":\"https:\\\/\\\/www.cftestataltarapaca.cl\\\/inicio\\\/\"},{\"@type\":\"ListItem\",\"position\":2,\"name\":\"Colocan Primera Piedra del edificio definitivo del Centro de Formaci\u00f3n T\u00e9cnica Estatal de Tarapac\u00e1\"}]},{\"@type\":\"WebSite\",\"@id\":\"https:\\\/\\\/www.cftestataltarapaca.cl\\\/inicio\\\/#website\",\"url\":\"https:\\\/\\\/www.cftestataltarapaca.cl\\\/inicio\\\/\",\"name\":\"CFT Estatal Tarapac\u00e1\",\"description\":\"Admisi\u00f3n 2025\",\"publisher\":{\"@id\":\"https:\\\/\\\/www.cftestataltarapaca.cl\\\/inicio\\\/#organization\"},\"potentialAction\":[{\"@type\":\"SearchAction\",\"target\":{\"@type\":\"EntryPoint\",\"urlTemplate\":\"https:\\\/\\\/www.cftestataltarapaca.cl\\\/inicio\\\/?s={search_term_string}\"},\"query-input\":{\"@type\":\"PropertyValueSpecification\",\"valueRequired\":true,\"valueName\":\"search_term_string\"}}],\"inLanguage\":\"es\"},{\"@type\":\"Organization\",\"@id\":\"https:\\\/\\\/www.cftestataltarapaca.cl\\\/inicio\\\/#organization\",\"name\":\"CFT Estatal Tarapac\u00e1\",\"url\":\"https:\\\/\\\/www.cftestataltarapaca.cl\\\/inicio\\\/\",\"logo\":{\"@type\":\"ImageObject\",\"inLanguage\":\"es\",\"@id\":\"https:\\\/\\\/www.cftestataltarapaca.cl\\\/inicio\\\/#\\\/schema\\\/logo\\\/image\\\/\",\"url\":\"https:\\\/\\\/www.cftestataltarapaca.cl\\\/inicio\\\/wp-content\\\/uploads\\\/2019\\\/03\\\/logo-retina-1.png\",\"contentUrl\":\"https:\\\/\\\/www.cftestataltarapaca.cl\\\/inicio\\\/wp-content\\\/uploads\\\/2019\\\/03\\\/logo-retina-1.png\",\"width\":401,\"height\":150,\"caption\":\"CFT Estatal Tarapac\u00e1\"},\"image\":{\"@id\":\"https:\\\/\\\/www.cftestataltarapaca.cl\\\/inicio\\\/#\\\/schema\\\/logo\\\/image\\\/\"},\"sameAs\":[\"https:\\\/\\\/www.facebook.com\\\/CFTestataltarapaca\\\/\",\"https:\\\/\\\/x.com\\\/CFTesTarapaca\",\"https:\\\/\\\/www.instagram.com\\\/CFTestataltarapaca\\\/\"]},{\"@type\":\"Person\",\"@id\":\"https:\\\/\\\/www.cftestataltarapaca.cl\\\/inicio\\\/#\\\/schema\\\/person\\\/6f8baea790b092727c3a3c450c9804ef\",\"name\":\"cftestatal\",\"image\":{\"@type\":\"ImageObject\",\"inLanguage\":\"es\",\"@id\":\"https:\\\/\\\/secure.gravatar.com\\\/avatar\\\/660e74c785cdfc277d201d99328447b6780c200d88bedbde1ccc66ab4e0b82e1?s=96&d=mm&r=g\",\"url\":\"https:\\\/\\\/secure.gravatar.com\\\/avatar\\\/660e74c785cdfc277d201d99328447b6780c200d88bedbde1ccc66ab4e0b82e1?s=96&d=mm&r=g\",\"contentUrl\":\"https:\\\/\\\/secure.gravatar.com\\\/avatar\\\/660e74c785cdfc277d201d99328447b6780c200d88bedbde1ccc66ab4e0b82e1?s=96&d=mm&r=g\",\"caption\":\"cftestatal\"},\"url\":\"https:\\\/\\\/www.cftestataltarapaca.cl\\\/inicio\\\/author\\\/cftestatal\\\/\"}]}<\/script>\n<!-- \/ Yoast SEO plugin. -->","yoast_head_json":{"title":"Colocan Primera Piedra del edificio definitivo del Centro de Formaci\u00f3n T\u00e9cnica Estatal de Tarapac\u00e1 - CFT Estatal Tarapac\u00e1","robots":{"index":"index","follow":"follow","max-snippet":"max-snippet:-1","max-image-preview":"max-image-preview:large","max-video-preview":"max-video-preview:-1"},"canonical":"https:\/\/www.cftestataltarapaca.cl\/inicio\/2021\/10\/05\/colocan-primera-piedra-del-edificio-definitivo-del-centro-de-formacion-tecnica-estatal-de-tarapaca\/","og_locale":"es_ES","og_type":"article","og_title":"Colocan Primera Piedra del edificio definitivo del Centro de Formaci\u00f3n T\u00e9cnica Estatal de Tarapac\u00e1 - CFT Estatal Tarapac\u00e1","og_description":"Con una ceremonia en el terreno donde estar\u00e1 emplazado el nuevo campus del Centro de Formaci\u00f3n T\u00e9cnica \u00a0(CFT) Estatal de Tarapac\u00e1, obra ejecutada por la empresa local GAA Ingenier\u00eda y...","og_url":"https:\/\/www.cftestataltarapaca.cl\/inicio\/2021\/10\/05\/colocan-primera-piedra-del-edificio-definitivo-del-centro-de-formacion-tecnica-estatal-de-tarapaca\/","og_site_name":"CFT Estatal Tarapac\u00e1","article_publisher":"https:\/\/www.facebook.com\/CFTestataltarapaca\/","article_published_time":"2021-10-05T14:57:03+00:00","og_image":[{"width":1245,"height":758,"url":"https:\/\/www.cftestataltarapaca.cl\/inicio\/wp-content\/uploads\/2021\/10\/Palada.jpeg","type":"image\/jpeg"}],"author":"cftestatal","twitter_card":"summary_large_image","twitter_creator":"@CFTesTarapaca","twitter_site":"@CFTesTarapaca","twitter_misc":{"Escrito por":"cftestatal","Tiempo de lectura":"2 minutos"},"schema":{"@context":"https:\/\/schema.org","@graph":[{"@type":"Article","@id":"https:\/\/www.cftestataltarapaca.cl\/inicio\/2021\/10\/05\/colocan-primera-piedra-del-edificio-definitivo-del-centro-de-formacion-tecnica-estatal-de-tarapaca\/#article","isPartOf":{"@id":"https:\/\/www.cftestataltarapaca.cl\/inicio\/2021\/10\/05\/colocan-primera-piedra-del-edificio-definitivo-del-centro-de-formacion-tecnica-estatal-de-tarapaca\/"},"author":{"name":"cftestatal","@id":"https:\/\/www.cftestataltarapaca.cl\/inicio\/#\/schema\/person\/6f8baea790b092727c3a3c450c9804ef"},"headline":"Colocan Primera Piedra del edificio definitivo del Centro de Formaci\u00f3n T\u00e9cnica Estatal de Tarapac\u00e1","datePublished":"2021-10-05T14:57:03+00:00","mainEntityOfPage":{"@id":"https:\/\/www.cftestataltarapaca.cl\/inicio\/2021\/10\/05\/colocan-primera-piedra-del-edificio-definitivo-del-centro-de-formacion-tecnica-estatal-de-tarapaca\/"},"wordCount":421,"commentCount":0,"publisher":{"@id":"https:\/\/www.cftestataltarapaca.cl\/inicio\/#organization"},"image":{"@id":"https:\/\/www.cftestataltarapaca.cl\/inicio\/2021\/10\/05\/colocan-primera-piedra-del-edificio-definitivo-del-centro-de-formacion-tecnica-estatal-de-tarapaca\/#primaryimage"},"thumbnailUrl":"https:\/\/www.cftestataltarapaca.cl\/inicio\/wp-content\/uploads\/2021\/10\/Palada.jpeg","articleSection":["Comunicados"],"inLanguage":"es","potentialAction":[{"@type":"CommentAction","name":"Comment","target":["https:\/\/www.cftestataltarapaca.cl\/inicio\/2021\/10\/05\/colocan-primera-piedra-del-edificio-definitivo-del-centro-de-formacion-tecnica-estatal-de-tarapaca\/#respond"]}]},{"@type":"WebPage","@id":"https:\/\/www.cftestataltarapaca.cl\/inicio\/2021\/10\/05\/colocan-primera-piedra-del-edificio-definitivo-del-centro-de-formacion-tecnica-estatal-de-tarapaca\/","url":"https:\/\/www.cftestataltarapaca.cl\/inicio\/2021\/10\/05\/colocan-primera-piedra-del-edificio-definitivo-del-centro-de-formacion-tecnica-estatal-de-tarapaca\/","name":"Colocan Primera Piedra del edificio definitivo del Centro de Formaci\u00f3n T\u00e9cnica Estatal de Tarapac\u00e1 - CFT Estatal Tarapac\u00e1","isPartOf":{"@id":"https:\/\/www.cftestataltarapaca.cl\/inicio\/#website"},"primaryImageOfPage":{"@id":"https:\/\/www.cftestataltarapaca.cl\/inicio\/2021\/10\/05\/colocan-primera-piedra-del-edificio-definitivo-del-centro-de-formacion-tecnica-estatal-de-tarapaca\/#primaryimage"},"image":{"@id":"https:\/\/www.cftestataltarapaca.cl\/inicio\/2021\/10\/05\/colocan-primera-piedra-del-edificio-definitivo-del-centro-de-formacion-tecnica-estatal-de-tarapaca\/#primaryimage"},"thumbnailUrl":"https:\/\/www.cftestataltarapaca.cl\/inicio\/wp-content\/uploads\/2021\/10\/Palada.jpeg","datePublished":"2021-10-05T14:57:03+00:00","breadcrumb":{"@id":"https:\/\/www.cftestataltarapaca.cl\/inicio\/2021\/10\/05\/colocan-primera-piedra-del-edificio-definitivo-del-centro-de-formacion-tecnica-estatal-de-tarapaca\/#breadcrumb"},"inLanguage":"es","potentialAction":[{"@type":"ReadAction","target":["https:\/\/www.cftestataltarapaca.cl\/inicio\/2021\/10\/05\/colocan-primera-piedra-del-edificio-definitivo-del-centro-de-formacion-tecnica-estatal-de-tarapaca\/"]}]},{"@type":"ImageObject","inLanguage":"es","@id":"https:\/\/www.cftestataltarapaca.cl\/inicio\/2021\/10\/05\/colocan-primera-piedra-del-edificio-definitivo-del-centro-de-formacion-tecnica-estatal-de-tarapaca\/#primaryimage","url":"https:\/\/www.cftestataltarapaca.cl\/inicio\/wp-content\/uploads\/2021\/10\/Palada.jpeg","contentUrl":"https:\/\/www.cftestataltarapaca.cl\/inicio\/wp-content\/uploads\/2021\/10\/Palada.jpeg","width":1245,"height":758},{"@type":"BreadcrumbList","@id":"https:\/\/www.cftestataltarapaca.cl\/inicio\/2021\/10\/05\/colocan-primera-piedra-del-edificio-definitivo-del-centro-de-formacion-tecnica-estatal-de-tarapaca\/#breadcrumb","itemListElement":[{"@type":"ListItem","position":1,"name":"Portada","item":"https:\/\/www.cftestataltarapaca.cl\/inicio\/"},{"@type":"ListItem","position":2,"name":"Colocan Primera Piedra del edificio definitivo del Centro de Formaci\u00f3n T\u00e9cnica Estatal de Tarapac\u00e1"}]},{"@type":"WebSite","@id":"https:\/\/www.cftestataltarapaca.cl\/inicio\/#website","url":"https:\/\/www.cftestataltarapaca.cl\/inicio\/","name":"CFT Estatal Tarapac\u00e1","description":"Admisi\u00f3n 2025","publisher":{"@id":"https:\/\/www.cftestataltarapaca.cl\/inicio\/#organization"},"potentialAction":[{"@type":"SearchAction","target":{"@type":"EntryPoint","urlTemplate":"https:\/\/www.cftestataltarapaca.cl\/inicio\/?s={search_term_string}"},"query-input":{"@type":"PropertyValueSpecification","valueRequired":true,"valueName":"search_term_string"}}],"inLanguage":"es"},{"@type":"Organization","@id":"https:\/\/www.cftestataltarapaca.cl\/inicio\/#organization","name":"CFT Estatal Tarapac\u00e1","url":"https:\/\/www.cftestataltarapaca.cl\/inicio\/","logo":{"@type":"ImageObject","inLanguage":"es","@id":"https:\/\/www.cftestataltarapaca.cl\/inicio\/#\/schema\/logo\/image\/","url":"https:\/\/www.cftestataltarapaca.cl\/inicio\/wp-content\/uploads\/2019\/03\/logo-retina-1.png","contentUrl":"https:\/\/www.cftestataltarapaca.cl\/inicio\/wp-content\/uploads\/2019\/03\/logo-retina-1.png","width":401,"height":150,"caption":"CFT Estatal Tarapac\u00e1"},"image":{"@id":"https:\/\/www.cftestataltarapaca.cl\/inicio\/#\/schema\/logo\/image\/"},"sameAs":["https:\/\/www.facebook.com\/CFTestataltarapaca\/","https:\/\/x.com\/CFTesTarapaca","https:\/\/www.instagram.com\/CFTestataltarapaca\/"]},{"@type":"Person","@id":"https:\/\/www.cftestataltarapaca.cl\/inicio\/#\/schema\/person\/6f8baea790b092727c3a3c450c9804ef","name":"cftestatal","image":{"@type":"ImageObject","inLanguage":"es","@id":"https:\/\/secure.gravatar.com\/avatar\/660e74c785cdfc277d201d99328447b6780c200d88bedbde1ccc66ab4e0b82e1?s=96&d=mm&r=g","url":"https:\/\/secure.gravatar.com\/avatar\/660e74c785cdfc277d201d99328447b6780c200d88bedbde1ccc66ab4e0b82e1?s=96&d=mm&r=g","contentUrl":"https:\/\/secure.gravatar.com\/avatar\/660e74c785cdfc277d201d99328447b6780c200d88bedbde1ccc66ab4e0b82e1?s=96&d=mm&r=g","caption":"cftestatal"},"url":"https:\/\/www.cftestataltarapaca.cl\/inicio\/author\/cftestatal\/"}]}},"publishpress_future_action":{"enabled":false,"date":"2026-05-08 12:37:25","action":"change-status","newStatus":"draft","terms":[],"taxonomy":"category","extraData":[]},"publishpress_future_workflow_manual_trigger":{"enabledWorkflows":[]},"_links":{"self":[{"href":"https:\/\/www.cftestataltarapaca.cl\/inicio\/wp-json\/wp\/v2\/posts\/8458","targetHints":{"allow":["GET"]}}],"collection":[{"href":"https:\/\/www.cftestataltarapaca.cl\/inicio\/wp-json\/wp\/v2\/posts"}],"about":[{"href":"https:\/\/www.cftestataltarapaca.cl\/inicio\/wp-json\/wp\/v2\/types\/post"}],"author":[{"embeddable":true,"href":"https:\/\/www.cftestataltarapaca.cl\/inicio\/wp-json\/wp\/v2\/users\/1"}],"replies":[{"embeddable":true,"href":"https:\/\/www.cftestataltarapaca.cl\/inicio\/wp-json\/wp\/v2\/comments?post=8458"}],"version-history":[{"count":1,"href":"https:\/\/www.cftestataltarapaca.cl\/inicio\/wp-json\/wp\/v2\/posts\/8458\/revisions"}],"predecessor-version":[{"id":8460,"href":"https:\/\/www.cftestataltarapaca.cl\/inicio\/wp-json\/wp\/v2\/posts\/8458\/revisions\/8460"}],"wp:featuredmedia":[{"embeddable":true,"href":"https:\/\/www.cftestataltarapaca.cl\/inicio\/wp-json\/wp\/v2\/media\/8459"}],"wp:attachment":[{"href":"https:\/\/www.cftestataltarapaca.cl\/inicio\/wp-json\/wp\/v2\/media?parent=8458"}],"wp:term":[{"taxonomy":"category","embeddable":true,"href":"https:\/\/www.cftestataltarapaca.cl\/inicio\/wp-json\/wp\/v2\/categories?post=8458"},{"taxonomy":"post_tag","embeddable":true,"href":"https:\/\/www.cftestataltarapaca.cl\/inicio\/wp-json\/wp\/v2\/tags?post=8458"}],"curies":[{"name":"wp","href":"https:\/\/api.w.org\/{rel}","templated":true}]}}