{"id":8615,"date":"2021-12-28T18:30:56","date_gmt":"2021-12-28T18:30:56","guid":{"rendered":"https:\/\/www.cftestataltarapaca.cl\/inicio\/?p=8615"},"modified":"2023-03-14T12:25:25","modified_gmt":"2023-03-14T12:25:25","slug":"convenio-de-fortalecimiento-y-desarrollo-de-capacidades-academicas-administrativas-y-financieras-cft-estatal-de-la-region-de-tarapaca","status":"publish","type":"post","link":"https:\/\/www.cftestataltarapaca.cl\/inicio\/2021\/12\/28\/convenio-de-fortalecimiento-y-desarrollo-de-capacidades-academicas-administrativas-y-financieras-cft-estatal-de-la-region-de-tarapaca\/","title":{"rendered":"Convenio de fortalecimiento y desarrollo de capacidades acad\u00e9micas, administrativas y financieras CFT Estatal de la Regi\u00f3n de Tarapac\u00e1"},"content":{"rendered":"<p style=\"text-align: justify;\">En el segundo semestre del a\u00f1o 2021 se ha concretado el trabajo en conjunto entre el CFT y la Universidad Arturo Prat en el marco del convenio de colaboraci\u00f3n entre ambas Instituciones denominado \u201cConvenio de fortalecimiento y desarrollo de capacidades acad\u00e9micas, administrativas y financieras CFT Estatal de la Regi\u00f3n de Tarapac\u00e1\u201d, cuyo objetivo general es: \u201cAcompa\u00f1ar al Centro de Formaci\u00f3n T\u00e9cnica tutelado durante todo el procedimiento para adquirir la primera Acreditaci\u00f3n Institucional\u201d.<\/p>\n<p><!--more--><\/p>\n<p style=\"text-align: justify;\">En el marco de este convenio, es que se han llevado a cabo diversas reuniones de trabajo para cumplir con los objetivos espec\u00edficos trazados en el programa de trabajo final.<\/p>\n<p style=\"text-align: justify;\">Uno de los objetivos se refiere al asesoramiento y acompa\u00f1amiento en el proceso de implementaci\u00f3n de un sistema de aseguramiento de la calidad, con miras al proceso de autoevaluaci\u00f3n para la acreditaci\u00f3n.<\/p>\n<p style=\"text-align: justify;\">Estas reuniones se han realizado entre la Direcci\u00f3n General de Calidad de UNAP con Unidades acad\u00e9micas, Vinculaci\u00f3n con el medio, administrativas, financieras, Infraestructura, legal y Calidad del CFT ESTATAL TARAPAC\u00c1.<\/p>\n<p style=\"text-align: justify;\">De forma complementaria se est\u00e1 iniciando el trabajo con la Direcci\u00f3n General de An\u00e1lisis y Planificaci\u00f3n de la Universidad Arturo Prat para llevar a cabo el Objetivo espec\u00edfico N\u00b02 que tiene relaci\u00f3n con el \u201cAcompa\u00f1amiento en la elaboraci\u00f3n y\/o actualizaci\u00f3n de mecanismos que permitan realizar la evaluaci\u00f3n y seguimiento a los procesos comprometidos para el desarrollo del PDI\u201d.<\/p>\n<p style=\"text-align: justify;\"><img loading=\"lazy\" decoding=\"async\" class=\"alignnone wp-image-8617 size-full\" src=\"https:\/\/www.cftestataltarapaca.cl\/inicio\/wp-content\/uploads\/2022\/01\/acreditacion2.jpg\" alt=\"\" width=\"442\" height=\"232\" srcset=\"https:\/\/www.cftestataltarapaca.cl\/inicio\/wp-content\/uploads\/2022\/01\/acreditacion2.jpg 442w, https:\/\/www.cftestataltarapaca.cl\/inicio\/wp-content\/uploads\/2022\/01\/acreditacion2-300x157.jpg 300w\" sizes=\"auto, (max-width: 442px) 100vw, 442px\" \/><\/p>\n<p style=\"text-align: justify;\">De esta forma es que se han ido fortalecido los lazos con la Universidad tutora que permitir\u00e1 generar diversas instancias a nuestra Instituci\u00f3n para su continuo desarrollo, crecimiento y mejora continua.<\/p>\n","protected":false},"excerpt":{"rendered":"<p>En el segundo semestre del a\u00f1o 2021 se ha concretado el trabajo en conjunto entre el CFT y la Universidad Arturo Prat en el marco del convenio de colaboraci\u00f3n entre&#8230;<\/p>\n","protected":false},"author":1,"featured_media":8616,"comment_status":"open","ping_status":"open","sticky":false,"template":"","format":"standard","meta":{"_joinchat":[],"footnotes":""},"categories":[159],"tags":[],"class_list":["post-8615","post","type-post","status-publish","format-standard","has-post-thumbnail","hentry","category-acreditacion"],"yoast_head":"<!-- This site is optimized with the Yoast SEO plugin v27.4 - https:\/\/yoast.com\/product\/yoast-seo-wordpress\/ -->\n<title>Convenio de fortalecimiento y desarrollo de capacidades acad\u00e9micas, administrativas y financieras CFT Estatal de la Regi\u00f3n de Tarapac\u00e1 - CFT Estatal Tarapac\u00e1<\/title>\n<meta name=\"robots\" content=\"index, follow, max-snippet:-1, max-image-preview:large, max-video-preview:-1\" \/>\n<link rel=\"canonical\" href=\"https:\/\/www.cftestataltarapaca.cl\/inicio\/2021\/12\/28\/convenio-de-fortalecimiento-y-desarrollo-de-capacidades-academicas-administrativas-y-financieras-cft-estatal-de-la-region-de-tarapaca\/\" \/>\n<meta property=\"og:locale\" content=\"es_ES\" \/>\n<meta property=\"og:type\" content=\"article\" \/>\n<meta property=\"og:title\" content=\"Convenio de fortalecimiento y desarrollo de capacidades acad\u00e9micas, administrativas y financieras CFT Estatal de la Regi\u00f3n de Tarapac\u00e1 - CFT Estatal Tarapac\u00e1\" \/>\n<meta property=\"og:description\" content=\"En el segundo semestre del a\u00f1o 2021 se ha concretado el trabajo en conjunto entre el CFT y la Universidad Arturo Prat en el marco del convenio de colaboraci\u00f3n entre...\" \/>\n<meta property=\"og:url\" content=\"https:\/\/www.cftestataltarapaca.cl\/inicio\/2021\/12\/28\/convenio-de-fortalecimiento-y-desarrollo-de-capacidades-academicas-administrativas-y-financieras-cft-estatal-de-la-region-de-tarapaca\/\" \/>\n<meta property=\"og:site_name\" content=\"CFT Estatal Tarapac\u00e1\" \/>\n<meta property=\"article:publisher\" content=\"https:\/\/www.facebook.com\/CFTestataltarapaca\/\" \/>\n<meta property=\"article:published_time\" content=\"2021-12-28T18:30:56+00:00\" \/>\n<meta property=\"article:modified_time\" content=\"2023-03-14T12:25:25+00:00\" \/>\n<meta property=\"og:image\" content=\"https:\/\/www.cftestataltarapaca.cl\/inicio\/wp-content\/uploads\/2022\/01\/acreditacion1.jpg\" \/>\n\t<meta property=\"og:image:width\" content=\"442\" \/>\n\t<meta property=\"og:image:height\" content=\"232\" \/>\n\t<meta property=\"og:image:type\" content=\"image\/jpeg\" \/>\n<meta name=\"author\" content=\"cftestatal\" \/>\n<meta name=\"twitter:card\" content=\"summary_large_image\" \/>\n<meta name=\"twitter:creator\" content=\"@CFTesTarapaca\" \/>\n<meta name=\"twitter:site\" content=\"@CFTesTarapaca\" \/>\n<meta name=\"twitter:label1\" content=\"Escrito por\" \/>\n\t<meta name=\"twitter:data1\" content=\"cftestatal\" \/>\n\t<meta name=\"twitter:label2\" content=\"Tiempo de lectura\" \/>\n\t<meta name=\"twitter:data2\" content=\"2 minutos\" \/>\n<script type=\"application\/ld+json\" class=\"yoast-schema-graph\">{\"@context\":\"https:\\\/\\\/schema.org\",\"@graph\":[{\"@type\":\"Article\",\"@id\":\"https:\\\/\\\/www.cftestataltarapaca.cl\\\/inicio\\\/2021\\\/12\\\/28\\\/convenio-de-fortalecimiento-y-desarrollo-de-capacidades-academicas-administrativas-y-financieras-cft-estatal-de-la-region-de-tarapaca\\\/#article\",\"isPartOf\":{\"@id\":\"https:\\\/\\\/www.cftestataltarapaca.cl\\\/inicio\\\/2021\\\/12\\\/28\\\/convenio-de-fortalecimiento-y-desarrollo-de-capacidades-academicas-administrativas-y-financieras-cft-estatal-de-la-region-de-tarapaca\\\/\"},\"author\":{\"name\":\"cftestatal\",\"@id\":\"https:\\\/\\\/www.cftestataltarapaca.cl\\\/inicio\\\/#\\\/schema\\\/person\\\/6f8baea790b092727c3a3c450c9804ef\"},\"headline\":\"Convenio de fortalecimiento y desarrollo de capacidades acad\u00e9micas, administrativas y financieras CFT Estatal de la Regi\u00f3n de Tarapac\u00e1\",\"datePublished\":\"2021-12-28T18:30:56+00:00\",\"dateModified\":\"2023-03-14T12:25:25+00:00\",\"mainEntityOfPage\":{\"@id\":\"https:\\\/\\\/www.cftestataltarapaca.cl\\\/inicio\\\/2021\\\/12\\\/28\\\/convenio-de-fortalecimiento-y-desarrollo-de-capacidades-academicas-administrativas-y-financieras-cft-estatal-de-la-region-de-tarapaca\\\/\"},\"wordCount\":299,\"commentCount\":0,\"publisher\":{\"@id\":\"https:\\\/\\\/www.cftestataltarapaca.cl\\\/inicio\\\/#organization\"},\"image\":{\"@id\":\"https:\\\/\\\/www.cftestataltarapaca.cl\\\/inicio\\\/2021\\\/12\\\/28\\\/convenio-de-fortalecimiento-y-desarrollo-de-capacidades-academicas-administrativas-y-financieras-cft-estatal-de-la-region-de-tarapaca\\\/#primaryimage\"},\"thumbnailUrl\":\"https:\\\/\\\/www.cftestataltarapaca.cl\\\/inicio\\\/wp-content\\\/uploads\\\/2022\\\/01\\\/acreditacion1.jpg\",\"articleSection\":[\"Acreditaci\u00f3n\"],\"inLanguage\":\"es\",\"potentialAction\":[{\"@type\":\"CommentAction\",\"name\":\"Comment\",\"target\":[\"https:\\\/\\\/www.cftestataltarapaca.cl\\\/inicio\\\/2021\\\/12\\\/28\\\/convenio-de-fortalecimiento-y-desarrollo-de-capacidades-academicas-administrativas-y-financieras-cft-estatal-de-la-region-de-tarapaca\\\/#respond\"]}]},{\"@type\":\"WebPage\",\"@id\":\"https:\\\/\\\/www.cftestataltarapaca.cl\\\/inicio\\\/2021\\\/12\\\/28\\\/convenio-de-fortalecimiento-y-desarrollo-de-capacidades-academicas-administrativas-y-financieras-cft-estatal-de-la-region-de-tarapaca\\\/\",\"url\":\"https:\\\/\\\/www.cftestataltarapaca.cl\\\/inicio\\\/2021\\\/12\\\/28\\\/convenio-de-fortalecimiento-y-desarrollo-de-capacidades-academicas-administrativas-y-financieras-cft-estatal-de-la-region-de-tarapaca\\\/\",\"name\":\"Convenio de fortalecimiento y desarrollo de capacidades acad\u00e9micas, administrativas y financieras CFT Estatal de la Regi\u00f3n de Tarapac\u00e1 - CFT Estatal Tarapac\u00e1\",\"isPartOf\":{\"@id\":\"https:\\\/\\\/www.cftestataltarapaca.cl\\\/inicio\\\/#website\"},\"primaryImageOfPage\":{\"@id\":\"https:\\\/\\\/www.cftestataltarapaca.cl\\\/inicio\\\/2021\\\/12\\\/28\\\/convenio-de-fortalecimiento-y-desarrollo-de-capacidades-academicas-administrativas-y-financieras-cft-estatal-de-la-region-de-tarapaca\\\/#primaryimage\"},\"image\":{\"@id\":\"https:\\\/\\\/www.cftestataltarapaca.cl\\\/inicio\\\/2021\\\/12\\\/28\\\/convenio-de-fortalecimiento-y-desarrollo-de-capacidades-academicas-administrativas-y-financieras-cft-estatal-de-la-region-de-tarapaca\\\/#primaryimage\"},\"thumbnailUrl\":\"https:\\\/\\\/www.cftestataltarapaca.cl\\\/inicio\\\/wp-content\\\/uploads\\\/2022\\\/01\\\/acreditacion1.jpg\",\"datePublished\":\"2021-12-28T18:30:56+00:00\",\"dateModified\":\"2023-03-14T12:25:25+00:00\",\"breadcrumb\":{\"@id\":\"https:\\\/\\\/www.cftestataltarapaca.cl\\\/inicio\\\/2021\\\/12\\\/28\\\/convenio-de-fortalecimiento-y-desarrollo-de-capacidades-academicas-administrativas-y-financieras-cft-estatal-de-la-region-de-tarapaca\\\/#breadcrumb\"},\"inLanguage\":\"es\",\"potentialAction\":[{\"@type\":\"ReadAction\",\"target\":[\"https:\\\/\\\/www.cftestataltarapaca.cl\\\/inicio\\\/2021\\\/12\\\/28\\\/convenio-de-fortalecimiento-y-desarrollo-de-capacidades-academicas-administrativas-y-financieras-cft-estatal-de-la-region-de-tarapaca\\\/\"]}]},{\"@type\":\"ImageObject\",\"inLanguage\":\"es\",\"@id\":\"https:\\\/\\\/www.cftestataltarapaca.cl\\\/inicio\\\/2021\\\/12\\\/28\\\/convenio-de-fortalecimiento-y-desarrollo-de-capacidades-academicas-administrativas-y-financieras-cft-estatal-de-la-region-de-tarapaca\\\/#primaryimage\",\"url\":\"https:\\\/\\\/www.cftestataltarapaca.cl\\\/inicio\\\/wp-content\\\/uploads\\\/2022\\\/01\\\/acreditacion1.jpg\",\"contentUrl\":\"https:\\\/\\\/www.cftestataltarapaca.cl\\\/inicio\\\/wp-content\\\/uploads\\\/2022\\\/01\\\/acreditacion1.jpg\",\"width\":442,\"height\":232},{\"@type\":\"BreadcrumbList\",\"@id\":\"https:\\\/\\\/www.cftestataltarapaca.cl\\\/inicio\\\/2021\\\/12\\\/28\\\/convenio-de-fortalecimiento-y-desarrollo-de-capacidades-academicas-administrativas-y-financieras-cft-estatal-de-la-region-de-tarapaca\\\/#breadcrumb\",\"itemListElement\":[{\"@type\":\"ListItem\",\"position\":1,\"name\":\"Portada\",\"item\":\"https:\\\/\\\/www.cftestataltarapaca.cl\\\/inicio\\\/\"},{\"@type\":\"ListItem\",\"position\":2,\"name\":\"Convenio de fortalecimiento y desarrollo de capacidades acad\u00e9micas, administrativas y financieras CFT Estatal de la Regi\u00f3n de Tarapac\u00e1\"}]},{\"@type\":\"WebSite\",\"@id\":\"https:\\\/\\\/www.cftestataltarapaca.cl\\\/inicio\\\/#website\",\"url\":\"https:\\\/\\\/www.cftestataltarapaca.cl\\\/inicio\\\/\",\"name\":\"CFT Estatal Tarapac\u00e1\",\"description\":\"Admisi\u00f3n 2025\",\"publisher\":{\"@id\":\"https:\\\/\\\/www.cftestataltarapaca.cl\\\/inicio\\\/#organization\"},\"potentialAction\":[{\"@type\":\"SearchAction\",\"target\":{\"@type\":\"EntryPoint\",\"urlTemplate\":\"https:\\\/\\\/www.cftestataltarapaca.cl\\\/inicio\\\/?s={search_term_string}\"},\"query-input\":{\"@type\":\"PropertyValueSpecification\",\"valueRequired\":true,\"valueName\":\"search_term_string\"}}],\"inLanguage\":\"es\"},{\"@type\":\"Organization\",\"@id\":\"https:\\\/\\\/www.cftestataltarapaca.cl\\\/inicio\\\/#organization\",\"name\":\"CFT Estatal Tarapac\u00e1\",\"url\":\"https:\\\/\\\/www.cftestataltarapaca.cl\\\/inicio\\\/\",\"logo\":{\"@type\":\"ImageObject\",\"inLanguage\":\"es\",\"@id\":\"https:\\\/\\\/www.cftestataltarapaca.cl\\\/inicio\\\/#\\\/schema\\\/logo\\\/image\\\/\",\"url\":\"https:\\\/\\\/www.cftestataltarapaca.cl\\\/inicio\\\/wp-content\\\/uploads\\\/2019\\\/03\\\/logo-retina-1.png\",\"contentUrl\":\"https:\\\/\\\/www.cftestataltarapaca.cl\\\/inicio\\\/wp-content\\\/uploads\\\/2019\\\/03\\\/logo-retina-1.png\",\"width\":401,\"height\":150,\"caption\":\"CFT Estatal Tarapac\u00e1\"},\"image\":{\"@id\":\"https:\\\/\\\/www.cftestataltarapaca.cl\\\/inicio\\\/#\\\/schema\\\/logo\\\/image\\\/\"},\"sameAs\":[\"https:\\\/\\\/www.facebook.com\\\/CFTestataltarapaca\\\/\",\"https:\\\/\\\/x.com\\\/CFTesTarapaca\",\"https:\\\/\\\/www.instagram.com\\\/CFTestataltarapaca\\\/\"]},{\"@type\":\"Person\",\"@id\":\"https:\\\/\\\/www.cftestataltarapaca.cl\\\/inicio\\\/#\\\/schema\\\/person\\\/6f8baea790b092727c3a3c450c9804ef\",\"name\":\"cftestatal\",\"image\":{\"@type\":\"ImageObject\",\"inLanguage\":\"es\",\"@id\":\"https:\\\/\\\/secure.gravatar.com\\\/avatar\\\/660e74c785cdfc277d201d99328447b6780c200d88bedbde1ccc66ab4e0b82e1?s=96&d=mm&r=g\",\"url\":\"https:\\\/\\\/secure.gravatar.com\\\/avatar\\\/660e74c785cdfc277d201d99328447b6780c200d88bedbde1ccc66ab4e0b82e1?s=96&d=mm&r=g\",\"contentUrl\":\"https:\\\/\\\/secure.gravatar.com\\\/avatar\\\/660e74c785cdfc277d201d99328447b6780c200d88bedbde1ccc66ab4e0b82e1?s=96&d=mm&r=g\",\"caption\":\"cftestatal\"},\"url\":\"https:\\\/\\\/www.cftestataltarapaca.cl\\\/inicio\\\/author\\\/cftestatal\\\/\"}]}<\/script>\n<!-- \/ Yoast SEO plugin. -->","yoast_head_json":{"title":"Convenio de fortalecimiento y desarrollo de capacidades acad\u00e9micas, administrativas y financieras CFT Estatal de la Regi\u00f3n de Tarapac\u00e1 - CFT Estatal Tarapac\u00e1","robots":{"index":"index","follow":"follow","max-snippet":"max-snippet:-1","max-image-preview":"max-image-preview:large","max-video-preview":"max-video-preview:-1"},"canonical":"https:\/\/www.cftestataltarapaca.cl\/inicio\/2021\/12\/28\/convenio-de-fortalecimiento-y-desarrollo-de-capacidades-academicas-administrativas-y-financieras-cft-estatal-de-la-region-de-tarapaca\/","og_locale":"es_ES","og_type":"article","og_title":"Convenio de fortalecimiento y desarrollo de capacidades acad\u00e9micas, administrativas y financieras CFT Estatal de la Regi\u00f3n de Tarapac\u00e1 - CFT Estatal Tarapac\u00e1","og_description":"En el segundo semestre del a\u00f1o 2021 se ha concretado el trabajo en conjunto entre el CFT y la Universidad Arturo Prat en el marco del convenio de colaboraci\u00f3n entre...","og_url":"https:\/\/www.cftestataltarapaca.cl\/inicio\/2021\/12\/28\/convenio-de-fortalecimiento-y-desarrollo-de-capacidades-academicas-administrativas-y-financieras-cft-estatal-de-la-region-de-tarapaca\/","og_site_name":"CFT Estatal Tarapac\u00e1","article_publisher":"https:\/\/www.facebook.com\/CFTestataltarapaca\/","article_published_time":"2021-12-28T18:30:56+00:00","article_modified_time":"2023-03-14T12:25:25+00:00","og_image":[{"width":442,"height":232,"url":"https:\/\/www.cftestataltarapaca.cl\/inicio\/wp-content\/uploads\/2022\/01\/acreditacion1.jpg","type":"image\/jpeg"}],"author":"cftestatal","twitter_card":"summary_large_image","twitter_creator":"@CFTesTarapaca","twitter_site":"@CFTesTarapaca","twitter_misc":{"Escrito por":"cftestatal","Tiempo de lectura":"2 minutos"},"schema":{"@context":"https:\/\/schema.org","@graph":[{"@type":"Article","@id":"https:\/\/www.cftestataltarapaca.cl\/inicio\/2021\/12\/28\/convenio-de-fortalecimiento-y-desarrollo-de-capacidades-academicas-administrativas-y-financieras-cft-estatal-de-la-region-de-tarapaca\/#article","isPartOf":{"@id":"https:\/\/www.cftestataltarapaca.cl\/inicio\/2021\/12\/28\/convenio-de-fortalecimiento-y-desarrollo-de-capacidades-academicas-administrativas-y-financieras-cft-estatal-de-la-region-de-tarapaca\/"},"author":{"name":"cftestatal","@id":"https:\/\/www.cftestataltarapaca.cl\/inicio\/#\/schema\/person\/6f8baea790b092727c3a3c450c9804ef"},"headline":"Convenio de fortalecimiento y desarrollo de capacidades acad\u00e9micas, administrativas y financieras CFT Estatal de la Regi\u00f3n de Tarapac\u00e1","datePublished":"2021-12-28T18:30:56+00:00","dateModified":"2023-03-14T12:25:25+00:00","mainEntityOfPage":{"@id":"https:\/\/www.cftestataltarapaca.cl\/inicio\/2021\/12\/28\/convenio-de-fortalecimiento-y-desarrollo-de-capacidades-academicas-administrativas-y-financieras-cft-estatal-de-la-region-de-tarapaca\/"},"wordCount":299,"commentCount":0,"publisher":{"@id":"https:\/\/www.cftestataltarapaca.cl\/inicio\/#organization"},"image":{"@id":"https:\/\/www.cftestataltarapaca.cl\/inicio\/2021\/12\/28\/convenio-de-fortalecimiento-y-desarrollo-de-capacidades-academicas-administrativas-y-financieras-cft-estatal-de-la-region-de-tarapaca\/#primaryimage"},"thumbnailUrl":"https:\/\/www.cftestataltarapaca.cl\/inicio\/wp-content\/uploads\/2022\/01\/acreditacion1.jpg","articleSection":["Acreditaci\u00f3n"],"inLanguage":"es","potentialAction":[{"@type":"CommentAction","name":"Comment","target":["https:\/\/www.cftestataltarapaca.cl\/inicio\/2021\/12\/28\/convenio-de-fortalecimiento-y-desarrollo-de-capacidades-academicas-administrativas-y-financieras-cft-estatal-de-la-region-de-tarapaca\/#respond"]}]},{"@type":"WebPage","@id":"https:\/\/www.cftestataltarapaca.cl\/inicio\/2021\/12\/28\/convenio-de-fortalecimiento-y-desarrollo-de-capacidades-academicas-administrativas-y-financieras-cft-estatal-de-la-region-de-tarapaca\/","url":"https:\/\/www.cftestataltarapaca.cl\/inicio\/2021\/12\/28\/convenio-de-fortalecimiento-y-desarrollo-de-capacidades-academicas-administrativas-y-financieras-cft-estatal-de-la-region-de-tarapaca\/","name":"Convenio de fortalecimiento y desarrollo de capacidades acad\u00e9micas, administrativas y financieras CFT Estatal de la Regi\u00f3n de Tarapac\u00e1 - CFT Estatal Tarapac\u00e1","isPartOf":{"@id":"https:\/\/www.cftestataltarapaca.cl\/inicio\/#website"},"primaryImageOfPage":{"@id":"https:\/\/www.cftestataltarapaca.cl\/inicio\/2021\/12\/28\/convenio-de-fortalecimiento-y-desarrollo-de-capacidades-academicas-administrativas-y-financieras-cft-estatal-de-la-region-de-tarapaca\/#primaryimage"},"image":{"@id":"https:\/\/www.cftestataltarapaca.cl\/inicio\/2021\/12\/28\/convenio-de-fortalecimiento-y-desarrollo-de-capacidades-academicas-administrativas-y-financieras-cft-estatal-de-la-region-de-tarapaca\/#primaryimage"},"thumbnailUrl":"https:\/\/www.cftestataltarapaca.cl\/inicio\/wp-content\/uploads\/2022\/01\/acreditacion1.jpg","datePublished":"2021-12-28T18:30:56+00:00","dateModified":"2023-03-14T12:25:25+00:00","breadcrumb":{"@id":"https:\/\/www.cftestataltarapaca.cl\/inicio\/2021\/12\/28\/convenio-de-fortalecimiento-y-desarrollo-de-capacidades-academicas-administrativas-y-financieras-cft-estatal-de-la-region-de-tarapaca\/#breadcrumb"},"inLanguage":"es","potentialAction":[{"@type":"ReadAction","target":["https:\/\/www.cftestataltarapaca.cl\/inicio\/2021\/12\/28\/convenio-de-fortalecimiento-y-desarrollo-de-capacidades-academicas-administrativas-y-financieras-cft-estatal-de-la-region-de-tarapaca\/"]}]},{"@type":"ImageObject","inLanguage":"es","@id":"https:\/\/www.cftestataltarapaca.cl\/inicio\/2021\/12\/28\/convenio-de-fortalecimiento-y-desarrollo-de-capacidades-academicas-administrativas-y-financieras-cft-estatal-de-la-region-de-tarapaca\/#primaryimage","url":"https:\/\/www.cftestataltarapaca.cl\/inicio\/wp-content\/uploads\/2022\/01\/acreditacion1.jpg","contentUrl":"https:\/\/www.cftestataltarapaca.cl\/inicio\/wp-content\/uploads\/2022\/01\/acreditacion1.jpg","width":442,"height":232},{"@type":"BreadcrumbList","@id":"https:\/\/www.cftestataltarapaca.cl\/inicio\/2021\/12\/28\/convenio-de-fortalecimiento-y-desarrollo-de-capacidades-academicas-administrativas-y-financieras-cft-estatal-de-la-region-de-tarapaca\/#breadcrumb","itemListElement":[{"@type":"ListItem","position":1,"name":"Portada","item":"https:\/\/www.cftestataltarapaca.cl\/inicio\/"},{"@type":"ListItem","position":2,"name":"Convenio de fortalecimiento y desarrollo de capacidades acad\u00e9micas, administrativas y financieras CFT Estatal de la Regi\u00f3n de Tarapac\u00e1"}]},{"@type":"WebSite","@id":"https:\/\/www.cftestataltarapaca.cl\/inicio\/#website","url":"https:\/\/www.cftestataltarapaca.cl\/inicio\/","name":"CFT Estatal Tarapac\u00e1","description":"Admisi\u00f3n 2025","publisher":{"@id":"https:\/\/www.cftestataltarapaca.cl\/inicio\/#organization"},"potentialAction":[{"@type":"SearchAction","target":{"@type":"EntryPoint","urlTemplate":"https:\/\/www.cftestataltarapaca.cl\/inicio\/?s={search_term_string}"},"query-input":{"@type":"PropertyValueSpecification","valueRequired":true,"valueName":"search_term_string"}}],"inLanguage":"es"},{"@type":"Organization","@id":"https:\/\/www.cftestataltarapaca.cl\/inicio\/#organization","name":"CFT Estatal Tarapac\u00e1","url":"https:\/\/www.cftestataltarapaca.cl\/inicio\/","logo":{"@type":"ImageObject","inLanguage":"es","@id":"https:\/\/www.cftestataltarapaca.cl\/inicio\/#\/schema\/logo\/image\/","url":"https:\/\/www.cftestataltarapaca.cl\/inicio\/wp-content\/uploads\/2019\/03\/logo-retina-1.png","contentUrl":"https:\/\/www.cftestataltarapaca.cl\/inicio\/wp-content\/uploads\/2019\/03\/logo-retina-1.png","width":401,"height":150,"caption":"CFT Estatal Tarapac\u00e1"},"image":{"@id":"https:\/\/www.cftestataltarapaca.cl\/inicio\/#\/schema\/logo\/image\/"},"sameAs":["https:\/\/www.facebook.com\/CFTestataltarapaca\/","https:\/\/x.com\/CFTesTarapaca","https:\/\/www.instagram.com\/CFTestataltarapaca\/"]},{"@type":"Person","@id":"https:\/\/www.cftestataltarapaca.cl\/inicio\/#\/schema\/person\/6f8baea790b092727c3a3c450c9804ef","name":"cftestatal","image":{"@type":"ImageObject","inLanguage":"es","@id":"https:\/\/secure.gravatar.com\/avatar\/660e74c785cdfc277d201d99328447b6780c200d88bedbde1ccc66ab4e0b82e1?s=96&d=mm&r=g","url":"https:\/\/secure.gravatar.com\/avatar\/660e74c785cdfc277d201d99328447b6780c200d88bedbde1ccc66ab4e0b82e1?s=96&d=mm&r=g","contentUrl":"https:\/\/secure.gravatar.com\/avatar\/660e74c785cdfc277d201d99328447b6780c200d88bedbde1ccc66ab4e0b82e1?s=96&d=mm&r=g","caption":"cftestatal"},"url":"https:\/\/www.cftestataltarapaca.cl\/inicio\/author\/cftestatal\/"}]}},"publishpress_future_action":{"enabled":false,"date":"2026-05-08 15:09:25","action":"change-status","newStatus":"draft","terms":[],"taxonomy":"category","extraData":[]},"publishpress_future_workflow_manual_trigger":{"enabledWorkflows":[]},"_links":{"self":[{"href":"https:\/\/www.cftestataltarapaca.cl\/inicio\/wp-json\/wp\/v2\/posts\/8615","targetHints":{"allow":["GET"]}}],"collection":[{"href":"https:\/\/www.cftestataltarapaca.cl\/inicio\/wp-json\/wp\/v2\/posts"}],"about":[{"href":"https:\/\/www.cftestataltarapaca.cl\/inicio\/wp-json\/wp\/v2\/types\/post"}],"author":[{"embeddable":true,"href":"https:\/\/www.cftestataltarapaca.cl\/inicio\/wp-json\/wp\/v2\/users\/1"}],"replies":[{"embeddable":true,"href":"https:\/\/www.cftestataltarapaca.cl\/inicio\/wp-json\/wp\/v2\/comments?post=8615"}],"version-history":[{"count":2,"href":"https:\/\/www.cftestataltarapaca.cl\/inicio\/wp-json\/wp\/v2\/posts\/8615\/revisions"}],"predecessor-version":[{"id":9856,"href":"https:\/\/www.cftestataltarapaca.cl\/inicio\/wp-json\/wp\/v2\/posts\/8615\/revisions\/9856"}],"wp:featuredmedia":[{"embeddable":true,"href":"https:\/\/www.cftestataltarapaca.cl\/inicio\/wp-json\/wp\/v2\/media\/8616"}],"wp:attachment":[{"href":"https:\/\/www.cftestataltarapaca.cl\/inicio\/wp-json\/wp\/v2\/media?parent=8615"}],"wp:term":[{"taxonomy":"category","embeddable":true,"href":"https:\/\/www.cftestataltarapaca.cl\/inicio\/wp-json\/wp\/v2\/categories?post=8615"},{"taxonomy":"post_tag","embeddable":true,"href":"https:\/\/www.cftestataltarapaca.cl\/inicio\/wp-json\/wp\/v2\/tags?post=8615"}],"curies":[{"name":"wp","href":"https:\/\/api.w.org\/{rel}","templated":true}]}}