{"id":8671,"date":"2022-01-18T12:54:22","date_gmt":"2022-01-18T12:54:22","guid":{"rendered":"https:\/\/www.cftestataltarapaca.cl\/inicio\/?p=8671"},"modified":"2022-03-09T14:17:47","modified_gmt":"2022-03-09T14:17:47","slug":"cft-estatal-tarapaca-inicia-camino-hacia-la-acreditacion-ante-el-cna","status":"publish","type":"post","link":"https:\/\/www.cftestataltarapaca.cl\/inicio\/2022\/01\/18\/cft-estatal-tarapaca-inicia-camino-hacia-la-acreditacion-ante-el-cna\/","title":{"rendered":"CFT Estatal Tarapac\u00e1 inicia camino hacia la Acreditaci\u00f3n ante la CNA"},"content":{"rendered":"<p style=\"text-align: justify;\">El equipo del Centro de Formaci\u00f3n T\u00e9cnica Estatal de la Regi\u00f3n de Tarapac\u00e1, particip\u00f3 de dos jornadas de inducci\u00f3n sobre el proceso de acreditaci\u00f3n y su importancia, actividad que signific\u00f3 el vamos oficial al desaf\u00edo institucional ante la Comisi\u00f3n Nacional de Acreditaci\u00f3n, CNA.<!--more--><\/p>\n<p style=\"text-align: justify;\">La jornada, dirigida por el Director General de Calidad de la Universidad Arturo Prat, Ezequiel Mart\u00ednez, se enmarc\u00f3 en la explicac\u00edon del detalle sobre que es la acreditaci\u00f3n y el paso a paso \u00a0de los procesos que llevan a ella. Acci\u00f3n que se enmarca en el Convenio de Colaboraci\u00f3n entre UNAP y CFT Estatal Tarapac\u00e1, cuyo prop\u00f3sito\u00a0<strong><em>\u00abes fomentar y fortalecer la mejora y el desarrollo de las capacidades acad\u00e9micas, administrativas y financieras del CFT\u201d<\/em><\/strong>.<\/p>\n<p style=\"text-align: justify;\">\u00a0\u201cEn ese sentido, el Centro de Formaci\u00f3n T\u00e9cnica se encuentra bastante bien ante las exigencias del CNA, es una instituci\u00f3n joven que ha logrado posicionarse muy bien, demostrando cumplimiento de las normativas e instaurando procesos tempranamente\u201d dijo Mart\u00ednez durante su intervenci\u00f3n.<\/p>\n<p style=\"text-align: justify;\">Por su parte Daniela Rojas, Encargada de Calidad, Certificaci\u00f3n y Acreditaci\u00f3n del CFT Estatal Tarapac\u00e1, resalt\u00f3 la importancia de \u201cque es un proceso que conlleva un compromiso a nivel institucional y por ende se debe realizar como equipo entendiendo la labor que cada uno aporta a este proceso, es decir es un desaf\u00edo del CFT Estatal en su totalidad\u201d.<\/p>\n<p style=\"text-align: justify;\">Cabe mencionar que adem\u00e1s la CNA incorpor\u00f3 nuevos criterios y est\u00e1ndares de Calidad para la Acreditaci\u00f3n Institucional del Subsistema T\u00e9cnico Profesional \u201cSon cinco dimensiones que se operacionalizan en diecis\u00e9is criterios. Cada criterio cuenta con tres niveles de logro y debemos internalizarlos para salir exitosos del proceso\u201d. afirm\u00f3.<\/p>\n<p style=\"text-align: justify;\">En tanto, el Rector del Centro de Formaci\u00f3n T\u00e9cnica Estatal, Jorge Villegas Ahumada, destac\u00f3 el compromiso de los equipos a la hora de enfrentar el proceso de acreditaci\u00f3n ya que este es \u201cel paso natural, nuestro equipo ha sido altamente comprometido y riguroso en el cumplimiento de los procesos. Estamos haciendo las cosas bien, pero debemos acreditarnos, de esta manera nuestra instituci\u00f3n certifica su calidad ante la comunidad regional y nacional, no basta con que nosotros creamos que lo hacemos bien, lo sabemos y eso se certificar\u00e1 ante el CNA. Es un trabajo en equipo y nuestro principal objetivo a corto plazo\u201d dijo.<\/p>\n","protected":false},"excerpt":{"rendered":"<p>El equipo del Centro de Formaci\u00f3n T\u00e9cnica Estatal de la Regi\u00f3n de Tarapac\u00e1, particip\u00f3 de dos jornadas de inducci\u00f3n sobre el proceso de acreditaci\u00f3n y su importancia, actividad que signific\u00f3&#8230;<\/p>\n","protected":false},"author":1,"featured_media":8672,"comment_status":"open","ping_status":"open","sticky":false,"template":"","format":"standard","meta":{"_joinchat":[],"footnotes":""},"categories":[159],"tags":[],"class_list":["post-8671","post","type-post","status-publish","format-standard","has-post-thumbnail","hentry","category-acreditacion"],"yoast_head":"<!-- This site is optimized with the Yoast SEO plugin v27.4 - https:\/\/yoast.com\/product\/yoast-seo-wordpress\/ -->\n<title>CFT Estatal Tarapac\u00e1 inicia camino hacia la Acreditaci\u00f3n ante la CNA - CFT Estatal Tarapac\u00e1<\/title>\n<meta name=\"description\" content=\"El equipo del Centro de Formaci\u00f3n T\u00e9cnica Estatal de la Regi\u00f3n de Tarapac\u00e1, particip\u00f3 de dos jornadas de inducci\u00f3n sobre el proceso de acreditaci\u00f3n\" \/>\n<meta name=\"robots\" content=\"index, follow, max-snippet:-1, max-image-preview:large, max-video-preview:-1\" \/>\n<link rel=\"canonical\" href=\"https:\/\/www.cftestataltarapaca.cl\/inicio\/2022\/01\/18\/cft-estatal-tarapaca-inicia-camino-hacia-la-acreditacion-ante-el-cna\/\" \/>\n<meta property=\"og:locale\" content=\"es_ES\" \/>\n<meta property=\"og:type\" content=\"article\" \/>\n<meta property=\"og:title\" content=\"CFT Estatal Tarapac\u00e1 inicia camino hacia la Acreditaci\u00f3n ante la CNA - CFT Estatal Tarapac\u00e1\" \/>\n<meta property=\"og:description\" content=\"El equipo del Centro de Formaci\u00f3n T\u00e9cnica Estatal de la Regi\u00f3n de Tarapac\u00e1, particip\u00f3 de dos jornadas de inducci\u00f3n sobre el proceso de acreditaci\u00f3n\" \/>\n<meta property=\"og:url\" content=\"https:\/\/www.cftestataltarapaca.cl\/inicio\/2022\/01\/18\/cft-estatal-tarapaca-inicia-camino-hacia-la-acreditacion-ante-el-cna\/\" \/>\n<meta property=\"og:site_name\" content=\"CFT Estatal Tarapac\u00e1\" \/>\n<meta property=\"article:publisher\" content=\"https:\/\/www.facebook.com\/CFTestataltarapaca\/\" \/>\n<meta property=\"article:published_time\" content=\"2022-01-18T12:54:22+00:00\" \/>\n<meta property=\"article:modified_time\" content=\"2022-03-09T14:17:47+00:00\" \/>\n<meta property=\"og:image\" content=\"https:\/\/www.cftestataltarapaca.cl\/inicio\/wp-content\/uploads\/2022\/01\/image.png\" \/>\n\t<meta property=\"og:image:width\" content=\"1571\" \/>\n\t<meta property=\"og:image:height\" content=\"1259\" \/>\n\t<meta property=\"og:image:type\" content=\"image\/png\" \/>\n<meta name=\"author\" content=\"cftestatal\" \/>\n<meta name=\"twitter:card\" content=\"summary_large_image\" \/>\n<meta name=\"twitter:creator\" content=\"@CFTesTarapaca\" \/>\n<meta name=\"twitter:site\" content=\"@CFTesTarapaca\" \/>\n<meta name=\"twitter:label1\" content=\"Escrito por\" \/>\n\t<meta name=\"twitter:data1\" content=\"cftestatal\" \/>\n\t<meta name=\"twitter:label2\" content=\"Tiempo de lectura\" \/>\n\t<meta name=\"twitter:data2\" content=\"2 minutos\" \/>\n<script type=\"application\/ld+json\" class=\"yoast-schema-graph\">{\"@context\":\"https:\\\/\\\/schema.org\",\"@graph\":[{\"@type\":\"Article\",\"@id\":\"https:\\\/\\\/www.cftestataltarapaca.cl\\\/inicio\\\/2022\\\/01\\\/18\\\/cft-estatal-tarapaca-inicia-camino-hacia-la-acreditacion-ante-el-cna\\\/#article\",\"isPartOf\":{\"@id\":\"https:\\\/\\\/www.cftestataltarapaca.cl\\\/inicio\\\/2022\\\/01\\\/18\\\/cft-estatal-tarapaca-inicia-camino-hacia-la-acreditacion-ante-el-cna\\\/\"},\"author\":{\"name\":\"cftestatal\",\"@id\":\"https:\\\/\\\/www.cftestataltarapaca.cl\\\/inicio\\\/#\\\/schema\\\/person\\\/6f8baea790b092727c3a3c450c9804ef\"},\"headline\":\"CFT Estatal Tarapac\u00e1 inicia camino hacia la Acreditaci\u00f3n ante la CNA\",\"datePublished\":\"2022-01-18T12:54:22+00:00\",\"dateModified\":\"2022-03-09T14:17:47+00:00\",\"mainEntityOfPage\":{\"@id\":\"https:\\\/\\\/www.cftestataltarapaca.cl\\\/inicio\\\/2022\\\/01\\\/18\\\/cft-estatal-tarapaca-inicia-camino-hacia-la-acreditacion-ante-el-cna\\\/\"},\"wordCount\":412,\"commentCount\":0,\"publisher\":{\"@id\":\"https:\\\/\\\/www.cftestataltarapaca.cl\\\/inicio\\\/#organization\"},\"image\":{\"@id\":\"https:\\\/\\\/www.cftestataltarapaca.cl\\\/inicio\\\/2022\\\/01\\\/18\\\/cft-estatal-tarapaca-inicia-camino-hacia-la-acreditacion-ante-el-cna\\\/#primaryimage\"},\"thumbnailUrl\":\"https:\\\/\\\/www.cftestataltarapaca.cl\\\/inicio\\\/wp-content\\\/uploads\\\/2022\\\/01\\\/image.png\",\"articleSection\":[\"Acreditaci\u00f3n\"],\"inLanguage\":\"es\",\"potentialAction\":[{\"@type\":\"CommentAction\",\"name\":\"Comment\",\"target\":[\"https:\\\/\\\/www.cftestataltarapaca.cl\\\/inicio\\\/2022\\\/01\\\/18\\\/cft-estatal-tarapaca-inicia-camino-hacia-la-acreditacion-ante-el-cna\\\/#respond\"]}]},{\"@type\":\"WebPage\",\"@id\":\"https:\\\/\\\/www.cftestataltarapaca.cl\\\/inicio\\\/2022\\\/01\\\/18\\\/cft-estatal-tarapaca-inicia-camino-hacia-la-acreditacion-ante-el-cna\\\/\",\"url\":\"https:\\\/\\\/www.cftestataltarapaca.cl\\\/inicio\\\/2022\\\/01\\\/18\\\/cft-estatal-tarapaca-inicia-camino-hacia-la-acreditacion-ante-el-cna\\\/\",\"name\":\"CFT Estatal Tarapac\u00e1 inicia camino hacia la Acreditaci\u00f3n ante la CNA - CFT Estatal Tarapac\u00e1\",\"isPartOf\":{\"@id\":\"https:\\\/\\\/www.cftestataltarapaca.cl\\\/inicio\\\/#website\"},\"primaryImageOfPage\":{\"@id\":\"https:\\\/\\\/www.cftestataltarapaca.cl\\\/inicio\\\/2022\\\/01\\\/18\\\/cft-estatal-tarapaca-inicia-camino-hacia-la-acreditacion-ante-el-cna\\\/#primaryimage\"},\"image\":{\"@id\":\"https:\\\/\\\/www.cftestataltarapaca.cl\\\/inicio\\\/2022\\\/01\\\/18\\\/cft-estatal-tarapaca-inicia-camino-hacia-la-acreditacion-ante-el-cna\\\/#primaryimage\"},\"thumbnailUrl\":\"https:\\\/\\\/www.cftestataltarapaca.cl\\\/inicio\\\/wp-content\\\/uploads\\\/2022\\\/01\\\/image.png\",\"datePublished\":\"2022-01-18T12:54:22+00:00\",\"dateModified\":\"2022-03-09T14:17:47+00:00\",\"description\":\"El equipo del Centro de Formaci\u00f3n T\u00e9cnica Estatal de la Regi\u00f3n de Tarapac\u00e1, particip\u00f3 de dos jornadas de inducci\u00f3n sobre el proceso de acreditaci\u00f3n\",\"breadcrumb\":{\"@id\":\"https:\\\/\\\/www.cftestataltarapaca.cl\\\/inicio\\\/2022\\\/01\\\/18\\\/cft-estatal-tarapaca-inicia-camino-hacia-la-acreditacion-ante-el-cna\\\/#breadcrumb\"},\"inLanguage\":\"es\",\"potentialAction\":[{\"@type\":\"ReadAction\",\"target\":[\"https:\\\/\\\/www.cftestataltarapaca.cl\\\/inicio\\\/2022\\\/01\\\/18\\\/cft-estatal-tarapaca-inicia-camino-hacia-la-acreditacion-ante-el-cna\\\/\"]}]},{\"@type\":\"ImageObject\",\"inLanguage\":\"es\",\"@id\":\"https:\\\/\\\/www.cftestataltarapaca.cl\\\/inicio\\\/2022\\\/01\\\/18\\\/cft-estatal-tarapaca-inicia-camino-hacia-la-acreditacion-ante-el-cna\\\/#primaryimage\",\"url\":\"https:\\\/\\\/www.cftestataltarapaca.cl\\\/inicio\\\/wp-content\\\/uploads\\\/2022\\\/01\\\/image.png\",\"contentUrl\":\"https:\\\/\\\/www.cftestataltarapaca.cl\\\/inicio\\\/wp-content\\\/uploads\\\/2022\\\/01\\\/image.png\",\"width\":1571,\"height\":1259,\"caption\":\"Acreditaci\u00f3n CFT Estatal Tarapac\u00e1\"},{\"@type\":\"BreadcrumbList\",\"@id\":\"https:\\\/\\\/www.cftestataltarapaca.cl\\\/inicio\\\/2022\\\/01\\\/18\\\/cft-estatal-tarapaca-inicia-camino-hacia-la-acreditacion-ante-el-cna\\\/#breadcrumb\",\"itemListElement\":[{\"@type\":\"ListItem\",\"position\":1,\"name\":\"Portada\",\"item\":\"https:\\\/\\\/www.cftestataltarapaca.cl\\\/inicio\\\/\"},{\"@type\":\"ListItem\",\"position\":2,\"name\":\"CFT Estatal Tarapac\u00e1 inicia camino hacia la Acreditaci\u00f3n ante la CNA\"}]},{\"@type\":\"WebSite\",\"@id\":\"https:\\\/\\\/www.cftestataltarapaca.cl\\\/inicio\\\/#website\",\"url\":\"https:\\\/\\\/www.cftestataltarapaca.cl\\\/inicio\\\/\",\"name\":\"CFT Estatal Tarapac\u00e1\",\"description\":\"Admisi\u00f3n 2025\",\"publisher\":{\"@id\":\"https:\\\/\\\/www.cftestataltarapaca.cl\\\/inicio\\\/#organization\"},\"potentialAction\":[{\"@type\":\"SearchAction\",\"target\":{\"@type\":\"EntryPoint\",\"urlTemplate\":\"https:\\\/\\\/www.cftestataltarapaca.cl\\\/inicio\\\/?s={search_term_string}\"},\"query-input\":{\"@type\":\"PropertyValueSpecification\",\"valueRequired\":true,\"valueName\":\"search_term_string\"}}],\"inLanguage\":\"es\"},{\"@type\":\"Organization\",\"@id\":\"https:\\\/\\\/www.cftestataltarapaca.cl\\\/inicio\\\/#organization\",\"name\":\"CFT Estatal Tarapac\u00e1\",\"url\":\"https:\\\/\\\/www.cftestataltarapaca.cl\\\/inicio\\\/\",\"logo\":{\"@type\":\"ImageObject\",\"inLanguage\":\"es\",\"@id\":\"https:\\\/\\\/www.cftestataltarapaca.cl\\\/inicio\\\/#\\\/schema\\\/logo\\\/image\\\/\",\"url\":\"https:\\\/\\\/www.cftestataltarapaca.cl\\\/inicio\\\/wp-content\\\/uploads\\\/2019\\\/03\\\/logo-retina-1.png\",\"contentUrl\":\"https:\\\/\\\/www.cftestataltarapaca.cl\\\/inicio\\\/wp-content\\\/uploads\\\/2019\\\/03\\\/logo-retina-1.png\",\"width\":401,\"height\":150,\"caption\":\"CFT Estatal Tarapac\u00e1\"},\"image\":{\"@id\":\"https:\\\/\\\/www.cftestataltarapaca.cl\\\/inicio\\\/#\\\/schema\\\/logo\\\/image\\\/\"},\"sameAs\":[\"https:\\\/\\\/www.facebook.com\\\/CFTestataltarapaca\\\/\",\"https:\\\/\\\/x.com\\\/CFTesTarapaca\",\"https:\\\/\\\/www.instagram.com\\\/CFTestataltarapaca\\\/\"]},{\"@type\":\"Person\",\"@id\":\"https:\\\/\\\/www.cftestataltarapaca.cl\\\/inicio\\\/#\\\/schema\\\/person\\\/6f8baea790b092727c3a3c450c9804ef\",\"name\":\"cftestatal\",\"image\":{\"@type\":\"ImageObject\",\"inLanguage\":\"es\",\"@id\":\"https:\\\/\\\/secure.gravatar.com\\\/avatar\\\/660e74c785cdfc277d201d99328447b6780c200d88bedbde1ccc66ab4e0b82e1?s=96&d=mm&r=g\",\"url\":\"https:\\\/\\\/secure.gravatar.com\\\/avatar\\\/660e74c785cdfc277d201d99328447b6780c200d88bedbde1ccc66ab4e0b82e1?s=96&d=mm&r=g\",\"contentUrl\":\"https:\\\/\\\/secure.gravatar.com\\\/avatar\\\/660e74c785cdfc277d201d99328447b6780c200d88bedbde1ccc66ab4e0b82e1?s=96&d=mm&r=g\",\"caption\":\"cftestatal\"},\"url\":\"https:\\\/\\\/www.cftestataltarapaca.cl\\\/inicio\\\/author\\\/cftestatal\\\/\"}]}<\/script>\n<!-- \/ Yoast SEO plugin. -->","yoast_head_json":{"title":"CFT Estatal Tarapac\u00e1 inicia camino hacia la Acreditaci\u00f3n ante la CNA - CFT Estatal Tarapac\u00e1","description":"El equipo del Centro de Formaci\u00f3n T\u00e9cnica Estatal de la Regi\u00f3n de Tarapac\u00e1, particip\u00f3 de dos jornadas de inducci\u00f3n sobre el proceso de acreditaci\u00f3n","robots":{"index":"index","follow":"follow","max-snippet":"max-snippet:-1","max-image-preview":"max-image-preview:large","max-video-preview":"max-video-preview:-1"},"canonical":"https:\/\/www.cftestataltarapaca.cl\/inicio\/2022\/01\/18\/cft-estatal-tarapaca-inicia-camino-hacia-la-acreditacion-ante-el-cna\/","og_locale":"es_ES","og_type":"article","og_title":"CFT Estatal Tarapac\u00e1 inicia camino hacia la Acreditaci\u00f3n ante la CNA - CFT Estatal Tarapac\u00e1","og_description":"El equipo del Centro de Formaci\u00f3n T\u00e9cnica Estatal de la Regi\u00f3n de Tarapac\u00e1, particip\u00f3 de dos jornadas de inducci\u00f3n sobre el proceso de acreditaci\u00f3n","og_url":"https:\/\/www.cftestataltarapaca.cl\/inicio\/2022\/01\/18\/cft-estatal-tarapaca-inicia-camino-hacia-la-acreditacion-ante-el-cna\/","og_site_name":"CFT Estatal Tarapac\u00e1","article_publisher":"https:\/\/www.facebook.com\/CFTestataltarapaca\/","article_published_time":"2022-01-18T12:54:22+00:00","article_modified_time":"2022-03-09T14:17:47+00:00","og_image":[{"width":1571,"height":1259,"url":"https:\/\/www.cftestataltarapaca.cl\/inicio\/wp-content\/uploads\/2022\/01\/image.png","type":"image\/png"}],"author":"cftestatal","twitter_card":"summary_large_image","twitter_creator":"@CFTesTarapaca","twitter_site":"@CFTesTarapaca","twitter_misc":{"Escrito por":"cftestatal","Tiempo de lectura":"2 minutos"},"schema":{"@context":"https:\/\/schema.org","@graph":[{"@type":"Article","@id":"https:\/\/www.cftestataltarapaca.cl\/inicio\/2022\/01\/18\/cft-estatal-tarapaca-inicia-camino-hacia-la-acreditacion-ante-el-cna\/#article","isPartOf":{"@id":"https:\/\/www.cftestataltarapaca.cl\/inicio\/2022\/01\/18\/cft-estatal-tarapaca-inicia-camino-hacia-la-acreditacion-ante-el-cna\/"},"author":{"name":"cftestatal","@id":"https:\/\/www.cftestataltarapaca.cl\/inicio\/#\/schema\/person\/6f8baea790b092727c3a3c450c9804ef"},"headline":"CFT Estatal Tarapac\u00e1 inicia camino hacia la Acreditaci\u00f3n ante la CNA","datePublished":"2022-01-18T12:54:22+00:00","dateModified":"2022-03-09T14:17:47+00:00","mainEntityOfPage":{"@id":"https:\/\/www.cftestataltarapaca.cl\/inicio\/2022\/01\/18\/cft-estatal-tarapaca-inicia-camino-hacia-la-acreditacion-ante-el-cna\/"},"wordCount":412,"commentCount":0,"publisher":{"@id":"https:\/\/www.cftestataltarapaca.cl\/inicio\/#organization"},"image":{"@id":"https:\/\/www.cftestataltarapaca.cl\/inicio\/2022\/01\/18\/cft-estatal-tarapaca-inicia-camino-hacia-la-acreditacion-ante-el-cna\/#primaryimage"},"thumbnailUrl":"https:\/\/www.cftestataltarapaca.cl\/inicio\/wp-content\/uploads\/2022\/01\/image.png","articleSection":["Acreditaci\u00f3n"],"inLanguage":"es","potentialAction":[{"@type":"CommentAction","name":"Comment","target":["https:\/\/www.cftestataltarapaca.cl\/inicio\/2022\/01\/18\/cft-estatal-tarapaca-inicia-camino-hacia-la-acreditacion-ante-el-cna\/#respond"]}]},{"@type":"WebPage","@id":"https:\/\/www.cftestataltarapaca.cl\/inicio\/2022\/01\/18\/cft-estatal-tarapaca-inicia-camino-hacia-la-acreditacion-ante-el-cna\/","url":"https:\/\/www.cftestataltarapaca.cl\/inicio\/2022\/01\/18\/cft-estatal-tarapaca-inicia-camino-hacia-la-acreditacion-ante-el-cna\/","name":"CFT Estatal Tarapac\u00e1 inicia camino hacia la Acreditaci\u00f3n ante la CNA - CFT Estatal Tarapac\u00e1","isPartOf":{"@id":"https:\/\/www.cftestataltarapaca.cl\/inicio\/#website"},"primaryImageOfPage":{"@id":"https:\/\/www.cftestataltarapaca.cl\/inicio\/2022\/01\/18\/cft-estatal-tarapaca-inicia-camino-hacia-la-acreditacion-ante-el-cna\/#primaryimage"},"image":{"@id":"https:\/\/www.cftestataltarapaca.cl\/inicio\/2022\/01\/18\/cft-estatal-tarapaca-inicia-camino-hacia-la-acreditacion-ante-el-cna\/#primaryimage"},"thumbnailUrl":"https:\/\/www.cftestataltarapaca.cl\/inicio\/wp-content\/uploads\/2022\/01\/image.png","datePublished":"2022-01-18T12:54:22+00:00","dateModified":"2022-03-09T14:17:47+00:00","description":"El equipo del Centro de Formaci\u00f3n T\u00e9cnica Estatal de la Regi\u00f3n de Tarapac\u00e1, particip\u00f3 de dos jornadas de inducci\u00f3n sobre el proceso de acreditaci\u00f3n","breadcrumb":{"@id":"https:\/\/www.cftestataltarapaca.cl\/inicio\/2022\/01\/18\/cft-estatal-tarapaca-inicia-camino-hacia-la-acreditacion-ante-el-cna\/#breadcrumb"},"inLanguage":"es","potentialAction":[{"@type":"ReadAction","target":["https:\/\/www.cftestataltarapaca.cl\/inicio\/2022\/01\/18\/cft-estatal-tarapaca-inicia-camino-hacia-la-acreditacion-ante-el-cna\/"]}]},{"@type":"ImageObject","inLanguage":"es","@id":"https:\/\/www.cftestataltarapaca.cl\/inicio\/2022\/01\/18\/cft-estatal-tarapaca-inicia-camino-hacia-la-acreditacion-ante-el-cna\/#primaryimage","url":"https:\/\/www.cftestataltarapaca.cl\/inicio\/wp-content\/uploads\/2022\/01\/image.png","contentUrl":"https:\/\/www.cftestataltarapaca.cl\/inicio\/wp-content\/uploads\/2022\/01\/image.png","width":1571,"height":1259,"caption":"Acreditaci\u00f3n CFT Estatal Tarapac\u00e1"},{"@type":"BreadcrumbList","@id":"https:\/\/www.cftestataltarapaca.cl\/inicio\/2022\/01\/18\/cft-estatal-tarapaca-inicia-camino-hacia-la-acreditacion-ante-el-cna\/#breadcrumb","itemListElement":[{"@type":"ListItem","position":1,"name":"Portada","item":"https:\/\/www.cftestataltarapaca.cl\/inicio\/"},{"@type":"ListItem","position":2,"name":"CFT Estatal Tarapac\u00e1 inicia camino hacia la Acreditaci\u00f3n ante la CNA"}]},{"@type":"WebSite","@id":"https:\/\/www.cftestataltarapaca.cl\/inicio\/#website","url":"https:\/\/www.cftestataltarapaca.cl\/inicio\/","name":"CFT Estatal Tarapac\u00e1","description":"Admisi\u00f3n 2025","publisher":{"@id":"https:\/\/www.cftestataltarapaca.cl\/inicio\/#organization"},"potentialAction":[{"@type":"SearchAction","target":{"@type":"EntryPoint","urlTemplate":"https:\/\/www.cftestataltarapaca.cl\/inicio\/?s={search_term_string}"},"query-input":{"@type":"PropertyValueSpecification","valueRequired":true,"valueName":"search_term_string"}}],"inLanguage":"es"},{"@type":"Organization","@id":"https:\/\/www.cftestataltarapaca.cl\/inicio\/#organization","name":"CFT Estatal Tarapac\u00e1","url":"https:\/\/www.cftestataltarapaca.cl\/inicio\/","logo":{"@type":"ImageObject","inLanguage":"es","@id":"https:\/\/www.cftestataltarapaca.cl\/inicio\/#\/schema\/logo\/image\/","url":"https:\/\/www.cftestataltarapaca.cl\/inicio\/wp-content\/uploads\/2019\/03\/logo-retina-1.png","contentUrl":"https:\/\/www.cftestataltarapaca.cl\/inicio\/wp-content\/uploads\/2019\/03\/logo-retina-1.png","width":401,"height":150,"caption":"CFT Estatal Tarapac\u00e1"},"image":{"@id":"https:\/\/www.cftestataltarapaca.cl\/inicio\/#\/schema\/logo\/image\/"},"sameAs":["https:\/\/www.facebook.com\/CFTestataltarapaca\/","https:\/\/x.com\/CFTesTarapaca","https:\/\/www.instagram.com\/CFTestataltarapaca\/"]},{"@type":"Person","@id":"https:\/\/www.cftestataltarapaca.cl\/inicio\/#\/schema\/person\/6f8baea790b092727c3a3c450c9804ef","name":"cftestatal","image":{"@type":"ImageObject","inLanguage":"es","@id":"https:\/\/secure.gravatar.com\/avatar\/660e74c785cdfc277d201d99328447b6780c200d88bedbde1ccc66ab4e0b82e1?s=96&d=mm&r=g","url":"https:\/\/secure.gravatar.com\/avatar\/660e74c785cdfc277d201d99328447b6780c200d88bedbde1ccc66ab4e0b82e1?s=96&d=mm&r=g","contentUrl":"https:\/\/secure.gravatar.com\/avatar\/660e74c785cdfc277d201d99328447b6780c200d88bedbde1ccc66ab4e0b82e1?s=96&d=mm&r=g","caption":"cftestatal"},"url":"https:\/\/www.cftestataltarapaca.cl\/inicio\/author\/cftestatal\/"}]}},"publishpress_future_action":{"enabled":false,"date":"2026-05-08 15:09:27","action":"change-status","newStatus":"draft","terms":[],"taxonomy":"category","extraData":[]},"publishpress_future_workflow_manual_trigger":{"enabledWorkflows":[]},"_links":{"self":[{"href":"https:\/\/www.cftestataltarapaca.cl\/inicio\/wp-json\/wp\/v2\/posts\/8671","targetHints":{"allow":["GET"]}}],"collection":[{"href":"https:\/\/www.cftestataltarapaca.cl\/inicio\/wp-json\/wp\/v2\/posts"}],"about":[{"href":"https:\/\/www.cftestataltarapaca.cl\/inicio\/wp-json\/wp\/v2\/types\/post"}],"author":[{"embeddable":true,"href":"https:\/\/www.cftestataltarapaca.cl\/inicio\/wp-json\/wp\/v2\/users\/1"}],"replies":[{"embeddable":true,"href":"https:\/\/www.cftestataltarapaca.cl\/inicio\/wp-json\/wp\/v2\/comments?post=8671"}],"version-history":[{"count":3,"href":"https:\/\/www.cftestataltarapaca.cl\/inicio\/wp-json\/wp\/v2\/posts\/8671\/revisions"}],"predecessor-version":[{"id":8729,"href":"https:\/\/www.cftestataltarapaca.cl\/inicio\/wp-json\/wp\/v2\/posts\/8671\/revisions\/8729"}],"wp:featuredmedia":[{"embeddable":true,"href":"https:\/\/www.cftestataltarapaca.cl\/inicio\/wp-json\/wp\/v2\/media\/8672"}],"wp:attachment":[{"href":"https:\/\/www.cftestataltarapaca.cl\/inicio\/wp-json\/wp\/v2\/media?parent=8671"}],"wp:term":[{"taxonomy":"category","embeddable":true,"href":"https:\/\/www.cftestataltarapaca.cl\/inicio\/wp-json\/wp\/v2\/categories?post=8671"},{"taxonomy":"post_tag","embeddable":true,"href":"https:\/\/www.cftestataltarapaca.cl\/inicio\/wp-json\/wp\/v2\/tags?post=8671"}],"curies":[{"name":"wp","href":"https:\/\/api.w.org\/{rel}","templated":true}]}}