{"id":9102,"date":"2022-05-15T16:51:20","date_gmt":"2022-05-15T16:51:20","guid":{"rendered":"https:\/\/www.cftestataltarapaca.cl\/inicio\/?p=9102"},"modified":"2022-06-15T19:38:44","modified_gmt":"2022-06-15T19:38:44","slug":"ii-encuentro-de-acompanamiento-en-el-marco-de-la-supervigilancia-a-los-cft-estatales","status":"publish","type":"post","link":"https:\/\/www.cftestataltarapaca.cl\/inicio\/2022\/05\/15\/ii-encuentro-de-acompanamiento-en-el-marco-de-la-supervigilancia-a-los-cft-estatales\/","title":{"rendered":"II Encuentro de Acompa\u00f1amiento en el marco de la supervigilancia a los CFT Estatales"},"content":{"rendered":"<p style=\"text-align: justify;\">Del 09 al 13 de mayo 2022 se llev\u00f3 a cabo el segundo proceso de acompa\u00f1amiento que realiza el Consejo Nacional de Educaci\u00f3n (CNED) y que tuvo como objetivo verificar la concreci\u00f3n y la implementaci\u00f3n del Proyecto de desarrollo Institucional (PDI) y su avance desde el a\u00f1o 2022.<!--more--><\/p>\n<p style=\"text-align: justify;\">Asimismo, este encuentro permiti\u00f3 a la Instituci\u00f3n fortalecer sus capacidades internas a trav\u00e9s del desarrollo de dos talleres cuyo objeto era generar un espacio para compartir y reflexionar sobre el quehacer interno y buenas pr\u00e1cticas en Centros de Formaci\u00f3n T\u00e9cnica. El primer taller tuvo como tem\u00e1tica el desarrollo de la innovaci\u00f3n y transferencia tecnol\u00f3gica en el proceso de ense\u00f1anza-aprendizaje y adem\u00e1s un taller sobre sustentabilidad financiera<\/p>\n<p style=\"text-align: justify;\">Con esta actividad se dio paso a una nueva instancia que permiti\u00f3 a la Instituci\u00f3n autoevaluarse y planificar las siguientes acciones para mejorar sus procesos en miras de la acreditaci\u00f3n institucional-<\/p>\n<p style=\"text-align: justify;\">Al respecto el rector del Centro de Formaci\u00f3n T\u00e9cnica Estatal de Tarapac\u00e1, Jorge Villegas Ahumada, destac\u00f3 el alto compromiso de todos en el proceso \u201cesta instancia nos permiti\u00f3 como equipo levantar nuestros avances y detectar aquellos puntos en los que debemos fortalecer. El feed back recibido por el equipo del asesores del Consejo sumado a los talleres realizados\u00a0 nos permiten cumplir con nuestro objetivo de mejora constante, marc\u00e1ndonos nuevas metas y desaf\u00edos, siempre pensando en ser un aporte al desarrollo de nuestros alumnos y al territorio. Dando confiabilidad a trav\u00e9s de la calidad respaldada por la aprobaci\u00f3n del proceso de acreditaci\u00f3n en que estamos\u201d, afirm\u00f3.<\/p>\n<p style=\"text-align: justify;\"><strong>Avances<\/strong><\/p>\n<p style=\"text-align: justify;\">El pasado mi\u00e9rcoles 15 de junio se realiz\u00f3 una nueva jornada por parte de los consejeros del CNED con parte del equipo CFT Estatal Tarapac\u00e1, a fin de revisar los avances en las observaciones realizadas en el Proyecto de Desarrollo Institucional, en el contexto del acompa\u00f1amiento llevado a cabo en el mes de mayo.<\/p>\n","protected":false},"excerpt":{"rendered":"<p>Del 09 al 13 de mayo 2022 se llev\u00f3 a cabo el segundo proceso de acompa\u00f1amiento que realiza el Consejo Nacional de Educaci\u00f3n (CNED) y que tuvo como objetivo verificar&#8230;<\/p>\n","protected":false},"author":1,"featured_media":9103,"comment_status":"open","ping_status":"open","sticky":false,"template":"","format":"standard","meta":{"_joinchat":[],"footnotes":""},"categories":[159],"tags":[],"class_list":["post-9102","post","type-post","status-publish","format-standard","has-post-thumbnail","hentry","category-acreditacion"],"yoast_head":"<!-- This site is optimized with the Yoast SEO plugin v27.4 - https:\/\/yoast.com\/product\/yoast-seo-wordpress\/ -->\n<title>II Encuentro de Acompa\u00f1amiento en el marco de la supervigilancia a los CFT Estatales - CFT Estatal Tarapac\u00e1<\/title>\n<meta name=\"robots\" content=\"index, follow, max-snippet:-1, max-image-preview:large, max-video-preview:-1\" \/>\n<link rel=\"canonical\" href=\"https:\/\/www.cftestataltarapaca.cl\/inicio\/2022\/05\/15\/ii-encuentro-de-acompanamiento-en-el-marco-de-la-supervigilancia-a-los-cft-estatales\/\" \/>\n<meta property=\"og:locale\" content=\"es_ES\" \/>\n<meta property=\"og:type\" content=\"article\" \/>\n<meta property=\"og:title\" content=\"II Encuentro de Acompa\u00f1amiento en el marco de la supervigilancia a los CFT Estatales - CFT Estatal Tarapac\u00e1\" \/>\n<meta property=\"og:description\" content=\"Del 09 al 13 de mayo 2022 se llev\u00f3 a cabo el segundo proceso de acompa\u00f1amiento que realiza el Consejo Nacional de Educaci\u00f3n (CNED) y que tuvo como objetivo verificar...\" \/>\n<meta property=\"og:url\" content=\"https:\/\/www.cftestataltarapaca.cl\/inicio\/2022\/05\/15\/ii-encuentro-de-acompanamiento-en-el-marco-de-la-supervigilancia-a-los-cft-estatales\/\" \/>\n<meta property=\"og:site_name\" content=\"CFT Estatal Tarapac\u00e1\" \/>\n<meta property=\"article:publisher\" content=\"https:\/\/www.facebook.com\/CFTestataltarapaca\/\" \/>\n<meta property=\"article:published_time\" content=\"2022-05-15T16:51:20+00:00\" \/>\n<meta property=\"article:modified_time\" content=\"2022-06-15T19:38:44+00:00\" \/>\n<meta property=\"og:image\" content=\"https:\/\/www.cftestataltarapaca.cl\/inicio\/wp-content\/uploads\/2022\/06\/Retro9.png\" \/>\n\t<meta property=\"og:image:width\" content=\"1366\" \/>\n\t<meta property=\"og:image:height\" content=\"768\" \/>\n\t<meta property=\"og:image:type\" content=\"image\/png\" \/>\n<meta name=\"author\" content=\"cftestatal\" \/>\n<meta name=\"twitter:card\" content=\"summary_large_image\" \/>\n<meta name=\"twitter:creator\" content=\"@CFTesTarapaca\" \/>\n<meta name=\"twitter:site\" content=\"@CFTesTarapaca\" \/>\n<meta name=\"twitter:label1\" content=\"Escrito por\" \/>\n\t<meta name=\"twitter:data1\" content=\"cftestatal\" \/>\n\t<meta name=\"twitter:label2\" content=\"Tiempo de lectura\" \/>\n\t<meta name=\"twitter:data2\" content=\"2 minutos\" \/>\n<script type=\"application\/ld+json\" class=\"yoast-schema-graph\">{\"@context\":\"https:\\\/\\\/schema.org\",\"@graph\":[{\"@type\":\"Article\",\"@id\":\"https:\\\/\\\/www.cftestataltarapaca.cl\\\/inicio\\\/2022\\\/05\\\/15\\\/ii-encuentro-de-acompanamiento-en-el-marco-de-la-supervigilancia-a-los-cft-estatales\\\/#article\",\"isPartOf\":{\"@id\":\"https:\\\/\\\/www.cftestataltarapaca.cl\\\/inicio\\\/2022\\\/05\\\/15\\\/ii-encuentro-de-acompanamiento-en-el-marco-de-la-supervigilancia-a-los-cft-estatales\\\/\"},\"author\":{\"name\":\"cftestatal\",\"@id\":\"https:\\\/\\\/www.cftestataltarapaca.cl\\\/inicio\\\/#\\\/schema\\\/person\\\/6f8baea790b092727c3a3c450c9804ef\"},\"headline\":\"II Encuentro de Acompa\u00f1amiento en el marco de la supervigilancia a los CFT Estatales\",\"datePublished\":\"2022-05-15T16:51:20+00:00\",\"dateModified\":\"2022-06-15T19:38:44+00:00\",\"mainEntityOfPage\":{\"@id\":\"https:\\\/\\\/www.cftestataltarapaca.cl\\\/inicio\\\/2022\\\/05\\\/15\\\/ii-encuentro-de-acompanamiento-en-el-marco-de-la-supervigilancia-a-los-cft-estatales\\\/\"},\"wordCount\":341,\"commentCount\":0,\"publisher\":{\"@id\":\"https:\\\/\\\/www.cftestataltarapaca.cl\\\/inicio\\\/#organization\"},\"image\":{\"@id\":\"https:\\\/\\\/www.cftestataltarapaca.cl\\\/inicio\\\/2022\\\/05\\\/15\\\/ii-encuentro-de-acompanamiento-en-el-marco-de-la-supervigilancia-a-los-cft-estatales\\\/#primaryimage\"},\"thumbnailUrl\":\"https:\\\/\\\/www.cftestataltarapaca.cl\\\/inicio\\\/wp-content\\\/uploads\\\/2022\\\/06\\\/Retro9.png\",\"articleSection\":[\"Acreditaci\u00f3n\"],\"inLanguage\":\"es\",\"potentialAction\":[{\"@type\":\"CommentAction\",\"name\":\"Comment\",\"target\":[\"https:\\\/\\\/www.cftestataltarapaca.cl\\\/inicio\\\/2022\\\/05\\\/15\\\/ii-encuentro-de-acompanamiento-en-el-marco-de-la-supervigilancia-a-los-cft-estatales\\\/#respond\"]}]},{\"@type\":\"WebPage\",\"@id\":\"https:\\\/\\\/www.cftestataltarapaca.cl\\\/inicio\\\/2022\\\/05\\\/15\\\/ii-encuentro-de-acompanamiento-en-el-marco-de-la-supervigilancia-a-los-cft-estatales\\\/\",\"url\":\"https:\\\/\\\/www.cftestataltarapaca.cl\\\/inicio\\\/2022\\\/05\\\/15\\\/ii-encuentro-de-acompanamiento-en-el-marco-de-la-supervigilancia-a-los-cft-estatales\\\/\",\"name\":\"II Encuentro de Acompa\u00f1amiento en el marco de la supervigilancia a los CFT Estatales - CFT Estatal Tarapac\u00e1\",\"isPartOf\":{\"@id\":\"https:\\\/\\\/www.cftestataltarapaca.cl\\\/inicio\\\/#website\"},\"primaryImageOfPage\":{\"@id\":\"https:\\\/\\\/www.cftestataltarapaca.cl\\\/inicio\\\/2022\\\/05\\\/15\\\/ii-encuentro-de-acompanamiento-en-el-marco-de-la-supervigilancia-a-los-cft-estatales\\\/#primaryimage\"},\"image\":{\"@id\":\"https:\\\/\\\/www.cftestataltarapaca.cl\\\/inicio\\\/2022\\\/05\\\/15\\\/ii-encuentro-de-acompanamiento-en-el-marco-de-la-supervigilancia-a-los-cft-estatales\\\/#primaryimage\"},\"thumbnailUrl\":\"https:\\\/\\\/www.cftestataltarapaca.cl\\\/inicio\\\/wp-content\\\/uploads\\\/2022\\\/06\\\/Retro9.png\",\"datePublished\":\"2022-05-15T16:51:20+00:00\",\"dateModified\":\"2022-06-15T19:38:44+00:00\",\"breadcrumb\":{\"@id\":\"https:\\\/\\\/www.cftestataltarapaca.cl\\\/inicio\\\/2022\\\/05\\\/15\\\/ii-encuentro-de-acompanamiento-en-el-marco-de-la-supervigilancia-a-los-cft-estatales\\\/#breadcrumb\"},\"inLanguage\":\"es\",\"potentialAction\":[{\"@type\":\"ReadAction\",\"target\":[\"https:\\\/\\\/www.cftestataltarapaca.cl\\\/inicio\\\/2022\\\/05\\\/15\\\/ii-encuentro-de-acompanamiento-en-el-marco-de-la-supervigilancia-a-los-cft-estatales\\\/\"]}]},{\"@type\":\"ImageObject\",\"inLanguage\":\"es\",\"@id\":\"https:\\\/\\\/www.cftestataltarapaca.cl\\\/inicio\\\/2022\\\/05\\\/15\\\/ii-encuentro-de-acompanamiento-en-el-marco-de-la-supervigilancia-a-los-cft-estatales\\\/#primaryimage\",\"url\":\"https:\\\/\\\/www.cftestataltarapaca.cl\\\/inicio\\\/wp-content\\\/uploads\\\/2022\\\/06\\\/Retro9.png\",\"contentUrl\":\"https:\\\/\\\/www.cftestataltarapaca.cl\\\/inicio\\\/wp-content\\\/uploads\\\/2022\\\/06\\\/Retro9.png\",\"width\":1366,\"height\":768},{\"@type\":\"BreadcrumbList\",\"@id\":\"https:\\\/\\\/www.cftestataltarapaca.cl\\\/inicio\\\/2022\\\/05\\\/15\\\/ii-encuentro-de-acompanamiento-en-el-marco-de-la-supervigilancia-a-los-cft-estatales\\\/#breadcrumb\",\"itemListElement\":[{\"@type\":\"ListItem\",\"position\":1,\"name\":\"Portada\",\"item\":\"https:\\\/\\\/www.cftestataltarapaca.cl\\\/inicio\\\/\"},{\"@type\":\"ListItem\",\"position\":2,\"name\":\"II Encuentro de Acompa\u00f1amiento en el marco de la supervigilancia a los CFT Estatales\"}]},{\"@type\":\"WebSite\",\"@id\":\"https:\\\/\\\/www.cftestataltarapaca.cl\\\/inicio\\\/#website\",\"url\":\"https:\\\/\\\/www.cftestataltarapaca.cl\\\/inicio\\\/\",\"name\":\"CFT Estatal Tarapac\u00e1\",\"description\":\"Admisi\u00f3n 2025\",\"publisher\":{\"@id\":\"https:\\\/\\\/www.cftestataltarapaca.cl\\\/inicio\\\/#organization\"},\"potentialAction\":[{\"@type\":\"SearchAction\",\"target\":{\"@type\":\"EntryPoint\",\"urlTemplate\":\"https:\\\/\\\/www.cftestataltarapaca.cl\\\/inicio\\\/?s={search_term_string}\"},\"query-input\":{\"@type\":\"PropertyValueSpecification\",\"valueRequired\":true,\"valueName\":\"search_term_string\"}}],\"inLanguage\":\"es\"},{\"@type\":\"Organization\",\"@id\":\"https:\\\/\\\/www.cftestataltarapaca.cl\\\/inicio\\\/#organization\",\"name\":\"CFT Estatal Tarapac\u00e1\",\"url\":\"https:\\\/\\\/www.cftestataltarapaca.cl\\\/inicio\\\/\",\"logo\":{\"@type\":\"ImageObject\",\"inLanguage\":\"es\",\"@id\":\"https:\\\/\\\/www.cftestataltarapaca.cl\\\/inicio\\\/#\\\/schema\\\/logo\\\/image\\\/\",\"url\":\"https:\\\/\\\/www.cftestataltarapaca.cl\\\/inicio\\\/wp-content\\\/uploads\\\/2019\\\/03\\\/logo-retina-1.png\",\"contentUrl\":\"https:\\\/\\\/www.cftestataltarapaca.cl\\\/inicio\\\/wp-content\\\/uploads\\\/2019\\\/03\\\/logo-retina-1.png\",\"width\":401,\"height\":150,\"caption\":\"CFT Estatal Tarapac\u00e1\"},\"image\":{\"@id\":\"https:\\\/\\\/www.cftestataltarapaca.cl\\\/inicio\\\/#\\\/schema\\\/logo\\\/image\\\/\"},\"sameAs\":[\"https:\\\/\\\/www.facebook.com\\\/CFTestataltarapaca\\\/\",\"https:\\\/\\\/x.com\\\/CFTesTarapaca\",\"https:\\\/\\\/www.instagram.com\\\/CFTestataltarapaca\\\/\"]},{\"@type\":\"Person\",\"@id\":\"https:\\\/\\\/www.cftestataltarapaca.cl\\\/inicio\\\/#\\\/schema\\\/person\\\/6f8baea790b092727c3a3c450c9804ef\",\"name\":\"cftestatal\",\"image\":{\"@type\":\"ImageObject\",\"inLanguage\":\"es\",\"@id\":\"https:\\\/\\\/secure.gravatar.com\\\/avatar\\\/660e74c785cdfc277d201d99328447b6780c200d88bedbde1ccc66ab4e0b82e1?s=96&d=mm&r=g\",\"url\":\"https:\\\/\\\/secure.gravatar.com\\\/avatar\\\/660e74c785cdfc277d201d99328447b6780c200d88bedbde1ccc66ab4e0b82e1?s=96&d=mm&r=g\",\"contentUrl\":\"https:\\\/\\\/secure.gravatar.com\\\/avatar\\\/660e74c785cdfc277d201d99328447b6780c200d88bedbde1ccc66ab4e0b82e1?s=96&d=mm&r=g\",\"caption\":\"cftestatal\"},\"url\":\"https:\\\/\\\/www.cftestataltarapaca.cl\\\/inicio\\\/author\\\/cftestatal\\\/\"}]}<\/script>\n<!-- \/ Yoast SEO plugin. -->","yoast_head_json":{"title":"II Encuentro de Acompa\u00f1amiento en el marco de la supervigilancia a los CFT Estatales - CFT Estatal Tarapac\u00e1","robots":{"index":"index","follow":"follow","max-snippet":"max-snippet:-1","max-image-preview":"max-image-preview:large","max-video-preview":"max-video-preview:-1"},"canonical":"https:\/\/www.cftestataltarapaca.cl\/inicio\/2022\/05\/15\/ii-encuentro-de-acompanamiento-en-el-marco-de-la-supervigilancia-a-los-cft-estatales\/","og_locale":"es_ES","og_type":"article","og_title":"II Encuentro de Acompa\u00f1amiento en el marco de la supervigilancia a los CFT Estatales - CFT Estatal Tarapac\u00e1","og_description":"Del 09 al 13 de mayo 2022 se llev\u00f3 a cabo el segundo proceso de acompa\u00f1amiento que realiza el Consejo Nacional de Educaci\u00f3n (CNED) y que tuvo como objetivo verificar...","og_url":"https:\/\/www.cftestataltarapaca.cl\/inicio\/2022\/05\/15\/ii-encuentro-de-acompanamiento-en-el-marco-de-la-supervigilancia-a-los-cft-estatales\/","og_site_name":"CFT Estatal Tarapac\u00e1","article_publisher":"https:\/\/www.facebook.com\/CFTestataltarapaca\/","article_published_time":"2022-05-15T16:51:20+00:00","article_modified_time":"2022-06-15T19:38:44+00:00","og_image":[{"width":1366,"height":768,"url":"https:\/\/www.cftestataltarapaca.cl\/inicio\/wp-content\/uploads\/2022\/06\/Retro9.png","type":"image\/png"}],"author":"cftestatal","twitter_card":"summary_large_image","twitter_creator":"@CFTesTarapaca","twitter_site":"@CFTesTarapaca","twitter_misc":{"Escrito por":"cftestatal","Tiempo de lectura":"2 minutos"},"schema":{"@context":"https:\/\/schema.org","@graph":[{"@type":"Article","@id":"https:\/\/www.cftestataltarapaca.cl\/inicio\/2022\/05\/15\/ii-encuentro-de-acompanamiento-en-el-marco-de-la-supervigilancia-a-los-cft-estatales\/#article","isPartOf":{"@id":"https:\/\/www.cftestataltarapaca.cl\/inicio\/2022\/05\/15\/ii-encuentro-de-acompanamiento-en-el-marco-de-la-supervigilancia-a-los-cft-estatales\/"},"author":{"name":"cftestatal","@id":"https:\/\/www.cftestataltarapaca.cl\/inicio\/#\/schema\/person\/6f8baea790b092727c3a3c450c9804ef"},"headline":"II Encuentro de Acompa\u00f1amiento en el marco de la supervigilancia a los CFT Estatales","datePublished":"2022-05-15T16:51:20+00:00","dateModified":"2022-06-15T19:38:44+00:00","mainEntityOfPage":{"@id":"https:\/\/www.cftestataltarapaca.cl\/inicio\/2022\/05\/15\/ii-encuentro-de-acompanamiento-en-el-marco-de-la-supervigilancia-a-los-cft-estatales\/"},"wordCount":341,"commentCount":0,"publisher":{"@id":"https:\/\/www.cftestataltarapaca.cl\/inicio\/#organization"},"image":{"@id":"https:\/\/www.cftestataltarapaca.cl\/inicio\/2022\/05\/15\/ii-encuentro-de-acompanamiento-en-el-marco-de-la-supervigilancia-a-los-cft-estatales\/#primaryimage"},"thumbnailUrl":"https:\/\/www.cftestataltarapaca.cl\/inicio\/wp-content\/uploads\/2022\/06\/Retro9.png","articleSection":["Acreditaci\u00f3n"],"inLanguage":"es","potentialAction":[{"@type":"CommentAction","name":"Comment","target":["https:\/\/www.cftestataltarapaca.cl\/inicio\/2022\/05\/15\/ii-encuentro-de-acompanamiento-en-el-marco-de-la-supervigilancia-a-los-cft-estatales\/#respond"]}]},{"@type":"WebPage","@id":"https:\/\/www.cftestataltarapaca.cl\/inicio\/2022\/05\/15\/ii-encuentro-de-acompanamiento-en-el-marco-de-la-supervigilancia-a-los-cft-estatales\/","url":"https:\/\/www.cftestataltarapaca.cl\/inicio\/2022\/05\/15\/ii-encuentro-de-acompanamiento-en-el-marco-de-la-supervigilancia-a-los-cft-estatales\/","name":"II Encuentro de Acompa\u00f1amiento en el marco de la supervigilancia a los CFT Estatales - CFT Estatal Tarapac\u00e1","isPartOf":{"@id":"https:\/\/www.cftestataltarapaca.cl\/inicio\/#website"},"primaryImageOfPage":{"@id":"https:\/\/www.cftestataltarapaca.cl\/inicio\/2022\/05\/15\/ii-encuentro-de-acompanamiento-en-el-marco-de-la-supervigilancia-a-los-cft-estatales\/#primaryimage"},"image":{"@id":"https:\/\/www.cftestataltarapaca.cl\/inicio\/2022\/05\/15\/ii-encuentro-de-acompanamiento-en-el-marco-de-la-supervigilancia-a-los-cft-estatales\/#primaryimage"},"thumbnailUrl":"https:\/\/www.cftestataltarapaca.cl\/inicio\/wp-content\/uploads\/2022\/06\/Retro9.png","datePublished":"2022-05-15T16:51:20+00:00","dateModified":"2022-06-15T19:38:44+00:00","breadcrumb":{"@id":"https:\/\/www.cftestataltarapaca.cl\/inicio\/2022\/05\/15\/ii-encuentro-de-acompanamiento-en-el-marco-de-la-supervigilancia-a-los-cft-estatales\/#breadcrumb"},"inLanguage":"es","potentialAction":[{"@type":"ReadAction","target":["https:\/\/www.cftestataltarapaca.cl\/inicio\/2022\/05\/15\/ii-encuentro-de-acompanamiento-en-el-marco-de-la-supervigilancia-a-los-cft-estatales\/"]}]},{"@type":"ImageObject","inLanguage":"es","@id":"https:\/\/www.cftestataltarapaca.cl\/inicio\/2022\/05\/15\/ii-encuentro-de-acompanamiento-en-el-marco-de-la-supervigilancia-a-los-cft-estatales\/#primaryimage","url":"https:\/\/www.cftestataltarapaca.cl\/inicio\/wp-content\/uploads\/2022\/06\/Retro9.png","contentUrl":"https:\/\/www.cftestataltarapaca.cl\/inicio\/wp-content\/uploads\/2022\/06\/Retro9.png","width":1366,"height":768},{"@type":"BreadcrumbList","@id":"https:\/\/www.cftestataltarapaca.cl\/inicio\/2022\/05\/15\/ii-encuentro-de-acompanamiento-en-el-marco-de-la-supervigilancia-a-los-cft-estatales\/#breadcrumb","itemListElement":[{"@type":"ListItem","position":1,"name":"Portada","item":"https:\/\/www.cftestataltarapaca.cl\/inicio\/"},{"@type":"ListItem","position":2,"name":"II Encuentro de Acompa\u00f1amiento en el marco de la supervigilancia a los CFT Estatales"}]},{"@type":"WebSite","@id":"https:\/\/www.cftestataltarapaca.cl\/inicio\/#website","url":"https:\/\/www.cftestataltarapaca.cl\/inicio\/","name":"CFT Estatal Tarapac\u00e1","description":"Admisi\u00f3n 2025","publisher":{"@id":"https:\/\/www.cftestataltarapaca.cl\/inicio\/#organization"},"potentialAction":[{"@type":"SearchAction","target":{"@type":"EntryPoint","urlTemplate":"https:\/\/www.cftestataltarapaca.cl\/inicio\/?s={search_term_string}"},"query-input":{"@type":"PropertyValueSpecification","valueRequired":true,"valueName":"search_term_string"}}],"inLanguage":"es"},{"@type":"Organization","@id":"https:\/\/www.cftestataltarapaca.cl\/inicio\/#organization","name":"CFT Estatal Tarapac\u00e1","url":"https:\/\/www.cftestataltarapaca.cl\/inicio\/","logo":{"@type":"ImageObject","inLanguage":"es","@id":"https:\/\/www.cftestataltarapaca.cl\/inicio\/#\/schema\/logo\/image\/","url":"https:\/\/www.cftestataltarapaca.cl\/inicio\/wp-content\/uploads\/2019\/03\/logo-retina-1.png","contentUrl":"https:\/\/www.cftestataltarapaca.cl\/inicio\/wp-content\/uploads\/2019\/03\/logo-retina-1.png","width":401,"height":150,"caption":"CFT Estatal Tarapac\u00e1"},"image":{"@id":"https:\/\/www.cftestataltarapaca.cl\/inicio\/#\/schema\/logo\/image\/"},"sameAs":["https:\/\/www.facebook.com\/CFTestataltarapaca\/","https:\/\/x.com\/CFTesTarapaca","https:\/\/www.instagram.com\/CFTestataltarapaca\/"]},{"@type":"Person","@id":"https:\/\/www.cftestataltarapaca.cl\/inicio\/#\/schema\/person\/6f8baea790b092727c3a3c450c9804ef","name":"cftestatal","image":{"@type":"ImageObject","inLanguage":"es","@id":"https:\/\/secure.gravatar.com\/avatar\/660e74c785cdfc277d201d99328447b6780c200d88bedbde1ccc66ab4e0b82e1?s=96&d=mm&r=g","url":"https:\/\/secure.gravatar.com\/avatar\/660e74c785cdfc277d201d99328447b6780c200d88bedbde1ccc66ab4e0b82e1?s=96&d=mm&r=g","contentUrl":"https:\/\/secure.gravatar.com\/avatar\/660e74c785cdfc277d201d99328447b6780c200d88bedbde1ccc66ab4e0b82e1?s=96&d=mm&r=g","caption":"cftestatal"},"url":"https:\/\/www.cftestataltarapaca.cl\/inicio\/author\/cftestatal\/"}]}},"publishpress_future_action":{"enabled":false,"date":"2026-05-08 13:51:02","action":"change-status","newStatus":"draft","terms":[],"taxonomy":"category","extraData":[]},"publishpress_future_workflow_manual_trigger":{"enabledWorkflows":[]},"_links":{"self":[{"href":"https:\/\/www.cftestataltarapaca.cl\/inicio\/wp-json\/wp\/v2\/posts\/9102","targetHints":{"allow":["GET"]}}],"collection":[{"href":"https:\/\/www.cftestataltarapaca.cl\/inicio\/wp-json\/wp\/v2\/posts"}],"about":[{"href":"https:\/\/www.cftestataltarapaca.cl\/inicio\/wp-json\/wp\/v2\/types\/post"}],"author":[{"embeddable":true,"href":"https:\/\/www.cftestataltarapaca.cl\/inicio\/wp-json\/wp\/v2\/users\/1"}],"replies":[{"embeddable":true,"href":"https:\/\/www.cftestataltarapaca.cl\/inicio\/wp-json\/wp\/v2\/comments?post=9102"}],"version-history":[{"count":4,"href":"https:\/\/www.cftestataltarapaca.cl\/inicio\/wp-json\/wp\/v2\/posts\/9102\/revisions"}],"predecessor-version":[{"id":9112,"href":"https:\/\/www.cftestataltarapaca.cl\/inicio\/wp-json\/wp\/v2\/posts\/9102\/revisions\/9112"}],"wp:featuredmedia":[{"embeddable":true,"href":"https:\/\/www.cftestataltarapaca.cl\/inicio\/wp-json\/wp\/v2\/media\/9103"}],"wp:attachment":[{"href":"https:\/\/www.cftestataltarapaca.cl\/inicio\/wp-json\/wp\/v2\/media?parent=9102"}],"wp:term":[{"taxonomy":"category","embeddable":true,"href":"https:\/\/www.cftestataltarapaca.cl\/inicio\/wp-json\/wp\/v2\/categories?post=9102"},{"taxonomy":"post_tag","embeddable":true,"href":"https:\/\/www.cftestataltarapaca.cl\/inicio\/wp-json\/wp\/v2\/tags?post=9102"}],"curies":[{"name":"wp","href":"https:\/\/api.w.org\/{rel}","templated":true}]}}