{"id":9156,"date":"2022-07-12T15:07:23","date_gmt":"2022-07-12T15:07:23","guid":{"rendered":"https:\/\/www.cftestataltarapaca.cl\/inicio\/?p=9156"},"modified":"2023-06-04T22:44:51","modified_gmt":"2023-06-04T22:44:51","slug":"crean-unidad-de-genero-diversidad-e-inclusion","status":"publish","type":"post","link":"https:\/\/www.cftestataltarapaca.cl\/inicio\/2022\/07\/12\/crean-unidad-de-genero-diversidad-e-inclusion\/","title":{"rendered":"Crean unidad de G\u00e9nero, Diversidad e Inclusi\u00f3n"},"content":{"rendered":"<p style=\"text-align: justify;\">Como un gran avance en la implementaci\u00f3n de lo ordenado en la ley 21.369 en materia de equidad de g\u00e9nero en los espacios educativos defini\u00f3 el rector del Centro de Formaci\u00f3n T\u00e9cnica Estatal, Jorge Villegas, la creaci\u00f3n de la Unidad de G\u00e9nero, Diversidad e Inclusi\u00f3n en la instituci\u00f3n.<!--more--><\/p>\n<p style=\"text-align: justify;\">Seg\u00fan explic\u00f3 la autoridad \u201cestamos siendo pioneros en la apertura de este espacio entre los Centro de Formaci\u00f3n T\u00e9cnica Estatal del pa\u00eds, no se trata s\u00f3lo de la creaci\u00f3n de la unidad sino tambi\u00e9n de la generaci\u00f3n de una pol\u00edtica que resguarde a todos los integrantes de nuestra comunidad educativa. Que nos desarrollemos en un espacio seguro, respetuoso, libre de violencia de g\u00e9nero con igualdad y equidad para todos y todas. Adem\u00e1s, nos acerca al proceso de Acreditaci\u00f3n que actualmente estamos desarrollando\u201d destac\u00f3.<\/p>\n<p style=\"text-align: justify;\">Para la generaci\u00f3n de la pol\u00edtica de g\u00e9nero en el CFT Estatal Tarapac\u00e1, desde diciembre de 2021, la instituci\u00f3n inici\u00f3 un proceso diagn\u00f3stico que permiti\u00f3 determinar las percepciones y posibles riesgos de vulneraci\u00f3n de derechos entre los participantes. Esta informaci\u00f3n fue levantada a trav\u00e9s de focus group y encuestas cuya informaci\u00f3n es de car\u00e1cter confidencial, pero que seg\u00fan explic\u00f3 el directivo \u201cnos permiti\u00f3 abordar situaciones, entregar contenci\u00f3n y hacer en definitiva que nuestra comunidad cuente con un mejor espacio de desarrollo, seguro y resguardado\u201d, dijo.<\/p>\n<p style=\"text-align: justify;\"><strong><em>Unidad de G\u00e9nero, Diversidad e Inclusi\u00f3n<\/em><\/strong><\/p>\n<p style=\"text-align: justify;\">Seg\u00fan se especifica en el decreto 81 del 7 de julio de 2022 que crea la nueva unidad en el CFT Estatal\u00a0 \u201cel 16 de septiembre de 2021, la Comisi\u00f3n Nacional de Acreditaci\u00f3n (CNA), aprob\u00f3 los nuevos criterios de calidad para el subsistema de educaci\u00f3n superior t\u00e9cnico profesional, entre los cuales, se incorpora el Criterio N\u00b0 09 \u201cGesti\u00f3n de Convivencia, Equidad de G\u00e9nero, Diversidad e Inclusi\u00f3n\u201d, seg\u00fan el cual, la instituci\u00f3n debe promover el desarrollo integral de su comunidad, en todo su quehacer y responde en su gesti\u00f3n, a los desaf\u00edos en materia de convivencia, equidad de g\u00e9nero, respeto a la diversidad e inclusi\u00f3n, en funci\u00f3n de sus prop\u00f3sitos.\u201d<\/p>\n<p style=\"text-align: justify;\">El mismo documento especifica que la unidad estar\u00e1 a cargo de un profesional especialista del \u00e1rea \u201cesto nos permitir\u00e1 profesionalizar en una tem\u00e1tica fundamental en el desarrollo de nuestra comunidad y paralelamente ser a\u00fan m\u00e1s un aporte en el apoyo de nuestro territorio que es muy diverso y merece seguir creciendo y generando espacios de respeto, de equidad y de seguridad para su gente\u201d afirm\u00f3 la autoridad del CFT.<!--more--><\/p>\n","protected":false},"excerpt":{"rendered":"<p>Como un gran avance en la implementaci\u00f3n de lo ordenado en la ley 21.369 en materia de equidad de g\u00e9nero en los espacios educativos defini\u00f3 el rector del Centro de&#8230;<\/p>\n","protected":false},"author":2,"featured_media":8603,"comment_status":"open","ping_status":"open","sticky":false,"template":"","format":"standard","meta":{"_joinchat":[],"footnotes":""},"categories":[52],"tags":[],"class_list":["post-9156","post","type-post","status-publish","format-standard","has-post-thumbnail","hentry","category-comunicados"],"yoast_head":"<!-- This site is optimized with the Yoast SEO plugin v27.4 - https:\/\/yoast.com\/product\/yoast-seo-wordpress\/ -->\n<title>Crean unidad de G\u00e9nero, Diversidad e Inclusi\u00f3n - CFT Estatal Tarapac\u00e1<\/title>\n<meta name=\"description\" content=\"Como un gran avance en la implementaci\u00f3n de lo ordenado en la ley 21.369 en materia de equidad de g\u00e9nero en los espacios educativos defini\u00f3 el rector del Centro de Formaci\u00f3n T\u00e9cnica Estatal, Jorge Villegas, la creaci\u00f3n de la Unidad de G\u00e9nero, Diversidad e Inclusi\u00f3n en la instituci\u00f3n.\" \/>\n<meta name=\"robots\" content=\"index, follow, max-snippet:-1, max-image-preview:large, max-video-preview:-1\" \/>\n<link rel=\"canonical\" href=\"https:\/\/www.cftestataltarapaca.cl\/inicio\/2022\/07\/12\/crean-unidad-de-genero-diversidad-e-inclusion\/\" \/>\n<meta property=\"og:locale\" content=\"es_ES\" \/>\n<meta property=\"og:type\" content=\"article\" \/>\n<meta property=\"og:title\" content=\"Crean unidad de G\u00e9nero, Diversidad e Inclusi\u00f3n - CFT Estatal Tarapac\u00e1\" \/>\n<meta property=\"og:description\" content=\"Como un gran avance en la implementaci\u00f3n de lo ordenado en la ley 21.369 en materia de equidad de g\u00e9nero en los espacios educativos defini\u00f3 el rector del Centro de Formaci\u00f3n T\u00e9cnica Estatal, Jorge Villegas, la creaci\u00f3n de la Unidad de G\u00e9nero, Diversidad e Inclusi\u00f3n en la instituci\u00f3n.\" \/>\n<meta property=\"og:url\" content=\"https:\/\/www.cftestataltarapaca.cl\/inicio\/2022\/07\/12\/crean-unidad-de-genero-diversidad-e-inclusion\/\" \/>\n<meta property=\"og:site_name\" content=\"CFT Estatal Tarapac\u00e1\" \/>\n<meta property=\"article:publisher\" content=\"https:\/\/www.facebook.com\/CFTestataltarapaca\/\" \/>\n<meta property=\"article:published_time\" content=\"2022-07-12T15:07:23+00:00\" \/>\n<meta property=\"article:modified_time\" content=\"2023-06-04T22:44:51+00:00\" \/>\n<meta property=\"og:image\" content=\"https:\/\/www.cftestataltarapaca.cl\/inicio\/wp-content\/uploads\/2022\/01\/2-CFT.png.webp\" \/>\n\t<meta property=\"og:image:width\" content=\"1000\" \/>\n\t<meta property=\"og:image:height\" content=\"667\" \/>\n\t<meta property=\"og:image:type\" content=\"image\/webp\" \/>\n<meta name=\"author\" content=\"Comunicaciones\" \/>\n<meta name=\"twitter:card\" content=\"summary_large_image\" \/>\n<meta name=\"twitter:creator\" content=\"@CFTesTarapaca\" \/>\n<meta name=\"twitter:site\" content=\"@CFTesTarapaca\" \/>\n<meta name=\"twitter:label1\" content=\"Escrito por\" \/>\n\t<meta name=\"twitter:data1\" content=\"Comunicaciones\" \/>\n\t<meta name=\"twitter:label2\" content=\"Tiempo de lectura\" \/>\n\t<meta name=\"twitter:data2\" content=\"2 minutos\" \/>\n<script type=\"application\/ld+json\" class=\"yoast-schema-graph\">{\"@context\":\"https:\\\/\\\/schema.org\",\"@graph\":[{\"@type\":\"Article\",\"@id\":\"https:\\\/\\\/www.cftestataltarapaca.cl\\\/inicio\\\/2022\\\/07\\\/12\\\/crean-unidad-de-genero-diversidad-e-inclusion\\\/#article\",\"isPartOf\":{\"@id\":\"https:\\\/\\\/www.cftestataltarapaca.cl\\\/inicio\\\/2022\\\/07\\\/12\\\/crean-unidad-de-genero-diversidad-e-inclusion\\\/\"},\"author\":{\"name\":\"Comunicaciones\",\"@id\":\"https:\\\/\\\/www.cftestataltarapaca.cl\\\/inicio\\\/#\\\/schema\\\/person\\\/ad1fbfa1fa7c3d3889f4ae5401dd660e\"},\"headline\":\"Crean unidad de G\u00e9nero, Diversidad e Inclusi\u00f3n\",\"datePublished\":\"2022-07-12T15:07:23+00:00\",\"dateModified\":\"2023-06-04T22:44:51+00:00\",\"mainEntityOfPage\":{\"@id\":\"https:\\\/\\\/www.cftestataltarapaca.cl\\\/inicio\\\/2022\\\/07\\\/12\\\/crean-unidad-de-genero-diversidad-e-inclusion\\\/\"},\"wordCount\":454,\"commentCount\":1,\"publisher\":{\"@id\":\"https:\\\/\\\/www.cftestataltarapaca.cl\\\/inicio\\\/#organization\"},\"image\":{\"@id\":\"https:\\\/\\\/www.cftestataltarapaca.cl\\\/inicio\\\/2022\\\/07\\\/12\\\/crean-unidad-de-genero-diversidad-e-inclusion\\\/#primaryimage\"},\"thumbnailUrl\":\"https:\\\/\\\/www.cftestataltarapaca.cl\\\/inicio\\\/wp-content\\\/uploads\\\/2022\\\/01\\\/2-CFT.png.webp\",\"articleSection\":[\"Comunicados\"],\"inLanguage\":\"es\",\"potentialAction\":[{\"@type\":\"CommentAction\",\"name\":\"Comment\",\"target\":[\"https:\\\/\\\/www.cftestataltarapaca.cl\\\/inicio\\\/2022\\\/07\\\/12\\\/crean-unidad-de-genero-diversidad-e-inclusion\\\/#respond\"]}]},{\"@type\":\"WebPage\",\"@id\":\"https:\\\/\\\/www.cftestataltarapaca.cl\\\/inicio\\\/2022\\\/07\\\/12\\\/crean-unidad-de-genero-diversidad-e-inclusion\\\/\",\"url\":\"https:\\\/\\\/www.cftestataltarapaca.cl\\\/inicio\\\/2022\\\/07\\\/12\\\/crean-unidad-de-genero-diversidad-e-inclusion\\\/\",\"name\":\"Crean unidad de G\u00e9nero, Diversidad e Inclusi\u00f3n - CFT Estatal Tarapac\u00e1\",\"isPartOf\":{\"@id\":\"https:\\\/\\\/www.cftestataltarapaca.cl\\\/inicio\\\/#website\"},\"primaryImageOfPage\":{\"@id\":\"https:\\\/\\\/www.cftestataltarapaca.cl\\\/inicio\\\/2022\\\/07\\\/12\\\/crean-unidad-de-genero-diversidad-e-inclusion\\\/#primaryimage\"},\"image\":{\"@id\":\"https:\\\/\\\/www.cftestataltarapaca.cl\\\/inicio\\\/2022\\\/07\\\/12\\\/crean-unidad-de-genero-diversidad-e-inclusion\\\/#primaryimage\"},\"thumbnailUrl\":\"https:\\\/\\\/www.cftestataltarapaca.cl\\\/inicio\\\/wp-content\\\/uploads\\\/2022\\\/01\\\/2-CFT.png.webp\",\"datePublished\":\"2022-07-12T15:07:23+00:00\",\"dateModified\":\"2023-06-04T22:44:51+00:00\",\"description\":\"Como un gran avance en la implementaci\u00f3n de lo ordenado en la ley 21.369 en materia de equidad de g\u00e9nero en los espacios educativos defini\u00f3 el rector del Centro de Formaci\u00f3n T\u00e9cnica Estatal, Jorge Villegas, la creaci\u00f3n de la Unidad de G\u00e9nero, Diversidad e Inclusi\u00f3n en la instituci\u00f3n.\",\"breadcrumb\":{\"@id\":\"https:\\\/\\\/www.cftestataltarapaca.cl\\\/inicio\\\/2022\\\/07\\\/12\\\/crean-unidad-de-genero-diversidad-e-inclusion\\\/#breadcrumb\"},\"inLanguage\":\"es\",\"potentialAction\":[{\"@type\":\"ReadAction\",\"target\":[\"https:\\\/\\\/www.cftestataltarapaca.cl\\\/inicio\\\/2022\\\/07\\\/12\\\/crean-unidad-de-genero-diversidad-e-inclusion\\\/\"]}]},{\"@type\":\"ImageObject\",\"inLanguage\":\"es\",\"@id\":\"https:\\\/\\\/www.cftestataltarapaca.cl\\\/inicio\\\/2022\\\/07\\\/12\\\/crean-unidad-de-genero-diversidad-e-inclusion\\\/#primaryimage\",\"url\":\"https:\\\/\\\/www.cftestataltarapaca.cl\\\/inicio\\\/wp-content\\\/uploads\\\/2022\\\/01\\\/2-CFT.png.webp\",\"contentUrl\":\"https:\\\/\\\/www.cftestataltarapaca.cl\\\/inicio\\\/wp-content\\\/uploads\\\/2022\\\/01\\\/2-CFT.png.webp\",\"width\":1000,\"height\":667},{\"@type\":\"BreadcrumbList\",\"@id\":\"https:\\\/\\\/www.cftestataltarapaca.cl\\\/inicio\\\/2022\\\/07\\\/12\\\/crean-unidad-de-genero-diversidad-e-inclusion\\\/#breadcrumb\",\"itemListElement\":[{\"@type\":\"ListItem\",\"position\":1,\"name\":\"Portada\",\"item\":\"https:\\\/\\\/www.cftestataltarapaca.cl\\\/inicio\\\/\"},{\"@type\":\"ListItem\",\"position\":2,\"name\":\"Crean unidad de G\u00e9nero, Diversidad e Inclusi\u00f3n\"}]},{\"@type\":\"WebSite\",\"@id\":\"https:\\\/\\\/www.cftestataltarapaca.cl\\\/inicio\\\/#website\",\"url\":\"https:\\\/\\\/www.cftestataltarapaca.cl\\\/inicio\\\/\",\"name\":\"CFT Estatal Tarapac\u00e1\",\"description\":\"Admisi\u00f3n 2025\",\"publisher\":{\"@id\":\"https:\\\/\\\/www.cftestataltarapaca.cl\\\/inicio\\\/#organization\"},\"potentialAction\":[{\"@type\":\"SearchAction\",\"target\":{\"@type\":\"EntryPoint\",\"urlTemplate\":\"https:\\\/\\\/www.cftestataltarapaca.cl\\\/inicio\\\/?s={search_term_string}\"},\"query-input\":{\"@type\":\"PropertyValueSpecification\",\"valueRequired\":true,\"valueName\":\"search_term_string\"}}],\"inLanguage\":\"es\"},{\"@type\":\"Organization\",\"@id\":\"https:\\\/\\\/www.cftestataltarapaca.cl\\\/inicio\\\/#organization\",\"name\":\"CFT Estatal Tarapac\u00e1\",\"url\":\"https:\\\/\\\/www.cftestataltarapaca.cl\\\/inicio\\\/\",\"logo\":{\"@type\":\"ImageObject\",\"inLanguage\":\"es\",\"@id\":\"https:\\\/\\\/www.cftestataltarapaca.cl\\\/inicio\\\/#\\\/schema\\\/logo\\\/image\\\/\",\"url\":\"https:\\\/\\\/www.cftestataltarapaca.cl\\\/inicio\\\/wp-content\\\/uploads\\\/2019\\\/03\\\/logo-retina-1.png\",\"contentUrl\":\"https:\\\/\\\/www.cftestataltarapaca.cl\\\/inicio\\\/wp-content\\\/uploads\\\/2019\\\/03\\\/logo-retina-1.png\",\"width\":401,\"height\":150,\"caption\":\"CFT Estatal Tarapac\u00e1\"},\"image\":{\"@id\":\"https:\\\/\\\/www.cftestataltarapaca.cl\\\/inicio\\\/#\\\/schema\\\/logo\\\/image\\\/\"},\"sameAs\":[\"https:\\\/\\\/www.facebook.com\\\/CFTestataltarapaca\\\/\",\"https:\\\/\\\/x.com\\\/CFTesTarapaca\",\"https:\\\/\\\/www.instagram.com\\\/CFTestataltarapaca\\\/\"]},{\"@type\":\"Person\",\"@id\":\"https:\\\/\\\/www.cftestataltarapaca.cl\\\/inicio\\\/#\\\/schema\\\/person\\\/ad1fbfa1fa7c3d3889f4ae5401dd660e\",\"name\":\"Comunicaciones\",\"image\":{\"@type\":\"ImageObject\",\"inLanguage\":\"es\",\"@id\":\"https:\\\/\\\/secure.gravatar.com\\\/avatar\\\/ed1c2728327f20a5a62edaeb7dc181858f225b765044c5314c3d1059a1bd992f?s=96&d=mm&r=g\",\"url\":\"https:\\\/\\\/secure.gravatar.com\\\/avatar\\\/ed1c2728327f20a5a62edaeb7dc181858f225b765044c5314c3d1059a1bd992f?s=96&d=mm&r=g\",\"contentUrl\":\"https:\\\/\\\/secure.gravatar.com\\\/avatar\\\/ed1c2728327f20a5a62edaeb7dc181858f225b765044c5314c3d1059a1bd992f?s=96&d=mm&r=g\",\"caption\":\"Comunicaciones\"},\"sameAs\":[\"http:\\\/\\\/www.cftestataltarapaca.cl\"],\"url\":\"https:\\\/\\\/www.cftestataltarapaca.cl\\\/inicio\\\/author\\\/comunicaciones\\\/\"}]}<\/script>\n<!-- \/ Yoast SEO plugin. -->","yoast_head_json":{"title":"Crean unidad de G\u00e9nero, Diversidad e Inclusi\u00f3n - CFT Estatal Tarapac\u00e1","description":"Como un gran avance en la implementaci\u00f3n de lo ordenado en la ley 21.369 en materia de equidad de g\u00e9nero en los espacios educativos defini\u00f3 el rector del Centro de Formaci\u00f3n T\u00e9cnica Estatal, Jorge Villegas, la creaci\u00f3n de la Unidad de G\u00e9nero, Diversidad e Inclusi\u00f3n en la instituci\u00f3n.","robots":{"index":"index","follow":"follow","max-snippet":"max-snippet:-1","max-image-preview":"max-image-preview:large","max-video-preview":"max-video-preview:-1"},"canonical":"https:\/\/www.cftestataltarapaca.cl\/inicio\/2022\/07\/12\/crean-unidad-de-genero-diversidad-e-inclusion\/","og_locale":"es_ES","og_type":"article","og_title":"Crean unidad de G\u00e9nero, Diversidad e Inclusi\u00f3n - CFT Estatal Tarapac\u00e1","og_description":"Como un gran avance en la implementaci\u00f3n de lo ordenado en la ley 21.369 en materia de equidad de g\u00e9nero en los espacios educativos defini\u00f3 el rector del Centro de Formaci\u00f3n T\u00e9cnica Estatal, Jorge Villegas, la creaci\u00f3n de la Unidad de G\u00e9nero, Diversidad e Inclusi\u00f3n en la instituci\u00f3n.","og_url":"https:\/\/www.cftestataltarapaca.cl\/inicio\/2022\/07\/12\/crean-unidad-de-genero-diversidad-e-inclusion\/","og_site_name":"CFT Estatal Tarapac\u00e1","article_publisher":"https:\/\/www.facebook.com\/CFTestataltarapaca\/","article_published_time":"2022-07-12T15:07:23+00:00","article_modified_time":"2023-06-04T22:44:51+00:00","og_image":[{"width":1000,"height":667,"url":"https:\/\/www.cftestataltarapaca.cl\/inicio\/wp-content\/uploads\/2022\/01\/2-CFT.png.webp","type":"image\/webp"}],"author":"Comunicaciones","twitter_card":"summary_large_image","twitter_creator":"@CFTesTarapaca","twitter_site":"@CFTesTarapaca","twitter_misc":{"Escrito por":"Comunicaciones","Tiempo de lectura":"2 minutos"},"schema":{"@context":"https:\/\/schema.org","@graph":[{"@type":"Article","@id":"https:\/\/www.cftestataltarapaca.cl\/inicio\/2022\/07\/12\/crean-unidad-de-genero-diversidad-e-inclusion\/#article","isPartOf":{"@id":"https:\/\/www.cftestataltarapaca.cl\/inicio\/2022\/07\/12\/crean-unidad-de-genero-diversidad-e-inclusion\/"},"author":{"name":"Comunicaciones","@id":"https:\/\/www.cftestataltarapaca.cl\/inicio\/#\/schema\/person\/ad1fbfa1fa7c3d3889f4ae5401dd660e"},"headline":"Crean unidad de G\u00e9nero, Diversidad e Inclusi\u00f3n","datePublished":"2022-07-12T15:07:23+00:00","dateModified":"2023-06-04T22:44:51+00:00","mainEntityOfPage":{"@id":"https:\/\/www.cftestataltarapaca.cl\/inicio\/2022\/07\/12\/crean-unidad-de-genero-diversidad-e-inclusion\/"},"wordCount":454,"commentCount":1,"publisher":{"@id":"https:\/\/www.cftestataltarapaca.cl\/inicio\/#organization"},"image":{"@id":"https:\/\/www.cftestataltarapaca.cl\/inicio\/2022\/07\/12\/crean-unidad-de-genero-diversidad-e-inclusion\/#primaryimage"},"thumbnailUrl":"https:\/\/www.cftestataltarapaca.cl\/inicio\/wp-content\/uploads\/2022\/01\/2-CFT.png.webp","articleSection":["Comunicados"],"inLanguage":"es","potentialAction":[{"@type":"CommentAction","name":"Comment","target":["https:\/\/www.cftestataltarapaca.cl\/inicio\/2022\/07\/12\/crean-unidad-de-genero-diversidad-e-inclusion\/#respond"]}]},{"@type":"WebPage","@id":"https:\/\/www.cftestataltarapaca.cl\/inicio\/2022\/07\/12\/crean-unidad-de-genero-diversidad-e-inclusion\/","url":"https:\/\/www.cftestataltarapaca.cl\/inicio\/2022\/07\/12\/crean-unidad-de-genero-diversidad-e-inclusion\/","name":"Crean unidad de G\u00e9nero, Diversidad e Inclusi\u00f3n - CFT Estatal Tarapac\u00e1","isPartOf":{"@id":"https:\/\/www.cftestataltarapaca.cl\/inicio\/#website"},"primaryImageOfPage":{"@id":"https:\/\/www.cftestataltarapaca.cl\/inicio\/2022\/07\/12\/crean-unidad-de-genero-diversidad-e-inclusion\/#primaryimage"},"image":{"@id":"https:\/\/www.cftestataltarapaca.cl\/inicio\/2022\/07\/12\/crean-unidad-de-genero-diversidad-e-inclusion\/#primaryimage"},"thumbnailUrl":"https:\/\/www.cftestataltarapaca.cl\/inicio\/wp-content\/uploads\/2022\/01\/2-CFT.png.webp","datePublished":"2022-07-12T15:07:23+00:00","dateModified":"2023-06-04T22:44:51+00:00","description":"Como un gran avance en la implementaci\u00f3n de lo ordenado en la ley 21.369 en materia de equidad de g\u00e9nero en los espacios educativos defini\u00f3 el rector del Centro de Formaci\u00f3n T\u00e9cnica Estatal, Jorge Villegas, la creaci\u00f3n de la Unidad de G\u00e9nero, Diversidad e Inclusi\u00f3n en la instituci\u00f3n.","breadcrumb":{"@id":"https:\/\/www.cftestataltarapaca.cl\/inicio\/2022\/07\/12\/crean-unidad-de-genero-diversidad-e-inclusion\/#breadcrumb"},"inLanguage":"es","potentialAction":[{"@type":"ReadAction","target":["https:\/\/www.cftestataltarapaca.cl\/inicio\/2022\/07\/12\/crean-unidad-de-genero-diversidad-e-inclusion\/"]}]},{"@type":"ImageObject","inLanguage":"es","@id":"https:\/\/www.cftestataltarapaca.cl\/inicio\/2022\/07\/12\/crean-unidad-de-genero-diversidad-e-inclusion\/#primaryimage","url":"https:\/\/www.cftestataltarapaca.cl\/inicio\/wp-content\/uploads\/2022\/01\/2-CFT.png.webp","contentUrl":"https:\/\/www.cftestataltarapaca.cl\/inicio\/wp-content\/uploads\/2022\/01\/2-CFT.png.webp","width":1000,"height":667},{"@type":"BreadcrumbList","@id":"https:\/\/www.cftestataltarapaca.cl\/inicio\/2022\/07\/12\/crean-unidad-de-genero-diversidad-e-inclusion\/#breadcrumb","itemListElement":[{"@type":"ListItem","position":1,"name":"Portada","item":"https:\/\/www.cftestataltarapaca.cl\/inicio\/"},{"@type":"ListItem","position":2,"name":"Crean unidad de G\u00e9nero, Diversidad e Inclusi\u00f3n"}]},{"@type":"WebSite","@id":"https:\/\/www.cftestataltarapaca.cl\/inicio\/#website","url":"https:\/\/www.cftestataltarapaca.cl\/inicio\/","name":"CFT Estatal Tarapac\u00e1","description":"Admisi\u00f3n 2025","publisher":{"@id":"https:\/\/www.cftestataltarapaca.cl\/inicio\/#organization"},"potentialAction":[{"@type":"SearchAction","target":{"@type":"EntryPoint","urlTemplate":"https:\/\/www.cftestataltarapaca.cl\/inicio\/?s={search_term_string}"},"query-input":{"@type":"PropertyValueSpecification","valueRequired":true,"valueName":"search_term_string"}}],"inLanguage":"es"},{"@type":"Organization","@id":"https:\/\/www.cftestataltarapaca.cl\/inicio\/#organization","name":"CFT Estatal Tarapac\u00e1","url":"https:\/\/www.cftestataltarapaca.cl\/inicio\/","logo":{"@type":"ImageObject","inLanguage":"es","@id":"https:\/\/www.cftestataltarapaca.cl\/inicio\/#\/schema\/logo\/image\/","url":"https:\/\/www.cftestataltarapaca.cl\/inicio\/wp-content\/uploads\/2019\/03\/logo-retina-1.png","contentUrl":"https:\/\/www.cftestataltarapaca.cl\/inicio\/wp-content\/uploads\/2019\/03\/logo-retina-1.png","width":401,"height":150,"caption":"CFT Estatal Tarapac\u00e1"},"image":{"@id":"https:\/\/www.cftestataltarapaca.cl\/inicio\/#\/schema\/logo\/image\/"},"sameAs":["https:\/\/www.facebook.com\/CFTestataltarapaca\/","https:\/\/x.com\/CFTesTarapaca","https:\/\/www.instagram.com\/CFTestataltarapaca\/"]},{"@type":"Person","@id":"https:\/\/www.cftestataltarapaca.cl\/inicio\/#\/schema\/person\/ad1fbfa1fa7c3d3889f4ae5401dd660e","name":"Comunicaciones","image":{"@type":"ImageObject","inLanguage":"es","@id":"https:\/\/secure.gravatar.com\/avatar\/ed1c2728327f20a5a62edaeb7dc181858f225b765044c5314c3d1059a1bd992f?s=96&d=mm&r=g","url":"https:\/\/secure.gravatar.com\/avatar\/ed1c2728327f20a5a62edaeb7dc181858f225b765044c5314c3d1059a1bd992f?s=96&d=mm&r=g","contentUrl":"https:\/\/secure.gravatar.com\/avatar\/ed1c2728327f20a5a62edaeb7dc181858f225b765044c5314c3d1059a1bd992f?s=96&d=mm&r=g","caption":"Comunicaciones"},"sameAs":["http:\/\/www.cftestataltarapaca.cl"],"url":"https:\/\/www.cftestataltarapaca.cl\/inicio\/author\/comunicaciones\/"}]}},"publishpress_future_action":{"enabled":false,"date":"2026-05-08 11:29:15","action":"change-status","newStatus":"draft","terms":[],"taxonomy":"category","extraData":[]},"publishpress_future_workflow_manual_trigger":{"enabledWorkflows":[]},"_links":{"self":[{"href":"https:\/\/www.cftestataltarapaca.cl\/inicio\/wp-json\/wp\/v2\/posts\/9156","targetHints":{"allow":["GET"]}}],"collection":[{"href":"https:\/\/www.cftestataltarapaca.cl\/inicio\/wp-json\/wp\/v2\/posts"}],"about":[{"href":"https:\/\/www.cftestataltarapaca.cl\/inicio\/wp-json\/wp\/v2\/types\/post"}],"author":[{"embeddable":true,"href":"https:\/\/www.cftestataltarapaca.cl\/inicio\/wp-json\/wp\/v2\/users\/2"}],"replies":[{"embeddable":true,"href":"https:\/\/www.cftestataltarapaca.cl\/inicio\/wp-json\/wp\/v2\/comments?post=9156"}],"version-history":[{"count":3,"href":"https:\/\/www.cftestataltarapaca.cl\/inicio\/wp-json\/wp\/v2\/posts\/9156\/revisions"}],"predecessor-version":[{"id":10438,"href":"https:\/\/www.cftestataltarapaca.cl\/inicio\/wp-json\/wp\/v2\/posts\/9156\/revisions\/10438"}],"wp:featuredmedia":[{"embeddable":true,"href":"https:\/\/www.cftestataltarapaca.cl\/inicio\/wp-json\/wp\/v2\/media\/8603"}],"wp:attachment":[{"href":"https:\/\/www.cftestataltarapaca.cl\/inicio\/wp-json\/wp\/v2\/media?parent=9156"}],"wp:term":[{"taxonomy":"category","embeddable":true,"href":"https:\/\/www.cftestataltarapaca.cl\/inicio\/wp-json\/wp\/v2\/categories?post=9156"},{"taxonomy":"post_tag","embeddable":true,"href":"https:\/\/www.cftestataltarapaca.cl\/inicio\/wp-json\/wp\/v2\/tags?post=9156"}],"curies":[{"name":"wp","href":"https:\/\/api.w.org\/{rel}","templated":true}]}}