{"id":9474,"date":"2022-10-21T19:12:16","date_gmt":"2022-10-21T19:12:16","guid":{"rendered":"https:\/\/www.cftestataltarapaca.cl\/inicio\/?p=9474"},"modified":"2022-10-21T19:19:16","modified_gmt":"2022-10-21T19:19:16","slug":"cft-estatal-tarapaca-enfrenta-nueva-auditoria-externa-superandola-sin-desconformidades","status":"publish","type":"post","link":"https:\/\/www.cftestataltarapaca.cl\/inicio\/2022\/10\/21\/cft-estatal-tarapaca-enfrenta-nueva-auditoria-externa-superandola-sin-desconformidades\/","title":{"rendered":"CFT Estatal Tarapac\u00e1 enfrenta nueva Auditor\u00eda Externa super\u00e1ndola con cero no conformidades"},"content":{"rendered":"<p style=\"text-align: justify\">Con el objetivo de determinar la conformidad del sistema de gesti\u00f3n de acuerdo con los criterios de auditor\u00eda normados en ISO 9001:2015, Nch 2728:2015, el Centro de Formaci\u00f3n T\u00e9cnica Estatal de Tarapac\u00e1 se someti\u00f3 voluntariamente a un nuevo proceso auditor\u00eda externa por parte de la empresa T\u00dcV Rheinland proveedor internacional de servicios t\u00e9cnicos, de seguridad y certificaci\u00f3n.<!--more--><\/p>\n<p style=\"text-align: justify\">El proceso que evalu\u00f3\u00a0 diversas \u00e1reas del CFT Estatal Tarapac\u00e1 de acuerdo al car\u00e1cter muestral de acuerdo al alcance de la auditor\u00eda, seg\u00fan explic\u00f3 la evaluadora Dafne Rojas Barrera, concluy\u00f3 sin \u201cNo conformidades\u201d lo que calific\u00f3 como tremendamente positivo \u201csin embargo, encontramos una serie de oportunidades de mejora para los procesos que hasta ahora se realizan\u201d afirm\u00f3 en el contexto de la reuni\u00f3n de cierre de la auditor\u00eda realizada con los equipos directivos y los equipos participantes.<\/p>\n<p style=\"text-align: justify\">La profesional destac\u00f3 entre las fortalezas de la instituci\u00f3n, la constante revisi\u00f3n de los sistemas de gesti\u00f3n y la implementaci\u00f3n de auditorias internas que permiten continua revisi\u00f3n y cumplimiento de normativas . Adem\u00e1s destac\u00f3 la capacidad de seguimiento y categorizaci\u00f3n de los diversos estudiantes de la instituci\u00f3n, lo que permite un adecuado acompa\u00f1amiento en su proceso.<\/p>\n<p style=\"text-align: justify\">Por su parte, el rector de la instituci\u00f3n, Jorge Villegas, resalt\u00f3 el alto compromiso y vocaci\u00f3n de los funcionarios de la instituci\u00f3n \u201clo que nos ha permitido ir creciendo y mejorando para y con nuestros estudiantes, haciendo tangible una pol\u00edtica p\u00fablica que busca abrir oportunidades y mejorar la calidad de vida de familias completas de nuestro territorio\u201d, dijo.<\/p>\n<p style=\"text-align: justify\">Igualmente, resalt\u00f3 que la constante revisi\u00f3n de los procesos tiene directa relaci\u00f3n con \u201cnuestra pol\u00edtica de mejora continua. Tenemos la gran responsabilidad de formar a los y las mejores t\u00e9cnicos de nivel superior para Tarapac\u00e1, por ello es necesaria la constante revisi\u00f3n y adaptaci\u00f3n, si fuese necesario, de nuestros sistemas para un crecimiento responsable y coherente\u201d cerr\u00f3.<\/p>\n<p>&nbsp;<\/p>\n","protected":false},"excerpt":{"rendered":"<p>Con el objetivo de determinar la conformidad del sistema de gesti\u00f3n de acuerdo con los criterios de auditor\u00eda normados en ISO 9001:2015, Nch 2728:2015, el Centro de Formaci\u00f3n T\u00e9cnica Estatal&#8230;<\/p>\n","protected":false},"author":2,"featured_media":9476,"comment_status":"open","ping_status":"open","sticky":false,"template":"","format":"standard","meta":{"_joinchat":[],"footnotes":""},"categories":[49,159,52],"tags":[],"class_list":["post-9474","post","type-post","status-publish","format-standard","has-post-thumbnail","hentry","category-academico","category-acreditacion","category-comunicados"],"yoast_head":"<!-- This site is optimized with the Yoast SEO plugin v27.4 - https:\/\/yoast.com\/product\/yoast-seo-wordpress\/ -->\n<title>CFT Estatal Tarapac\u00e1 enfrenta nueva Auditor\u00eda Externa super\u00e1ndola con cero no conformidades - CFT Estatal Tarapac\u00e1<\/title>\n<meta name=\"robots\" content=\"index, follow, max-snippet:-1, max-image-preview:large, max-video-preview:-1\" \/>\n<link rel=\"canonical\" href=\"https:\/\/www.cftestataltarapaca.cl\/inicio\/2022\/10\/21\/cft-estatal-tarapaca-enfrenta-nueva-auditoria-externa-superandola-sin-desconformidades\/\" \/>\n<meta property=\"og:locale\" content=\"es_ES\" \/>\n<meta property=\"og:type\" content=\"article\" \/>\n<meta property=\"og:title\" content=\"CFT Estatal Tarapac\u00e1 enfrenta nueva Auditor\u00eda Externa super\u00e1ndola con cero no conformidades - CFT Estatal Tarapac\u00e1\" \/>\n<meta property=\"og:description\" content=\"Con el objetivo de determinar la conformidad del sistema de gesti\u00f3n de acuerdo con los criterios de auditor\u00eda normados en ISO 9001:2015, Nch 2728:2015, el Centro de Formaci\u00f3n T\u00e9cnica Estatal...\" \/>\n<meta property=\"og:url\" content=\"https:\/\/www.cftestataltarapaca.cl\/inicio\/2022\/10\/21\/cft-estatal-tarapaca-enfrenta-nueva-auditoria-externa-superandola-sin-desconformidades\/\" \/>\n<meta property=\"og:site_name\" content=\"CFT Estatal Tarapac\u00e1\" \/>\n<meta property=\"article:publisher\" content=\"https:\/\/www.facebook.com\/CFTestataltarapaca\/\" \/>\n<meta property=\"article:published_time\" content=\"2022-10-21T19:12:16+00:00\" \/>\n<meta property=\"article:modified_time\" content=\"2022-10-21T19:19:16+00:00\" \/>\n<meta property=\"og:image\" content=\"https:\/\/www.cftestataltarapaca.cl\/inicio\/wp-content\/uploads\/2022\/10\/WhatsApp-Image-2022-10-21-at-3.57.01-PM.jpeg\" \/>\n\t<meta property=\"og:image:width\" content=\"1280\" \/>\n\t<meta property=\"og:image:height\" content=\"720\" \/>\n\t<meta property=\"og:image:type\" content=\"image\/jpeg\" \/>\n<meta name=\"author\" content=\"Comunicaciones\" \/>\n<meta name=\"twitter:card\" content=\"summary_large_image\" \/>\n<meta name=\"twitter:creator\" content=\"@CFTesTarapaca\" \/>\n<meta name=\"twitter:site\" content=\"@CFTesTarapaca\" \/>\n<meta name=\"twitter:label1\" content=\"Escrito por\" \/>\n\t<meta name=\"twitter:data1\" content=\"Comunicaciones\" \/>\n\t<meta name=\"twitter:label2\" content=\"Tiempo de lectura\" \/>\n\t<meta name=\"twitter:data2\" content=\"2 minutos\" \/>\n<script type=\"application\/ld+json\" class=\"yoast-schema-graph\">{\"@context\":\"https:\\\/\\\/schema.org\",\"@graph\":[{\"@type\":\"Article\",\"@id\":\"https:\\\/\\\/www.cftestataltarapaca.cl\\\/inicio\\\/2022\\\/10\\\/21\\\/cft-estatal-tarapaca-enfrenta-nueva-auditoria-externa-superandola-sin-desconformidades\\\/#article\",\"isPartOf\":{\"@id\":\"https:\\\/\\\/www.cftestataltarapaca.cl\\\/inicio\\\/2022\\\/10\\\/21\\\/cft-estatal-tarapaca-enfrenta-nueva-auditoria-externa-superandola-sin-desconformidades\\\/\"},\"author\":{\"name\":\"Comunicaciones\",\"@id\":\"https:\\\/\\\/www.cftestataltarapaca.cl\\\/inicio\\\/#\\\/schema\\\/person\\\/ad1fbfa1fa7c3d3889f4ae5401dd660e\"},\"headline\":\"CFT Estatal Tarapac\u00e1 enfrenta nueva Auditor\u00eda Externa super\u00e1ndola con cero no conformidades\",\"datePublished\":\"2022-10-21T19:12:16+00:00\",\"dateModified\":\"2022-10-21T19:19:16+00:00\",\"mainEntityOfPage\":{\"@id\":\"https:\\\/\\\/www.cftestataltarapaca.cl\\\/inicio\\\/2022\\\/10\\\/21\\\/cft-estatal-tarapaca-enfrenta-nueva-auditoria-externa-superandola-sin-desconformidades\\\/\"},\"wordCount\":350,\"commentCount\":0,\"publisher\":{\"@id\":\"https:\\\/\\\/www.cftestataltarapaca.cl\\\/inicio\\\/#organization\"},\"image\":{\"@id\":\"https:\\\/\\\/www.cftestataltarapaca.cl\\\/inicio\\\/2022\\\/10\\\/21\\\/cft-estatal-tarapaca-enfrenta-nueva-auditoria-externa-superandola-sin-desconformidades\\\/#primaryimage\"},\"thumbnailUrl\":\"https:\\\/\\\/www.cftestataltarapaca.cl\\\/inicio\\\/wp-content\\\/uploads\\\/2022\\\/10\\\/WhatsApp-Image-2022-10-21-at-3.57.01-PM.jpeg\",\"articleSection\":[\"Acad\u00e9mico\",\"Acreditaci\u00f3n\",\"Comunicados\"],\"inLanguage\":\"es\",\"potentialAction\":[{\"@type\":\"CommentAction\",\"name\":\"Comment\",\"target\":[\"https:\\\/\\\/www.cftestataltarapaca.cl\\\/inicio\\\/2022\\\/10\\\/21\\\/cft-estatal-tarapaca-enfrenta-nueva-auditoria-externa-superandola-sin-desconformidades\\\/#respond\"]}]},{\"@type\":\"WebPage\",\"@id\":\"https:\\\/\\\/www.cftestataltarapaca.cl\\\/inicio\\\/2022\\\/10\\\/21\\\/cft-estatal-tarapaca-enfrenta-nueva-auditoria-externa-superandola-sin-desconformidades\\\/\",\"url\":\"https:\\\/\\\/www.cftestataltarapaca.cl\\\/inicio\\\/2022\\\/10\\\/21\\\/cft-estatal-tarapaca-enfrenta-nueva-auditoria-externa-superandola-sin-desconformidades\\\/\",\"name\":\"CFT Estatal Tarapac\u00e1 enfrenta nueva Auditor\u00eda Externa super\u00e1ndola con cero no conformidades - CFT Estatal Tarapac\u00e1\",\"isPartOf\":{\"@id\":\"https:\\\/\\\/www.cftestataltarapaca.cl\\\/inicio\\\/#website\"},\"primaryImageOfPage\":{\"@id\":\"https:\\\/\\\/www.cftestataltarapaca.cl\\\/inicio\\\/2022\\\/10\\\/21\\\/cft-estatal-tarapaca-enfrenta-nueva-auditoria-externa-superandola-sin-desconformidades\\\/#primaryimage\"},\"image\":{\"@id\":\"https:\\\/\\\/www.cftestataltarapaca.cl\\\/inicio\\\/2022\\\/10\\\/21\\\/cft-estatal-tarapaca-enfrenta-nueva-auditoria-externa-superandola-sin-desconformidades\\\/#primaryimage\"},\"thumbnailUrl\":\"https:\\\/\\\/www.cftestataltarapaca.cl\\\/inicio\\\/wp-content\\\/uploads\\\/2022\\\/10\\\/WhatsApp-Image-2022-10-21-at-3.57.01-PM.jpeg\",\"datePublished\":\"2022-10-21T19:12:16+00:00\",\"dateModified\":\"2022-10-21T19:19:16+00:00\",\"breadcrumb\":{\"@id\":\"https:\\\/\\\/www.cftestataltarapaca.cl\\\/inicio\\\/2022\\\/10\\\/21\\\/cft-estatal-tarapaca-enfrenta-nueva-auditoria-externa-superandola-sin-desconformidades\\\/#breadcrumb\"},\"inLanguage\":\"es\",\"potentialAction\":[{\"@type\":\"ReadAction\",\"target\":[\"https:\\\/\\\/www.cftestataltarapaca.cl\\\/inicio\\\/2022\\\/10\\\/21\\\/cft-estatal-tarapaca-enfrenta-nueva-auditoria-externa-superandola-sin-desconformidades\\\/\"]}]},{\"@type\":\"ImageObject\",\"inLanguage\":\"es\",\"@id\":\"https:\\\/\\\/www.cftestataltarapaca.cl\\\/inicio\\\/2022\\\/10\\\/21\\\/cft-estatal-tarapaca-enfrenta-nueva-auditoria-externa-superandola-sin-desconformidades\\\/#primaryimage\",\"url\":\"https:\\\/\\\/www.cftestataltarapaca.cl\\\/inicio\\\/wp-content\\\/uploads\\\/2022\\\/10\\\/WhatsApp-Image-2022-10-21-at-3.57.01-PM.jpeg\",\"contentUrl\":\"https:\\\/\\\/www.cftestataltarapaca.cl\\\/inicio\\\/wp-content\\\/uploads\\\/2022\\\/10\\\/WhatsApp-Image-2022-10-21-at-3.57.01-PM.jpeg\",\"width\":1280,\"height\":720},{\"@type\":\"BreadcrumbList\",\"@id\":\"https:\\\/\\\/www.cftestataltarapaca.cl\\\/inicio\\\/2022\\\/10\\\/21\\\/cft-estatal-tarapaca-enfrenta-nueva-auditoria-externa-superandola-sin-desconformidades\\\/#breadcrumb\",\"itemListElement\":[{\"@type\":\"ListItem\",\"position\":1,\"name\":\"Portada\",\"item\":\"https:\\\/\\\/www.cftestataltarapaca.cl\\\/inicio\\\/\"},{\"@type\":\"ListItem\",\"position\":2,\"name\":\"CFT Estatal Tarapac\u00e1 enfrenta nueva Auditor\u00eda Externa super\u00e1ndola con cero no conformidades\"}]},{\"@type\":\"WebSite\",\"@id\":\"https:\\\/\\\/www.cftestataltarapaca.cl\\\/inicio\\\/#website\",\"url\":\"https:\\\/\\\/www.cftestataltarapaca.cl\\\/inicio\\\/\",\"name\":\"CFT Estatal Tarapac\u00e1\",\"description\":\"Admisi\u00f3n 2025\",\"publisher\":{\"@id\":\"https:\\\/\\\/www.cftestataltarapaca.cl\\\/inicio\\\/#organization\"},\"potentialAction\":[{\"@type\":\"SearchAction\",\"target\":{\"@type\":\"EntryPoint\",\"urlTemplate\":\"https:\\\/\\\/www.cftestataltarapaca.cl\\\/inicio\\\/?s={search_term_string}\"},\"query-input\":{\"@type\":\"PropertyValueSpecification\",\"valueRequired\":true,\"valueName\":\"search_term_string\"}}],\"inLanguage\":\"es\"},{\"@type\":\"Organization\",\"@id\":\"https:\\\/\\\/www.cftestataltarapaca.cl\\\/inicio\\\/#organization\",\"name\":\"CFT Estatal Tarapac\u00e1\",\"url\":\"https:\\\/\\\/www.cftestataltarapaca.cl\\\/inicio\\\/\",\"logo\":{\"@type\":\"ImageObject\",\"inLanguage\":\"es\",\"@id\":\"https:\\\/\\\/www.cftestataltarapaca.cl\\\/inicio\\\/#\\\/schema\\\/logo\\\/image\\\/\",\"url\":\"https:\\\/\\\/www.cftestataltarapaca.cl\\\/inicio\\\/wp-content\\\/uploads\\\/2019\\\/03\\\/logo-retina-1.png\",\"contentUrl\":\"https:\\\/\\\/www.cftestataltarapaca.cl\\\/inicio\\\/wp-content\\\/uploads\\\/2019\\\/03\\\/logo-retina-1.png\",\"width\":401,\"height\":150,\"caption\":\"CFT Estatal Tarapac\u00e1\"},\"image\":{\"@id\":\"https:\\\/\\\/www.cftestataltarapaca.cl\\\/inicio\\\/#\\\/schema\\\/logo\\\/image\\\/\"},\"sameAs\":[\"https:\\\/\\\/www.facebook.com\\\/CFTestataltarapaca\\\/\",\"https:\\\/\\\/x.com\\\/CFTesTarapaca\",\"https:\\\/\\\/www.instagram.com\\\/CFTestataltarapaca\\\/\"]},{\"@type\":\"Person\",\"@id\":\"https:\\\/\\\/www.cftestataltarapaca.cl\\\/inicio\\\/#\\\/schema\\\/person\\\/ad1fbfa1fa7c3d3889f4ae5401dd660e\",\"name\":\"Comunicaciones\",\"image\":{\"@type\":\"ImageObject\",\"inLanguage\":\"es\",\"@id\":\"https:\\\/\\\/secure.gravatar.com\\\/avatar\\\/ed1c2728327f20a5a62edaeb7dc181858f225b765044c5314c3d1059a1bd992f?s=96&d=mm&r=g\",\"url\":\"https:\\\/\\\/secure.gravatar.com\\\/avatar\\\/ed1c2728327f20a5a62edaeb7dc181858f225b765044c5314c3d1059a1bd992f?s=96&d=mm&r=g\",\"contentUrl\":\"https:\\\/\\\/secure.gravatar.com\\\/avatar\\\/ed1c2728327f20a5a62edaeb7dc181858f225b765044c5314c3d1059a1bd992f?s=96&d=mm&r=g\",\"caption\":\"Comunicaciones\"},\"sameAs\":[\"http:\\\/\\\/www.cftestataltarapaca.cl\"],\"url\":\"https:\\\/\\\/www.cftestataltarapaca.cl\\\/inicio\\\/author\\\/comunicaciones\\\/\"}]}<\/script>\n<!-- \/ Yoast SEO plugin. -->","yoast_head_json":{"title":"CFT Estatal Tarapac\u00e1 enfrenta nueva Auditor\u00eda Externa super\u00e1ndola con cero no conformidades - CFT Estatal Tarapac\u00e1","robots":{"index":"index","follow":"follow","max-snippet":"max-snippet:-1","max-image-preview":"max-image-preview:large","max-video-preview":"max-video-preview:-1"},"canonical":"https:\/\/www.cftestataltarapaca.cl\/inicio\/2022\/10\/21\/cft-estatal-tarapaca-enfrenta-nueva-auditoria-externa-superandola-sin-desconformidades\/","og_locale":"es_ES","og_type":"article","og_title":"CFT Estatal Tarapac\u00e1 enfrenta nueva Auditor\u00eda Externa super\u00e1ndola con cero no conformidades - CFT Estatal Tarapac\u00e1","og_description":"Con el objetivo de determinar la conformidad del sistema de gesti\u00f3n de acuerdo con los criterios de auditor\u00eda normados en ISO 9001:2015, Nch 2728:2015, el Centro de Formaci\u00f3n T\u00e9cnica Estatal...","og_url":"https:\/\/www.cftestataltarapaca.cl\/inicio\/2022\/10\/21\/cft-estatal-tarapaca-enfrenta-nueva-auditoria-externa-superandola-sin-desconformidades\/","og_site_name":"CFT Estatal Tarapac\u00e1","article_publisher":"https:\/\/www.facebook.com\/CFTestataltarapaca\/","article_published_time":"2022-10-21T19:12:16+00:00","article_modified_time":"2022-10-21T19:19:16+00:00","og_image":[{"width":1280,"height":720,"url":"https:\/\/www.cftestataltarapaca.cl\/inicio\/wp-content\/uploads\/2022\/10\/WhatsApp-Image-2022-10-21-at-3.57.01-PM.jpeg","type":"image\/jpeg"}],"author":"Comunicaciones","twitter_card":"summary_large_image","twitter_creator":"@CFTesTarapaca","twitter_site":"@CFTesTarapaca","twitter_misc":{"Escrito por":"Comunicaciones","Tiempo de lectura":"2 minutos"},"schema":{"@context":"https:\/\/schema.org","@graph":[{"@type":"Article","@id":"https:\/\/www.cftestataltarapaca.cl\/inicio\/2022\/10\/21\/cft-estatal-tarapaca-enfrenta-nueva-auditoria-externa-superandola-sin-desconformidades\/#article","isPartOf":{"@id":"https:\/\/www.cftestataltarapaca.cl\/inicio\/2022\/10\/21\/cft-estatal-tarapaca-enfrenta-nueva-auditoria-externa-superandola-sin-desconformidades\/"},"author":{"name":"Comunicaciones","@id":"https:\/\/www.cftestataltarapaca.cl\/inicio\/#\/schema\/person\/ad1fbfa1fa7c3d3889f4ae5401dd660e"},"headline":"CFT Estatal Tarapac\u00e1 enfrenta nueva Auditor\u00eda Externa super\u00e1ndola con cero no conformidades","datePublished":"2022-10-21T19:12:16+00:00","dateModified":"2022-10-21T19:19:16+00:00","mainEntityOfPage":{"@id":"https:\/\/www.cftestataltarapaca.cl\/inicio\/2022\/10\/21\/cft-estatal-tarapaca-enfrenta-nueva-auditoria-externa-superandola-sin-desconformidades\/"},"wordCount":350,"commentCount":0,"publisher":{"@id":"https:\/\/www.cftestataltarapaca.cl\/inicio\/#organization"},"image":{"@id":"https:\/\/www.cftestataltarapaca.cl\/inicio\/2022\/10\/21\/cft-estatal-tarapaca-enfrenta-nueva-auditoria-externa-superandola-sin-desconformidades\/#primaryimage"},"thumbnailUrl":"https:\/\/www.cftestataltarapaca.cl\/inicio\/wp-content\/uploads\/2022\/10\/WhatsApp-Image-2022-10-21-at-3.57.01-PM.jpeg","articleSection":["Acad\u00e9mico","Acreditaci\u00f3n","Comunicados"],"inLanguage":"es","potentialAction":[{"@type":"CommentAction","name":"Comment","target":["https:\/\/www.cftestataltarapaca.cl\/inicio\/2022\/10\/21\/cft-estatal-tarapaca-enfrenta-nueva-auditoria-externa-superandola-sin-desconformidades\/#respond"]}]},{"@type":"WebPage","@id":"https:\/\/www.cftestataltarapaca.cl\/inicio\/2022\/10\/21\/cft-estatal-tarapaca-enfrenta-nueva-auditoria-externa-superandola-sin-desconformidades\/","url":"https:\/\/www.cftestataltarapaca.cl\/inicio\/2022\/10\/21\/cft-estatal-tarapaca-enfrenta-nueva-auditoria-externa-superandola-sin-desconformidades\/","name":"CFT Estatal Tarapac\u00e1 enfrenta nueva Auditor\u00eda Externa super\u00e1ndola con cero no conformidades - CFT Estatal Tarapac\u00e1","isPartOf":{"@id":"https:\/\/www.cftestataltarapaca.cl\/inicio\/#website"},"primaryImageOfPage":{"@id":"https:\/\/www.cftestataltarapaca.cl\/inicio\/2022\/10\/21\/cft-estatal-tarapaca-enfrenta-nueva-auditoria-externa-superandola-sin-desconformidades\/#primaryimage"},"image":{"@id":"https:\/\/www.cftestataltarapaca.cl\/inicio\/2022\/10\/21\/cft-estatal-tarapaca-enfrenta-nueva-auditoria-externa-superandola-sin-desconformidades\/#primaryimage"},"thumbnailUrl":"https:\/\/www.cftestataltarapaca.cl\/inicio\/wp-content\/uploads\/2022\/10\/WhatsApp-Image-2022-10-21-at-3.57.01-PM.jpeg","datePublished":"2022-10-21T19:12:16+00:00","dateModified":"2022-10-21T19:19:16+00:00","breadcrumb":{"@id":"https:\/\/www.cftestataltarapaca.cl\/inicio\/2022\/10\/21\/cft-estatal-tarapaca-enfrenta-nueva-auditoria-externa-superandola-sin-desconformidades\/#breadcrumb"},"inLanguage":"es","potentialAction":[{"@type":"ReadAction","target":["https:\/\/www.cftestataltarapaca.cl\/inicio\/2022\/10\/21\/cft-estatal-tarapaca-enfrenta-nueva-auditoria-externa-superandola-sin-desconformidades\/"]}]},{"@type":"ImageObject","inLanguage":"es","@id":"https:\/\/www.cftestataltarapaca.cl\/inicio\/2022\/10\/21\/cft-estatal-tarapaca-enfrenta-nueva-auditoria-externa-superandola-sin-desconformidades\/#primaryimage","url":"https:\/\/www.cftestataltarapaca.cl\/inicio\/wp-content\/uploads\/2022\/10\/WhatsApp-Image-2022-10-21-at-3.57.01-PM.jpeg","contentUrl":"https:\/\/www.cftestataltarapaca.cl\/inicio\/wp-content\/uploads\/2022\/10\/WhatsApp-Image-2022-10-21-at-3.57.01-PM.jpeg","width":1280,"height":720},{"@type":"BreadcrumbList","@id":"https:\/\/www.cftestataltarapaca.cl\/inicio\/2022\/10\/21\/cft-estatal-tarapaca-enfrenta-nueva-auditoria-externa-superandola-sin-desconformidades\/#breadcrumb","itemListElement":[{"@type":"ListItem","position":1,"name":"Portada","item":"https:\/\/www.cftestataltarapaca.cl\/inicio\/"},{"@type":"ListItem","position":2,"name":"CFT Estatal Tarapac\u00e1 enfrenta nueva Auditor\u00eda Externa super\u00e1ndola con cero no conformidades"}]},{"@type":"WebSite","@id":"https:\/\/www.cftestataltarapaca.cl\/inicio\/#website","url":"https:\/\/www.cftestataltarapaca.cl\/inicio\/","name":"CFT Estatal Tarapac\u00e1","description":"Admisi\u00f3n 2025","publisher":{"@id":"https:\/\/www.cftestataltarapaca.cl\/inicio\/#organization"},"potentialAction":[{"@type":"SearchAction","target":{"@type":"EntryPoint","urlTemplate":"https:\/\/www.cftestataltarapaca.cl\/inicio\/?s={search_term_string}"},"query-input":{"@type":"PropertyValueSpecification","valueRequired":true,"valueName":"search_term_string"}}],"inLanguage":"es"},{"@type":"Organization","@id":"https:\/\/www.cftestataltarapaca.cl\/inicio\/#organization","name":"CFT Estatal Tarapac\u00e1","url":"https:\/\/www.cftestataltarapaca.cl\/inicio\/","logo":{"@type":"ImageObject","inLanguage":"es","@id":"https:\/\/www.cftestataltarapaca.cl\/inicio\/#\/schema\/logo\/image\/","url":"https:\/\/www.cftestataltarapaca.cl\/inicio\/wp-content\/uploads\/2019\/03\/logo-retina-1.png","contentUrl":"https:\/\/www.cftestataltarapaca.cl\/inicio\/wp-content\/uploads\/2019\/03\/logo-retina-1.png","width":401,"height":150,"caption":"CFT Estatal Tarapac\u00e1"},"image":{"@id":"https:\/\/www.cftestataltarapaca.cl\/inicio\/#\/schema\/logo\/image\/"},"sameAs":["https:\/\/www.facebook.com\/CFTestataltarapaca\/","https:\/\/x.com\/CFTesTarapaca","https:\/\/www.instagram.com\/CFTestataltarapaca\/"]},{"@type":"Person","@id":"https:\/\/www.cftestataltarapaca.cl\/inicio\/#\/schema\/person\/ad1fbfa1fa7c3d3889f4ae5401dd660e","name":"Comunicaciones","image":{"@type":"ImageObject","inLanguage":"es","@id":"https:\/\/secure.gravatar.com\/avatar\/ed1c2728327f20a5a62edaeb7dc181858f225b765044c5314c3d1059a1bd992f?s=96&d=mm&r=g","url":"https:\/\/secure.gravatar.com\/avatar\/ed1c2728327f20a5a62edaeb7dc181858f225b765044c5314c3d1059a1bd992f?s=96&d=mm&r=g","contentUrl":"https:\/\/secure.gravatar.com\/avatar\/ed1c2728327f20a5a62edaeb7dc181858f225b765044c5314c3d1059a1bd992f?s=96&d=mm&r=g","caption":"Comunicaciones"},"sameAs":["http:\/\/www.cftestataltarapaca.cl"],"url":"https:\/\/www.cftestataltarapaca.cl\/inicio\/author\/comunicaciones\/"}]}},"publishpress_future_action":{"enabled":false,"date":"2026-05-08 11:25:25","action":"change-status","newStatus":"draft","terms":[],"taxonomy":"category","extraData":[]},"publishpress_future_workflow_manual_trigger":{"enabledWorkflows":[]},"_links":{"self":[{"href":"https:\/\/www.cftestataltarapaca.cl\/inicio\/wp-json\/wp\/v2\/posts\/9474","targetHints":{"allow":["GET"]}}],"collection":[{"href":"https:\/\/www.cftestataltarapaca.cl\/inicio\/wp-json\/wp\/v2\/posts"}],"about":[{"href":"https:\/\/www.cftestataltarapaca.cl\/inicio\/wp-json\/wp\/v2\/types\/post"}],"author":[{"embeddable":true,"href":"https:\/\/www.cftestataltarapaca.cl\/inicio\/wp-json\/wp\/v2\/users\/2"}],"replies":[{"embeddable":true,"href":"https:\/\/www.cftestataltarapaca.cl\/inicio\/wp-json\/wp\/v2\/comments?post=9474"}],"version-history":[{"count":4,"href":"https:\/\/www.cftestataltarapaca.cl\/inicio\/wp-json\/wp\/v2\/posts\/9474\/revisions"}],"predecessor-version":[{"id":9480,"href":"https:\/\/www.cftestataltarapaca.cl\/inicio\/wp-json\/wp\/v2\/posts\/9474\/revisions\/9480"}],"wp:featuredmedia":[{"embeddable":true,"href":"https:\/\/www.cftestataltarapaca.cl\/inicio\/wp-json\/wp\/v2\/media\/9476"}],"wp:attachment":[{"href":"https:\/\/www.cftestataltarapaca.cl\/inicio\/wp-json\/wp\/v2\/media?parent=9474"}],"wp:term":[{"taxonomy":"category","embeddable":true,"href":"https:\/\/www.cftestataltarapaca.cl\/inicio\/wp-json\/wp\/v2\/categories?post=9474"},{"taxonomy":"post_tag","embeddable":true,"href":"https:\/\/www.cftestataltarapaca.cl\/inicio\/wp-json\/wp\/v2\/tags?post=9474"}],"curies":[{"name":"wp","href":"https:\/\/api.w.org\/{rel}","templated":true}]}}