{"id":9615,"date":"2022-12-19T17:42:44","date_gmt":"2022-12-19T17:42:44","guid":{"rendered":"https:\/\/www.cftestataltarapaca.cl\/inicio\/?p=9615"},"modified":"2022-12-21T12:30:28","modified_gmt":"2022-12-21T12:30:28","slug":"certifican-en-prevencion-de-riesgos-a-egresados-y-titulados-de-cft-estatal-tarapaca","status":"publish","type":"post","link":"https:\/\/www.cftestataltarapaca.cl\/inicio\/2022\/12\/19\/certifican-en-prevencion-de-riesgos-a-egresados-y-titulados-de-cft-estatal-tarapaca\/","title":{"rendered":"Certifican  en Prevenci\u00f3n de Riesgos a egresados y titulados de CFT Estatal Tarapac\u00e1"},"content":{"rendered":"<p><strong>\u00a0<\/strong>En el marco de la alianza entre en Centro de Formaci\u00f3n T\u00e9cnica Estatal de Tarapac\u00e1 y Chile Valora, se realiz\u00f3 la ceremonia de certificaci\u00f3n en competencias de Prevenci\u00f3n de Riesgos a 35 egresados de la casa de estudios.<!--more--><\/p>\n<p>La actividad realizada durante el segundo semestre de 2022 fue coordinada por el Centro de Formaci\u00f3n T\u00e9cnica Estatal Tarapac\u00e1, ejecutada por Impronta Mine y patrocinada por Chile Valora quienes fueron representados en la ceremonia por la jefa de articulaci\u00f3n t\u00e9cnico profesional de Chile Valora, Catalina Est\u00e9vez quien destac\u00f3 la importancia de reconocer la trayectoria laboral de las personas y especialmente fomentar este crecimiento a trav\u00e9s de la articulaci\u00f3n t\u00e9cnico profesional.<\/p>\n<p>Por su parte, el rector del CFT Estatal Tarapac\u00e1, Jorge Villegas, resalt\u00f3 la importancia de abrir caminos \u201cpara que ustedes como estudiantes puedan ir sumando conocimientos, pero conocimientos certificados como en este caso que les dan seriedad y credibilidad como profesionales y personas. Esta certificaci\u00f3n se suma a las IC3 en computaci\u00f3n y en ingl\u00e9s\u201d destac\u00f3.<\/p>\n<p>Durante la ceremonia de certificaci\u00f3n particip\u00f3 tambi\u00e9n la Seremi de la Mujer y Equidad de G\u00e9nero, Noem\u00ed Salinas, quien destac\u00f3 la participaci\u00f3n femenina en esta certificaci\u00f3n ya que del total de certificados, m\u00e1s del 60% son mujeres lo que contribuye a disminuir las brechas de participaci\u00f3n femenina y adem\u00e1s permite que las mujeres accedan a puestos laborales de mejor calidad.<\/p>\n","protected":false},"excerpt":{"rendered":"<p>\u00a0En el marco de la alianza entre en Centro de Formaci\u00f3n T\u00e9cnica Estatal de Tarapac\u00e1 y Chile Valora, se realiz\u00f3 la ceremonia de certificaci\u00f3n en competencias de Prevenci\u00f3n de Riesgos&#8230;<\/p>\n","protected":false},"author":2,"featured_media":9618,"comment_status":"open","ping_status":"open","sticky":false,"template":"","format":"standard","meta":{"_joinchat":[],"footnotes":""},"categories":[1],"tags":[],"class_list":["post-9615","post","type-post","status-publish","format-standard","has-post-thumbnail","hentry","category-sin-categoria"],"yoast_head":"<!-- This site is optimized with the Yoast SEO plugin v27.4 - https:\/\/yoast.com\/product\/yoast-seo-wordpress\/ -->\n<title>Certifican en Prevenci\u00f3n de Riesgos a egresados y titulados de CFT Estatal Tarapac\u00e1 - CFT Estatal Tarapac\u00e1<\/title>\n<meta name=\"robots\" content=\"index, follow, max-snippet:-1, max-image-preview:large, max-video-preview:-1\" \/>\n<link rel=\"canonical\" href=\"https:\/\/www.cftestataltarapaca.cl\/inicio\/2022\/12\/19\/certifican-en-prevencion-de-riesgos-a-egresados-y-titulados-de-cft-estatal-tarapaca\/\" \/>\n<meta property=\"og:locale\" content=\"es_ES\" \/>\n<meta property=\"og:type\" content=\"article\" \/>\n<meta property=\"og:title\" content=\"Certifican en Prevenci\u00f3n de Riesgos a egresados y titulados de CFT Estatal Tarapac\u00e1 - CFT Estatal Tarapac\u00e1\" \/>\n<meta property=\"og:description\" content=\"\u00a0En el marco de la alianza entre en Centro de Formaci\u00f3n T\u00e9cnica Estatal de Tarapac\u00e1 y Chile Valora, se realiz\u00f3 la ceremonia de certificaci\u00f3n en competencias de Prevenci\u00f3n de Riesgos...\" \/>\n<meta property=\"og:url\" content=\"https:\/\/www.cftestataltarapaca.cl\/inicio\/2022\/12\/19\/certifican-en-prevencion-de-riesgos-a-egresados-y-titulados-de-cft-estatal-tarapaca\/\" \/>\n<meta property=\"og:site_name\" content=\"CFT Estatal Tarapac\u00e1\" \/>\n<meta property=\"article:publisher\" content=\"https:\/\/www.facebook.com\/CFTestataltarapaca\/\" \/>\n<meta property=\"article:published_time\" content=\"2022-12-19T17:42:44+00:00\" \/>\n<meta property=\"article:modified_time\" content=\"2022-12-21T12:30:28+00:00\" \/>\n<meta property=\"og:image\" content=\"https:\/\/www.cftestataltarapaca.cl\/inicio\/wp-content\/uploads\/2022\/12\/Certificacion.jpg\" \/>\n\t<meta property=\"og:image:width\" content=\"844\" \/>\n\t<meta property=\"og:image:height\" content=\"420\" \/>\n\t<meta property=\"og:image:type\" content=\"image\/jpeg\" \/>\n<meta name=\"author\" content=\"Comunicaciones\" \/>\n<meta name=\"twitter:card\" content=\"summary_large_image\" \/>\n<meta name=\"twitter:creator\" content=\"@CFTesTarapaca\" \/>\n<meta name=\"twitter:site\" content=\"@CFTesTarapaca\" \/>\n<meta name=\"twitter:label1\" content=\"Escrito por\" \/>\n\t<meta name=\"twitter:data1\" content=\"Comunicaciones\" \/>\n\t<meta name=\"twitter:label2\" content=\"Tiempo de lectura\" \/>\n\t<meta name=\"twitter:data2\" content=\"2 minutos\" \/>\n<script type=\"application\/ld+json\" class=\"yoast-schema-graph\">{\"@context\":\"https:\\\/\\\/schema.org\",\"@graph\":[{\"@type\":\"Article\",\"@id\":\"https:\\\/\\\/www.cftestataltarapaca.cl\\\/inicio\\\/2022\\\/12\\\/19\\\/certifican-en-prevencion-de-riesgos-a-egresados-y-titulados-de-cft-estatal-tarapaca\\\/#article\",\"isPartOf\":{\"@id\":\"https:\\\/\\\/www.cftestataltarapaca.cl\\\/inicio\\\/2022\\\/12\\\/19\\\/certifican-en-prevencion-de-riesgos-a-egresados-y-titulados-de-cft-estatal-tarapaca\\\/\"},\"author\":{\"name\":\"Comunicaciones\",\"@id\":\"https:\\\/\\\/www.cftestataltarapaca.cl\\\/inicio\\\/#\\\/schema\\\/person\\\/ad1fbfa1fa7c3d3889f4ae5401dd660e\"},\"headline\":\"Certifican en Prevenci\u00f3n de Riesgos a egresados y titulados de CFT Estatal Tarapac\u00e1\",\"datePublished\":\"2022-12-19T17:42:44+00:00\",\"dateModified\":\"2022-12-21T12:30:28+00:00\",\"mainEntityOfPage\":{\"@id\":\"https:\\\/\\\/www.cftestataltarapaca.cl\\\/inicio\\\/2022\\\/12\\\/19\\\/certifican-en-prevencion-de-riesgos-a-egresados-y-titulados-de-cft-estatal-tarapaca\\\/\"},\"wordCount\":258,\"commentCount\":1,\"publisher\":{\"@id\":\"https:\\\/\\\/www.cftestataltarapaca.cl\\\/inicio\\\/#organization\"},\"image\":{\"@id\":\"https:\\\/\\\/www.cftestataltarapaca.cl\\\/inicio\\\/2022\\\/12\\\/19\\\/certifican-en-prevencion-de-riesgos-a-egresados-y-titulados-de-cft-estatal-tarapaca\\\/#primaryimage\"},\"thumbnailUrl\":\"https:\\\/\\\/www.cftestataltarapaca.cl\\\/inicio\\\/wp-content\\\/uploads\\\/2022\\\/12\\\/Certificacion.jpg\",\"inLanguage\":\"es\",\"potentialAction\":[{\"@type\":\"CommentAction\",\"name\":\"Comment\",\"target\":[\"https:\\\/\\\/www.cftestataltarapaca.cl\\\/inicio\\\/2022\\\/12\\\/19\\\/certifican-en-prevencion-de-riesgos-a-egresados-y-titulados-de-cft-estatal-tarapaca\\\/#respond\"]}]},{\"@type\":\"WebPage\",\"@id\":\"https:\\\/\\\/www.cftestataltarapaca.cl\\\/inicio\\\/2022\\\/12\\\/19\\\/certifican-en-prevencion-de-riesgos-a-egresados-y-titulados-de-cft-estatal-tarapaca\\\/\",\"url\":\"https:\\\/\\\/www.cftestataltarapaca.cl\\\/inicio\\\/2022\\\/12\\\/19\\\/certifican-en-prevencion-de-riesgos-a-egresados-y-titulados-de-cft-estatal-tarapaca\\\/\",\"name\":\"Certifican en Prevenci\u00f3n de Riesgos a egresados y titulados de CFT Estatal Tarapac\u00e1 - CFT Estatal Tarapac\u00e1\",\"isPartOf\":{\"@id\":\"https:\\\/\\\/www.cftestataltarapaca.cl\\\/inicio\\\/#website\"},\"primaryImageOfPage\":{\"@id\":\"https:\\\/\\\/www.cftestataltarapaca.cl\\\/inicio\\\/2022\\\/12\\\/19\\\/certifican-en-prevencion-de-riesgos-a-egresados-y-titulados-de-cft-estatal-tarapaca\\\/#primaryimage\"},\"image\":{\"@id\":\"https:\\\/\\\/www.cftestataltarapaca.cl\\\/inicio\\\/2022\\\/12\\\/19\\\/certifican-en-prevencion-de-riesgos-a-egresados-y-titulados-de-cft-estatal-tarapaca\\\/#primaryimage\"},\"thumbnailUrl\":\"https:\\\/\\\/www.cftestataltarapaca.cl\\\/inicio\\\/wp-content\\\/uploads\\\/2022\\\/12\\\/Certificacion.jpg\",\"datePublished\":\"2022-12-19T17:42:44+00:00\",\"dateModified\":\"2022-12-21T12:30:28+00:00\",\"breadcrumb\":{\"@id\":\"https:\\\/\\\/www.cftestataltarapaca.cl\\\/inicio\\\/2022\\\/12\\\/19\\\/certifican-en-prevencion-de-riesgos-a-egresados-y-titulados-de-cft-estatal-tarapaca\\\/#breadcrumb\"},\"inLanguage\":\"es\",\"potentialAction\":[{\"@type\":\"ReadAction\",\"target\":[\"https:\\\/\\\/www.cftestataltarapaca.cl\\\/inicio\\\/2022\\\/12\\\/19\\\/certifican-en-prevencion-de-riesgos-a-egresados-y-titulados-de-cft-estatal-tarapaca\\\/\"]}]},{\"@type\":\"ImageObject\",\"inLanguage\":\"es\",\"@id\":\"https:\\\/\\\/www.cftestataltarapaca.cl\\\/inicio\\\/2022\\\/12\\\/19\\\/certifican-en-prevencion-de-riesgos-a-egresados-y-titulados-de-cft-estatal-tarapaca\\\/#primaryimage\",\"url\":\"https:\\\/\\\/www.cftestataltarapaca.cl\\\/inicio\\\/wp-content\\\/uploads\\\/2022\\\/12\\\/Certificacion.jpg\",\"contentUrl\":\"https:\\\/\\\/www.cftestataltarapaca.cl\\\/inicio\\\/wp-content\\\/uploads\\\/2022\\\/12\\\/Certificacion.jpg\",\"width\":844,\"height\":420},{\"@type\":\"BreadcrumbList\",\"@id\":\"https:\\\/\\\/www.cftestataltarapaca.cl\\\/inicio\\\/2022\\\/12\\\/19\\\/certifican-en-prevencion-de-riesgos-a-egresados-y-titulados-de-cft-estatal-tarapaca\\\/#breadcrumb\",\"itemListElement\":[{\"@type\":\"ListItem\",\"position\":1,\"name\":\"Portada\",\"item\":\"https:\\\/\\\/www.cftestataltarapaca.cl\\\/inicio\\\/\"},{\"@type\":\"ListItem\",\"position\":2,\"name\":\"Certifican en Prevenci\u00f3n de Riesgos a egresados y titulados de CFT Estatal Tarapac\u00e1\"}]},{\"@type\":\"WebSite\",\"@id\":\"https:\\\/\\\/www.cftestataltarapaca.cl\\\/inicio\\\/#website\",\"url\":\"https:\\\/\\\/www.cftestataltarapaca.cl\\\/inicio\\\/\",\"name\":\"CFT Estatal Tarapac\u00e1\",\"description\":\"Admisi\u00f3n 2025\",\"publisher\":{\"@id\":\"https:\\\/\\\/www.cftestataltarapaca.cl\\\/inicio\\\/#organization\"},\"potentialAction\":[{\"@type\":\"SearchAction\",\"target\":{\"@type\":\"EntryPoint\",\"urlTemplate\":\"https:\\\/\\\/www.cftestataltarapaca.cl\\\/inicio\\\/?s={search_term_string}\"},\"query-input\":{\"@type\":\"PropertyValueSpecification\",\"valueRequired\":true,\"valueName\":\"search_term_string\"}}],\"inLanguage\":\"es\"},{\"@type\":\"Organization\",\"@id\":\"https:\\\/\\\/www.cftestataltarapaca.cl\\\/inicio\\\/#organization\",\"name\":\"CFT Estatal Tarapac\u00e1\",\"url\":\"https:\\\/\\\/www.cftestataltarapaca.cl\\\/inicio\\\/\",\"logo\":{\"@type\":\"ImageObject\",\"inLanguage\":\"es\",\"@id\":\"https:\\\/\\\/www.cftestataltarapaca.cl\\\/inicio\\\/#\\\/schema\\\/logo\\\/image\\\/\",\"url\":\"https:\\\/\\\/www.cftestataltarapaca.cl\\\/inicio\\\/wp-content\\\/uploads\\\/2019\\\/03\\\/logo-retina-1.png\",\"contentUrl\":\"https:\\\/\\\/www.cftestataltarapaca.cl\\\/inicio\\\/wp-content\\\/uploads\\\/2019\\\/03\\\/logo-retina-1.png\",\"width\":401,\"height\":150,\"caption\":\"CFT Estatal Tarapac\u00e1\"},\"image\":{\"@id\":\"https:\\\/\\\/www.cftestataltarapaca.cl\\\/inicio\\\/#\\\/schema\\\/logo\\\/image\\\/\"},\"sameAs\":[\"https:\\\/\\\/www.facebook.com\\\/CFTestataltarapaca\\\/\",\"https:\\\/\\\/x.com\\\/CFTesTarapaca\",\"https:\\\/\\\/www.instagram.com\\\/CFTestataltarapaca\\\/\"]},{\"@type\":\"Person\",\"@id\":\"https:\\\/\\\/www.cftestataltarapaca.cl\\\/inicio\\\/#\\\/schema\\\/person\\\/ad1fbfa1fa7c3d3889f4ae5401dd660e\",\"name\":\"Comunicaciones\",\"image\":{\"@type\":\"ImageObject\",\"inLanguage\":\"es\",\"@id\":\"https:\\\/\\\/secure.gravatar.com\\\/avatar\\\/ed1c2728327f20a5a62edaeb7dc181858f225b765044c5314c3d1059a1bd992f?s=96&d=mm&r=g\",\"url\":\"https:\\\/\\\/secure.gravatar.com\\\/avatar\\\/ed1c2728327f20a5a62edaeb7dc181858f225b765044c5314c3d1059a1bd992f?s=96&d=mm&r=g\",\"contentUrl\":\"https:\\\/\\\/secure.gravatar.com\\\/avatar\\\/ed1c2728327f20a5a62edaeb7dc181858f225b765044c5314c3d1059a1bd992f?s=96&d=mm&r=g\",\"caption\":\"Comunicaciones\"},\"sameAs\":[\"http:\\\/\\\/www.cftestataltarapaca.cl\"],\"url\":\"https:\\\/\\\/www.cftestataltarapaca.cl\\\/inicio\\\/author\\\/comunicaciones\\\/\"}]}<\/script>\n<!-- \/ Yoast SEO plugin. -->","yoast_head_json":{"title":"Certifican en Prevenci\u00f3n de Riesgos a egresados y titulados de CFT Estatal Tarapac\u00e1 - CFT Estatal Tarapac\u00e1","robots":{"index":"index","follow":"follow","max-snippet":"max-snippet:-1","max-image-preview":"max-image-preview:large","max-video-preview":"max-video-preview:-1"},"canonical":"https:\/\/www.cftestataltarapaca.cl\/inicio\/2022\/12\/19\/certifican-en-prevencion-de-riesgos-a-egresados-y-titulados-de-cft-estatal-tarapaca\/","og_locale":"es_ES","og_type":"article","og_title":"Certifican en Prevenci\u00f3n de Riesgos a egresados y titulados de CFT Estatal Tarapac\u00e1 - CFT Estatal Tarapac\u00e1","og_description":"\u00a0En el marco de la alianza entre en Centro de Formaci\u00f3n T\u00e9cnica Estatal de Tarapac\u00e1 y Chile Valora, se realiz\u00f3 la ceremonia de certificaci\u00f3n en competencias de Prevenci\u00f3n de Riesgos...","og_url":"https:\/\/www.cftestataltarapaca.cl\/inicio\/2022\/12\/19\/certifican-en-prevencion-de-riesgos-a-egresados-y-titulados-de-cft-estatal-tarapaca\/","og_site_name":"CFT Estatal Tarapac\u00e1","article_publisher":"https:\/\/www.facebook.com\/CFTestataltarapaca\/","article_published_time":"2022-12-19T17:42:44+00:00","article_modified_time":"2022-12-21T12:30:28+00:00","og_image":[{"width":844,"height":420,"url":"https:\/\/www.cftestataltarapaca.cl\/inicio\/wp-content\/uploads\/2022\/12\/Certificacion.jpg","type":"image\/jpeg"}],"author":"Comunicaciones","twitter_card":"summary_large_image","twitter_creator":"@CFTesTarapaca","twitter_site":"@CFTesTarapaca","twitter_misc":{"Escrito por":"Comunicaciones","Tiempo de lectura":"2 minutos"},"schema":{"@context":"https:\/\/schema.org","@graph":[{"@type":"Article","@id":"https:\/\/www.cftestataltarapaca.cl\/inicio\/2022\/12\/19\/certifican-en-prevencion-de-riesgos-a-egresados-y-titulados-de-cft-estatal-tarapaca\/#article","isPartOf":{"@id":"https:\/\/www.cftestataltarapaca.cl\/inicio\/2022\/12\/19\/certifican-en-prevencion-de-riesgos-a-egresados-y-titulados-de-cft-estatal-tarapaca\/"},"author":{"name":"Comunicaciones","@id":"https:\/\/www.cftestataltarapaca.cl\/inicio\/#\/schema\/person\/ad1fbfa1fa7c3d3889f4ae5401dd660e"},"headline":"Certifican en Prevenci\u00f3n de Riesgos a egresados y titulados de CFT Estatal Tarapac\u00e1","datePublished":"2022-12-19T17:42:44+00:00","dateModified":"2022-12-21T12:30:28+00:00","mainEntityOfPage":{"@id":"https:\/\/www.cftestataltarapaca.cl\/inicio\/2022\/12\/19\/certifican-en-prevencion-de-riesgos-a-egresados-y-titulados-de-cft-estatal-tarapaca\/"},"wordCount":258,"commentCount":1,"publisher":{"@id":"https:\/\/www.cftestataltarapaca.cl\/inicio\/#organization"},"image":{"@id":"https:\/\/www.cftestataltarapaca.cl\/inicio\/2022\/12\/19\/certifican-en-prevencion-de-riesgos-a-egresados-y-titulados-de-cft-estatal-tarapaca\/#primaryimage"},"thumbnailUrl":"https:\/\/www.cftestataltarapaca.cl\/inicio\/wp-content\/uploads\/2022\/12\/Certificacion.jpg","inLanguage":"es","potentialAction":[{"@type":"CommentAction","name":"Comment","target":["https:\/\/www.cftestataltarapaca.cl\/inicio\/2022\/12\/19\/certifican-en-prevencion-de-riesgos-a-egresados-y-titulados-de-cft-estatal-tarapaca\/#respond"]}]},{"@type":"WebPage","@id":"https:\/\/www.cftestataltarapaca.cl\/inicio\/2022\/12\/19\/certifican-en-prevencion-de-riesgos-a-egresados-y-titulados-de-cft-estatal-tarapaca\/","url":"https:\/\/www.cftestataltarapaca.cl\/inicio\/2022\/12\/19\/certifican-en-prevencion-de-riesgos-a-egresados-y-titulados-de-cft-estatal-tarapaca\/","name":"Certifican en Prevenci\u00f3n de Riesgos a egresados y titulados de CFT Estatal Tarapac\u00e1 - CFT Estatal Tarapac\u00e1","isPartOf":{"@id":"https:\/\/www.cftestataltarapaca.cl\/inicio\/#website"},"primaryImageOfPage":{"@id":"https:\/\/www.cftestataltarapaca.cl\/inicio\/2022\/12\/19\/certifican-en-prevencion-de-riesgos-a-egresados-y-titulados-de-cft-estatal-tarapaca\/#primaryimage"},"image":{"@id":"https:\/\/www.cftestataltarapaca.cl\/inicio\/2022\/12\/19\/certifican-en-prevencion-de-riesgos-a-egresados-y-titulados-de-cft-estatal-tarapaca\/#primaryimage"},"thumbnailUrl":"https:\/\/www.cftestataltarapaca.cl\/inicio\/wp-content\/uploads\/2022\/12\/Certificacion.jpg","datePublished":"2022-12-19T17:42:44+00:00","dateModified":"2022-12-21T12:30:28+00:00","breadcrumb":{"@id":"https:\/\/www.cftestataltarapaca.cl\/inicio\/2022\/12\/19\/certifican-en-prevencion-de-riesgos-a-egresados-y-titulados-de-cft-estatal-tarapaca\/#breadcrumb"},"inLanguage":"es","potentialAction":[{"@type":"ReadAction","target":["https:\/\/www.cftestataltarapaca.cl\/inicio\/2022\/12\/19\/certifican-en-prevencion-de-riesgos-a-egresados-y-titulados-de-cft-estatal-tarapaca\/"]}]},{"@type":"ImageObject","inLanguage":"es","@id":"https:\/\/www.cftestataltarapaca.cl\/inicio\/2022\/12\/19\/certifican-en-prevencion-de-riesgos-a-egresados-y-titulados-de-cft-estatal-tarapaca\/#primaryimage","url":"https:\/\/www.cftestataltarapaca.cl\/inicio\/wp-content\/uploads\/2022\/12\/Certificacion.jpg","contentUrl":"https:\/\/www.cftestataltarapaca.cl\/inicio\/wp-content\/uploads\/2022\/12\/Certificacion.jpg","width":844,"height":420},{"@type":"BreadcrumbList","@id":"https:\/\/www.cftestataltarapaca.cl\/inicio\/2022\/12\/19\/certifican-en-prevencion-de-riesgos-a-egresados-y-titulados-de-cft-estatal-tarapaca\/#breadcrumb","itemListElement":[{"@type":"ListItem","position":1,"name":"Portada","item":"https:\/\/www.cftestataltarapaca.cl\/inicio\/"},{"@type":"ListItem","position":2,"name":"Certifican en Prevenci\u00f3n de Riesgos a egresados y titulados de CFT Estatal Tarapac\u00e1"}]},{"@type":"WebSite","@id":"https:\/\/www.cftestataltarapaca.cl\/inicio\/#website","url":"https:\/\/www.cftestataltarapaca.cl\/inicio\/","name":"CFT Estatal Tarapac\u00e1","description":"Admisi\u00f3n 2025","publisher":{"@id":"https:\/\/www.cftestataltarapaca.cl\/inicio\/#organization"},"potentialAction":[{"@type":"SearchAction","target":{"@type":"EntryPoint","urlTemplate":"https:\/\/www.cftestataltarapaca.cl\/inicio\/?s={search_term_string}"},"query-input":{"@type":"PropertyValueSpecification","valueRequired":true,"valueName":"search_term_string"}}],"inLanguage":"es"},{"@type":"Organization","@id":"https:\/\/www.cftestataltarapaca.cl\/inicio\/#organization","name":"CFT Estatal Tarapac\u00e1","url":"https:\/\/www.cftestataltarapaca.cl\/inicio\/","logo":{"@type":"ImageObject","inLanguage":"es","@id":"https:\/\/www.cftestataltarapaca.cl\/inicio\/#\/schema\/logo\/image\/","url":"https:\/\/www.cftestataltarapaca.cl\/inicio\/wp-content\/uploads\/2019\/03\/logo-retina-1.png","contentUrl":"https:\/\/www.cftestataltarapaca.cl\/inicio\/wp-content\/uploads\/2019\/03\/logo-retina-1.png","width":401,"height":150,"caption":"CFT Estatal Tarapac\u00e1"},"image":{"@id":"https:\/\/www.cftestataltarapaca.cl\/inicio\/#\/schema\/logo\/image\/"},"sameAs":["https:\/\/www.facebook.com\/CFTestataltarapaca\/","https:\/\/x.com\/CFTesTarapaca","https:\/\/www.instagram.com\/CFTestataltarapaca\/"]},{"@type":"Person","@id":"https:\/\/www.cftestataltarapaca.cl\/inicio\/#\/schema\/person\/ad1fbfa1fa7c3d3889f4ae5401dd660e","name":"Comunicaciones","image":{"@type":"ImageObject","inLanguage":"es","@id":"https:\/\/secure.gravatar.com\/avatar\/ed1c2728327f20a5a62edaeb7dc181858f225b765044c5314c3d1059a1bd992f?s=96&d=mm&r=g","url":"https:\/\/secure.gravatar.com\/avatar\/ed1c2728327f20a5a62edaeb7dc181858f225b765044c5314c3d1059a1bd992f?s=96&d=mm&r=g","contentUrl":"https:\/\/secure.gravatar.com\/avatar\/ed1c2728327f20a5a62edaeb7dc181858f225b765044c5314c3d1059a1bd992f?s=96&d=mm&r=g","caption":"Comunicaciones"},"sameAs":["http:\/\/www.cftestataltarapaca.cl"],"url":"https:\/\/www.cftestataltarapaca.cl\/inicio\/author\/comunicaciones\/"}]}},"publishpress_future_action":{"enabled":false,"date":"2026-05-08 13:51:00","action":"change-status","newStatus":"draft","terms":[],"taxonomy":"category","extraData":[]},"publishpress_future_workflow_manual_trigger":{"enabledWorkflows":[]},"_links":{"self":[{"href":"https:\/\/www.cftestataltarapaca.cl\/inicio\/wp-json\/wp\/v2\/posts\/9615","targetHints":{"allow":["GET"]}}],"collection":[{"href":"https:\/\/www.cftestataltarapaca.cl\/inicio\/wp-json\/wp\/v2\/posts"}],"about":[{"href":"https:\/\/www.cftestataltarapaca.cl\/inicio\/wp-json\/wp\/v2\/types\/post"}],"author":[{"embeddable":true,"href":"https:\/\/www.cftestataltarapaca.cl\/inicio\/wp-json\/wp\/v2\/users\/2"}],"replies":[{"embeddable":true,"href":"https:\/\/www.cftestataltarapaca.cl\/inicio\/wp-json\/wp\/v2\/comments?post=9615"}],"version-history":[{"count":1,"href":"https:\/\/www.cftestataltarapaca.cl\/inicio\/wp-json\/wp\/v2\/posts\/9615\/revisions"}],"predecessor-version":[{"id":9617,"href":"https:\/\/www.cftestataltarapaca.cl\/inicio\/wp-json\/wp\/v2\/posts\/9615\/revisions\/9617"}],"wp:featuredmedia":[{"embeddable":true,"href":"https:\/\/www.cftestataltarapaca.cl\/inicio\/wp-json\/wp\/v2\/media\/9618"}],"wp:attachment":[{"href":"https:\/\/www.cftestataltarapaca.cl\/inicio\/wp-json\/wp\/v2\/media?parent=9615"}],"wp:term":[{"taxonomy":"category","embeddable":true,"href":"https:\/\/www.cftestataltarapaca.cl\/inicio\/wp-json\/wp\/v2\/categories?post=9615"},{"taxonomy":"post_tag","embeddable":true,"href":"https:\/\/www.cftestataltarapaca.cl\/inicio\/wp-json\/wp\/v2\/tags?post=9615"}],"curies":[{"name":"wp","href":"https:\/\/api.w.org\/{rel}","templated":true}]}}