{"id":9619,"date":"2022-11-05T18:36:54","date_gmt":"2022-11-05T18:36:54","guid":{"rendered":"https:\/\/www.cftestataltarapaca.cl\/inicio\/?p=9619"},"modified":"2022-12-21T16:18:59","modified_gmt":"2022-12-21T16:18:59","slug":"cft-estatal-tarapaca-participa-en-teleton-2022","status":"publish","type":"post","link":"https:\/\/www.cftestataltarapaca.cl\/inicio\/2022\/11\/05\/cft-estatal-tarapaca-participa-en-teleton-2022\/","title":{"rendered":"CFT Estatal Tarapac\u00e1 participa en Telet\u00f3n 2022"},"content":{"rendered":"<p>Una destacada participaci\u00f3n tuvo el Centro de Formaci\u00f3n T\u00e9cnica Estatal de Tarapac\u00e1 en la jornada solidaria de Telet\u00f3n 2022 realizada afuera del Centro Telet\u00f3n Iquique, en donde se hizo entrega del aporte recaudado por el grupo de Voluntariado CFT.<\/p>\n<p><!--more--><\/p>\n<p>Con gran entusiasmo las y los estudiantes\u00a0 que conforman el Voluntariado CFT, coordinado por Asuntos Estudiantiles, instalaron\u00a0 un stand de Pinta Caritas en el que los ni\u00f1os y ni\u00f1as que asistieron al evento, a cambio de un aporte econ\u00f3mico, pintaron sus rostros con los m\u00e1s diversos dise\u00f1os. La recaudaci\u00f3n fue integramente aportada\u00a0 a las arcas de la obra solidaria que cada a\u00f1o organiza a todo el pa\u00eds en torno al apoyo de la rehabilitaci\u00f3n de las personas de diversas discapacidades.<\/p>\n<p>Previamente, el grupo de Voluntariado CFT realiz\u00f3 en las instalaciones de la casa de estudios, venta de completos cuyos insumos tambi\u00e9n fueron donados por la comunidad acad\u00e9mica organizada.<\/p>\n<p>Finalmente, el aporte recaudado gracias a las acciones realizadas alcanz\u00f3 los $221.130 pesos<\/p>\n","protected":false},"excerpt":{"rendered":"<p>Una destacada participaci\u00f3n tuvo el Centro de Formaci\u00f3n T\u00e9cnica Estatal de Tarapac\u00e1 en la jornada solidaria de Telet\u00f3n 2022 realizada afuera del Centro Telet\u00f3n Iquique, en donde se hizo entrega&#8230;<\/p>\n","protected":false},"author":2,"featured_media":9620,"comment_status":"open","ping_status":"open","sticky":false,"template":"","format":"standard","meta":{"_joinchat":[],"footnotes":""},"categories":[1],"tags":[],"class_list":["post-9619","post","type-post","status-publish","format-standard","has-post-thumbnail","hentry","category-sin-categoria"],"yoast_head":"<!-- This site is optimized with the Yoast SEO plugin v27.4 - https:\/\/yoast.com\/product\/yoast-seo-wordpress\/ -->\n<title>CFT Estatal Tarapac\u00e1 participa en Telet\u00f3n 2022 - CFT Estatal Tarapac\u00e1<\/title>\n<meta name=\"robots\" content=\"index, follow, max-snippet:-1, max-image-preview:large, max-video-preview:-1\" \/>\n<link rel=\"canonical\" href=\"https:\/\/www.cftestataltarapaca.cl\/inicio\/2022\/11\/05\/cft-estatal-tarapaca-participa-en-teleton-2022\/\" \/>\n<meta property=\"og:locale\" content=\"es_ES\" \/>\n<meta property=\"og:type\" content=\"article\" \/>\n<meta property=\"og:title\" content=\"CFT Estatal Tarapac\u00e1 participa en Telet\u00f3n 2022 - CFT Estatal Tarapac\u00e1\" \/>\n<meta property=\"og:description\" content=\"Una destacada participaci\u00f3n tuvo el Centro de Formaci\u00f3n T\u00e9cnica Estatal de Tarapac\u00e1 en la jornada solidaria de Telet\u00f3n 2022 realizada afuera del Centro Telet\u00f3n Iquique, en donde se hizo entrega...\" \/>\n<meta property=\"og:url\" content=\"https:\/\/www.cftestataltarapaca.cl\/inicio\/2022\/11\/05\/cft-estatal-tarapaca-participa-en-teleton-2022\/\" \/>\n<meta property=\"og:site_name\" content=\"CFT Estatal Tarapac\u00e1\" \/>\n<meta property=\"article:publisher\" content=\"https:\/\/www.facebook.com\/CFTestataltarapaca\/\" \/>\n<meta property=\"article:published_time\" content=\"2022-11-05T18:36:54+00:00\" \/>\n<meta property=\"article:modified_time\" content=\"2022-12-21T16:18:59+00:00\" \/>\n<meta property=\"og:image\" content=\"https:\/\/www.cftestataltarapaca.cl\/inicio\/wp-content\/uploads\/2022\/12\/teleton.jpg\" \/>\n\t<meta property=\"og:image:width\" content=\"1440\" \/>\n\t<meta property=\"og:image:height\" content=\"1024\" \/>\n\t<meta property=\"og:image:type\" content=\"image\/jpeg\" \/>\n<meta name=\"author\" content=\"Comunicaciones\" \/>\n<meta name=\"twitter:card\" content=\"summary_large_image\" \/>\n<meta name=\"twitter:creator\" content=\"@CFTesTarapaca\" \/>\n<meta name=\"twitter:site\" content=\"@CFTesTarapaca\" \/>\n<meta name=\"twitter:label1\" content=\"Escrito por\" \/>\n\t<meta name=\"twitter:data1\" content=\"Comunicaciones\" \/>\n\t<meta name=\"twitter:label2\" content=\"Tiempo de lectura\" \/>\n\t<meta name=\"twitter:data2\" content=\"1 minuto\" \/>\n<script type=\"application\/ld+json\" class=\"yoast-schema-graph\">{\"@context\":\"https:\\\/\\\/schema.org\",\"@graph\":[{\"@type\":\"Article\",\"@id\":\"https:\\\/\\\/www.cftestataltarapaca.cl\\\/inicio\\\/2022\\\/11\\\/05\\\/cft-estatal-tarapaca-participa-en-teleton-2022\\\/#article\",\"isPartOf\":{\"@id\":\"https:\\\/\\\/www.cftestataltarapaca.cl\\\/inicio\\\/2022\\\/11\\\/05\\\/cft-estatal-tarapaca-participa-en-teleton-2022\\\/\"},\"author\":{\"name\":\"Comunicaciones\",\"@id\":\"https:\\\/\\\/www.cftestataltarapaca.cl\\\/inicio\\\/#\\\/schema\\\/person\\\/ad1fbfa1fa7c3d3889f4ae5401dd660e\"},\"headline\":\"CFT Estatal Tarapac\u00e1 participa en Telet\u00f3n 2022\",\"datePublished\":\"2022-11-05T18:36:54+00:00\",\"dateModified\":\"2022-12-21T16:18:59+00:00\",\"mainEntityOfPage\":{\"@id\":\"https:\\\/\\\/www.cftestataltarapaca.cl\\\/inicio\\\/2022\\\/11\\\/05\\\/cft-estatal-tarapaca-participa-en-teleton-2022\\\/\"},\"wordCount\":181,\"commentCount\":0,\"publisher\":{\"@id\":\"https:\\\/\\\/www.cftestataltarapaca.cl\\\/inicio\\\/#organization\"},\"image\":{\"@id\":\"https:\\\/\\\/www.cftestataltarapaca.cl\\\/inicio\\\/2022\\\/11\\\/05\\\/cft-estatal-tarapaca-participa-en-teleton-2022\\\/#primaryimage\"},\"thumbnailUrl\":\"https:\\\/\\\/www.cftestataltarapaca.cl\\\/inicio\\\/wp-content\\\/uploads\\\/2022\\\/12\\\/teleton.jpg\",\"inLanguage\":\"es\",\"potentialAction\":[{\"@type\":\"CommentAction\",\"name\":\"Comment\",\"target\":[\"https:\\\/\\\/www.cftestataltarapaca.cl\\\/inicio\\\/2022\\\/11\\\/05\\\/cft-estatal-tarapaca-participa-en-teleton-2022\\\/#respond\"]}]},{\"@type\":\"WebPage\",\"@id\":\"https:\\\/\\\/www.cftestataltarapaca.cl\\\/inicio\\\/2022\\\/11\\\/05\\\/cft-estatal-tarapaca-participa-en-teleton-2022\\\/\",\"url\":\"https:\\\/\\\/www.cftestataltarapaca.cl\\\/inicio\\\/2022\\\/11\\\/05\\\/cft-estatal-tarapaca-participa-en-teleton-2022\\\/\",\"name\":\"CFT Estatal Tarapac\u00e1 participa en Telet\u00f3n 2022 - CFT Estatal Tarapac\u00e1\",\"isPartOf\":{\"@id\":\"https:\\\/\\\/www.cftestataltarapaca.cl\\\/inicio\\\/#website\"},\"primaryImageOfPage\":{\"@id\":\"https:\\\/\\\/www.cftestataltarapaca.cl\\\/inicio\\\/2022\\\/11\\\/05\\\/cft-estatal-tarapaca-participa-en-teleton-2022\\\/#primaryimage\"},\"image\":{\"@id\":\"https:\\\/\\\/www.cftestataltarapaca.cl\\\/inicio\\\/2022\\\/11\\\/05\\\/cft-estatal-tarapaca-participa-en-teleton-2022\\\/#primaryimage\"},\"thumbnailUrl\":\"https:\\\/\\\/www.cftestataltarapaca.cl\\\/inicio\\\/wp-content\\\/uploads\\\/2022\\\/12\\\/teleton.jpg\",\"datePublished\":\"2022-11-05T18:36:54+00:00\",\"dateModified\":\"2022-12-21T16:18:59+00:00\",\"breadcrumb\":{\"@id\":\"https:\\\/\\\/www.cftestataltarapaca.cl\\\/inicio\\\/2022\\\/11\\\/05\\\/cft-estatal-tarapaca-participa-en-teleton-2022\\\/#breadcrumb\"},\"inLanguage\":\"es\",\"potentialAction\":[{\"@type\":\"ReadAction\",\"target\":[\"https:\\\/\\\/www.cftestataltarapaca.cl\\\/inicio\\\/2022\\\/11\\\/05\\\/cft-estatal-tarapaca-participa-en-teleton-2022\\\/\"]}]},{\"@type\":\"ImageObject\",\"inLanguage\":\"es\",\"@id\":\"https:\\\/\\\/www.cftestataltarapaca.cl\\\/inicio\\\/2022\\\/11\\\/05\\\/cft-estatal-tarapaca-participa-en-teleton-2022\\\/#primaryimage\",\"url\":\"https:\\\/\\\/www.cftestataltarapaca.cl\\\/inicio\\\/wp-content\\\/uploads\\\/2022\\\/12\\\/teleton.jpg\",\"contentUrl\":\"https:\\\/\\\/www.cftestataltarapaca.cl\\\/inicio\\\/wp-content\\\/uploads\\\/2022\\\/12\\\/teleton.jpg\",\"width\":1440,\"height\":1024},{\"@type\":\"BreadcrumbList\",\"@id\":\"https:\\\/\\\/www.cftestataltarapaca.cl\\\/inicio\\\/2022\\\/11\\\/05\\\/cft-estatal-tarapaca-participa-en-teleton-2022\\\/#breadcrumb\",\"itemListElement\":[{\"@type\":\"ListItem\",\"position\":1,\"name\":\"Portada\",\"item\":\"https:\\\/\\\/www.cftestataltarapaca.cl\\\/inicio\\\/\"},{\"@type\":\"ListItem\",\"position\":2,\"name\":\"CFT Estatal Tarapac\u00e1 participa en Telet\u00f3n 2022\"}]},{\"@type\":\"WebSite\",\"@id\":\"https:\\\/\\\/www.cftestataltarapaca.cl\\\/inicio\\\/#website\",\"url\":\"https:\\\/\\\/www.cftestataltarapaca.cl\\\/inicio\\\/\",\"name\":\"CFT Estatal Tarapac\u00e1\",\"description\":\"Admisi\u00f3n 2025\",\"publisher\":{\"@id\":\"https:\\\/\\\/www.cftestataltarapaca.cl\\\/inicio\\\/#organization\"},\"potentialAction\":[{\"@type\":\"SearchAction\",\"target\":{\"@type\":\"EntryPoint\",\"urlTemplate\":\"https:\\\/\\\/www.cftestataltarapaca.cl\\\/inicio\\\/?s={search_term_string}\"},\"query-input\":{\"@type\":\"PropertyValueSpecification\",\"valueRequired\":true,\"valueName\":\"search_term_string\"}}],\"inLanguage\":\"es\"},{\"@type\":\"Organization\",\"@id\":\"https:\\\/\\\/www.cftestataltarapaca.cl\\\/inicio\\\/#organization\",\"name\":\"CFT Estatal Tarapac\u00e1\",\"url\":\"https:\\\/\\\/www.cftestataltarapaca.cl\\\/inicio\\\/\",\"logo\":{\"@type\":\"ImageObject\",\"inLanguage\":\"es\",\"@id\":\"https:\\\/\\\/www.cftestataltarapaca.cl\\\/inicio\\\/#\\\/schema\\\/logo\\\/image\\\/\",\"url\":\"https:\\\/\\\/www.cftestataltarapaca.cl\\\/inicio\\\/wp-content\\\/uploads\\\/2019\\\/03\\\/logo-retina-1.png\",\"contentUrl\":\"https:\\\/\\\/www.cftestataltarapaca.cl\\\/inicio\\\/wp-content\\\/uploads\\\/2019\\\/03\\\/logo-retina-1.png\",\"width\":401,\"height\":150,\"caption\":\"CFT Estatal Tarapac\u00e1\"},\"image\":{\"@id\":\"https:\\\/\\\/www.cftestataltarapaca.cl\\\/inicio\\\/#\\\/schema\\\/logo\\\/image\\\/\"},\"sameAs\":[\"https:\\\/\\\/www.facebook.com\\\/CFTestataltarapaca\\\/\",\"https:\\\/\\\/x.com\\\/CFTesTarapaca\",\"https:\\\/\\\/www.instagram.com\\\/CFTestataltarapaca\\\/\"]},{\"@type\":\"Person\",\"@id\":\"https:\\\/\\\/www.cftestataltarapaca.cl\\\/inicio\\\/#\\\/schema\\\/person\\\/ad1fbfa1fa7c3d3889f4ae5401dd660e\",\"name\":\"Comunicaciones\",\"image\":{\"@type\":\"ImageObject\",\"inLanguage\":\"es\",\"@id\":\"https:\\\/\\\/secure.gravatar.com\\\/avatar\\\/ed1c2728327f20a5a62edaeb7dc181858f225b765044c5314c3d1059a1bd992f?s=96&d=mm&r=g\",\"url\":\"https:\\\/\\\/secure.gravatar.com\\\/avatar\\\/ed1c2728327f20a5a62edaeb7dc181858f225b765044c5314c3d1059a1bd992f?s=96&d=mm&r=g\",\"contentUrl\":\"https:\\\/\\\/secure.gravatar.com\\\/avatar\\\/ed1c2728327f20a5a62edaeb7dc181858f225b765044c5314c3d1059a1bd992f?s=96&d=mm&r=g\",\"caption\":\"Comunicaciones\"},\"sameAs\":[\"http:\\\/\\\/www.cftestataltarapaca.cl\"],\"url\":\"https:\\\/\\\/www.cftestataltarapaca.cl\\\/inicio\\\/author\\\/comunicaciones\\\/\"}]}<\/script>\n<!-- \/ Yoast SEO plugin. -->","yoast_head_json":{"title":"CFT Estatal Tarapac\u00e1 participa en Telet\u00f3n 2022 - CFT Estatal Tarapac\u00e1","robots":{"index":"index","follow":"follow","max-snippet":"max-snippet:-1","max-image-preview":"max-image-preview:large","max-video-preview":"max-video-preview:-1"},"canonical":"https:\/\/www.cftestataltarapaca.cl\/inicio\/2022\/11\/05\/cft-estatal-tarapaca-participa-en-teleton-2022\/","og_locale":"es_ES","og_type":"article","og_title":"CFT Estatal Tarapac\u00e1 participa en Telet\u00f3n 2022 - CFT Estatal Tarapac\u00e1","og_description":"Una destacada participaci\u00f3n tuvo el Centro de Formaci\u00f3n T\u00e9cnica Estatal de Tarapac\u00e1 en la jornada solidaria de Telet\u00f3n 2022 realizada afuera del Centro Telet\u00f3n Iquique, en donde se hizo entrega...","og_url":"https:\/\/www.cftestataltarapaca.cl\/inicio\/2022\/11\/05\/cft-estatal-tarapaca-participa-en-teleton-2022\/","og_site_name":"CFT Estatal Tarapac\u00e1","article_publisher":"https:\/\/www.facebook.com\/CFTestataltarapaca\/","article_published_time":"2022-11-05T18:36:54+00:00","article_modified_time":"2022-12-21T16:18:59+00:00","og_image":[{"width":1440,"height":1024,"url":"https:\/\/www.cftestataltarapaca.cl\/inicio\/wp-content\/uploads\/2022\/12\/teleton.jpg","type":"image\/jpeg"}],"author":"Comunicaciones","twitter_card":"summary_large_image","twitter_creator":"@CFTesTarapaca","twitter_site":"@CFTesTarapaca","twitter_misc":{"Escrito por":"Comunicaciones","Tiempo de lectura":"1 minuto"},"schema":{"@context":"https:\/\/schema.org","@graph":[{"@type":"Article","@id":"https:\/\/www.cftestataltarapaca.cl\/inicio\/2022\/11\/05\/cft-estatal-tarapaca-participa-en-teleton-2022\/#article","isPartOf":{"@id":"https:\/\/www.cftestataltarapaca.cl\/inicio\/2022\/11\/05\/cft-estatal-tarapaca-participa-en-teleton-2022\/"},"author":{"name":"Comunicaciones","@id":"https:\/\/www.cftestataltarapaca.cl\/inicio\/#\/schema\/person\/ad1fbfa1fa7c3d3889f4ae5401dd660e"},"headline":"CFT Estatal Tarapac\u00e1 participa en Telet\u00f3n 2022","datePublished":"2022-11-05T18:36:54+00:00","dateModified":"2022-12-21T16:18:59+00:00","mainEntityOfPage":{"@id":"https:\/\/www.cftestataltarapaca.cl\/inicio\/2022\/11\/05\/cft-estatal-tarapaca-participa-en-teleton-2022\/"},"wordCount":181,"commentCount":0,"publisher":{"@id":"https:\/\/www.cftestataltarapaca.cl\/inicio\/#organization"},"image":{"@id":"https:\/\/www.cftestataltarapaca.cl\/inicio\/2022\/11\/05\/cft-estatal-tarapaca-participa-en-teleton-2022\/#primaryimage"},"thumbnailUrl":"https:\/\/www.cftestataltarapaca.cl\/inicio\/wp-content\/uploads\/2022\/12\/teleton.jpg","inLanguage":"es","potentialAction":[{"@type":"CommentAction","name":"Comment","target":["https:\/\/www.cftestataltarapaca.cl\/inicio\/2022\/11\/05\/cft-estatal-tarapaca-participa-en-teleton-2022\/#respond"]}]},{"@type":"WebPage","@id":"https:\/\/www.cftestataltarapaca.cl\/inicio\/2022\/11\/05\/cft-estatal-tarapaca-participa-en-teleton-2022\/","url":"https:\/\/www.cftestataltarapaca.cl\/inicio\/2022\/11\/05\/cft-estatal-tarapaca-participa-en-teleton-2022\/","name":"CFT Estatal Tarapac\u00e1 participa en Telet\u00f3n 2022 - CFT Estatal Tarapac\u00e1","isPartOf":{"@id":"https:\/\/www.cftestataltarapaca.cl\/inicio\/#website"},"primaryImageOfPage":{"@id":"https:\/\/www.cftestataltarapaca.cl\/inicio\/2022\/11\/05\/cft-estatal-tarapaca-participa-en-teleton-2022\/#primaryimage"},"image":{"@id":"https:\/\/www.cftestataltarapaca.cl\/inicio\/2022\/11\/05\/cft-estatal-tarapaca-participa-en-teleton-2022\/#primaryimage"},"thumbnailUrl":"https:\/\/www.cftestataltarapaca.cl\/inicio\/wp-content\/uploads\/2022\/12\/teleton.jpg","datePublished":"2022-11-05T18:36:54+00:00","dateModified":"2022-12-21T16:18:59+00:00","breadcrumb":{"@id":"https:\/\/www.cftestataltarapaca.cl\/inicio\/2022\/11\/05\/cft-estatal-tarapaca-participa-en-teleton-2022\/#breadcrumb"},"inLanguage":"es","potentialAction":[{"@type":"ReadAction","target":["https:\/\/www.cftestataltarapaca.cl\/inicio\/2022\/11\/05\/cft-estatal-tarapaca-participa-en-teleton-2022\/"]}]},{"@type":"ImageObject","inLanguage":"es","@id":"https:\/\/www.cftestataltarapaca.cl\/inicio\/2022\/11\/05\/cft-estatal-tarapaca-participa-en-teleton-2022\/#primaryimage","url":"https:\/\/www.cftestataltarapaca.cl\/inicio\/wp-content\/uploads\/2022\/12\/teleton.jpg","contentUrl":"https:\/\/www.cftestataltarapaca.cl\/inicio\/wp-content\/uploads\/2022\/12\/teleton.jpg","width":1440,"height":1024},{"@type":"BreadcrumbList","@id":"https:\/\/www.cftestataltarapaca.cl\/inicio\/2022\/11\/05\/cft-estatal-tarapaca-participa-en-teleton-2022\/#breadcrumb","itemListElement":[{"@type":"ListItem","position":1,"name":"Portada","item":"https:\/\/www.cftestataltarapaca.cl\/inicio\/"},{"@type":"ListItem","position":2,"name":"CFT Estatal Tarapac\u00e1 participa en Telet\u00f3n 2022"}]},{"@type":"WebSite","@id":"https:\/\/www.cftestataltarapaca.cl\/inicio\/#website","url":"https:\/\/www.cftestataltarapaca.cl\/inicio\/","name":"CFT Estatal Tarapac\u00e1","description":"Admisi\u00f3n 2025","publisher":{"@id":"https:\/\/www.cftestataltarapaca.cl\/inicio\/#organization"},"potentialAction":[{"@type":"SearchAction","target":{"@type":"EntryPoint","urlTemplate":"https:\/\/www.cftestataltarapaca.cl\/inicio\/?s={search_term_string}"},"query-input":{"@type":"PropertyValueSpecification","valueRequired":true,"valueName":"search_term_string"}}],"inLanguage":"es"},{"@type":"Organization","@id":"https:\/\/www.cftestataltarapaca.cl\/inicio\/#organization","name":"CFT Estatal Tarapac\u00e1","url":"https:\/\/www.cftestataltarapaca.cl\/inicio\/","logo":{"@type":"ImageObject","inLanguage":"es","@id":"https:\/\/www.cftestataltarapaca.cl\/inicio\/#\/schema\/logo\/image\/","url":"https:\/\/www.cftestataltarapaca.cl\/inicio\/wp-content\/uploads\/2019\/03\/logo-retina-1.png","contentUrl":"https:\/\/www.cftestataltarapaca.cl\/inicio\/wp-content\/uploads\/2019\/03\/logo-retina-1.png","width":401,"height":150,"caption":"CFT Estatal Tarapac\u00e1"},"image":{"@id":"https:\/\/www.cftestataltarapaca.cl\/inicio\/#\/schema\/logo\/image\/"},"sameAs":["https:\/\/www.facebook.com\/CFTestataltarapaca\/","https:\/\/x.com\/CFTesTarapaca","https:\/\/www.instagram.com\/CFTestataltarapaca\/"]},{"@type":"Person","@id":"https:\/\/www.cftestataltarapaca.cl\/inicio\/#\/schema\/person\/ad1fbfa1fa7c3d3889f4ae5401dd660e","name":"Comunicaciones","image":{"@type":"ImageObject","inLanguage":"es","@id":"https:\/\/secure.gravatar.com\/avatar\/ed1c2728327f20a5a62edaeb7dc181858f225b765044c5314c3d1059a1bd992f?s=96&d=mm&r=g","url":"https:\/\/secure.gravatar.com\/avatar\/ed1c2728327f20a5a62edaeb7dc181858f225b765044c5314c3d1059a1bd992f?s=96&d=mm&r=g","contentUrl":"https:\/\/secure.gravatar.com\/avatar\/ed1c2728327f20a5a62edaeb7dc181858f225b765044c5314c3d1059a1bd992f?s=96&d=mm&r=g","caption":"Comunicaciones"},"sameAs":["http:\/\/www.cftestataltarapaca.cl"],"url":"https:\/\/www.cftestataltarapaca.cl\/inicio\/author\/comunicaciones\/"}]}},"publishpress_future_action":{"enabled":false,"date":"2026-05-08 13:51:03","action":"change-status","newStatus":"draft","terms":[],"taxonomy":"category","extraData":[]},"publishpress_future_workflow_manual_trigger":{"enabledWorkflows":[]},"_links":{"self":[{"href":"https:\/\/www.cftestataltarapaca.cl\/inicio\/wp-json\/wp\/v2\/posts\/9619","targetHints":{"allow":["GET"]}}],"collection":[{"href":"https:\/\/www.cftestataltarapaca.cl\/inicio\/wp-json\/wp\/v2\/posts"}],"about":[{"href":"https:\/\/www.cftestataltarapaca.cl\/inicio\/wp-json\/wp\/v2\/types\/post"}],"author":[{"embeddable":true,"href":"https:\/\/www.cftestataltarapaca.cl\/inicio\/wp-json\/wp\/v2\/users\/2"}],"replies":[{"embeddable":true,"href":"https:\/\/www.cftestataltarapaca.cl\/inicio\/wp-json\/wp\/v2\/comments?post=9619"}],"version-history":[{"count":3,"href":"https:\/\/www.cftestataltarapaca.cl\/inicio\/wp-json\/wp\/v2\/posts\/9619\/revisions"}],"predecessor-version":[{"id":9629,"href":"https:\/\/www.cftestataltarapaca.cl\/inicio\/wp-json\/wp\/v2\/posts\/9619\/revisions\/9629"}],"wp:featuredmedia":[{"embeddable":true,"href":"https:\/\/www.cftestataltarapaca.cl\/inicio\/wp-json\/wp\/v2\/media\/9620"}],"wp:attachment":[{"href":"https:\/\/www.cftestataltarapaca.cl\/inicio\/wp-json\/wp\/v2\/media?parent=9619"}],"wp:term":[{"taxonomy":"category","embeddable":true,"href":"https:\/\/www.cftestataltarapaca.cl\/inicio\/wp-json\/wp\/v2\/categories?post=9619"},{"taxonomy":"post_tag","embeddable":true,"href":"https:\/\/www.cftestataltarapaca.cl\/inicio\/wp-json\/wp\/v2\/tags?post=9619"}],"curies":[{"name":"wp","href":"https:\/\/api.w.org\/{rel}","templated":true}]}}