{"id":9654,"date":"2023-01-11T13:53:03","date_gmt":"2023-01-11T13:53:03","guid":{"rendered":"https:\/\/www.cftestataltarapaca.cl\/inicio\/?p=9654"},"modified":"2023-06-19T17:44:15","modified_gmt":"2023-06-19T17:44:15","slug":"egresada-de-tns-electrico-en-energias-renovables-expone-en-convocatoria-nacional","status":"publish","type":"post","link":"https:\/\/www.cftestataltarapaca.cl\/inicio\/2023\/01\/11\/egresada-de-tns-electrico-en-energias-renovables-expone-en-convocatoria-nacional\/","title":{"rendered":"Egresada de TNS El\u00e9ctrico en Energ\u00edas Renovables expone en convocatoria nacional"},"content":{"rendered":"<button id=\"bb1\" type=\"button\" value=\"Play\" class=\"responsivevoice-button\" title=\"ResponsiveVoice Tap to Start\/Stop Speech\"><span>&#128266; Escuchar<\/span><\/button>\n        <script>\n            bb1.onclick = function(){\n                if(responsiveVoice.isPlaying()){\n                    responsiveVoice.cancel();\n                }else{\n                    responsiveVoice.speak(\"Susanna Garc\u00eda Mamani, fue convocada a exponer su experiencia en el Encuentro Nacional de Energ\u00eda El\u00e9ctrica ante el Presidente, Gabriel Boric y el ministro de Energ\u00eda, Diego Pardow. La actividad organizada por las organizaciones Generadoras de Chile, la Asociaci\u00f3n de Transmisores de Chile y el Directorio de Empresas El\u00e9ctricas AG, reuni\u00f3 a representantes de diversas empresas e instituciones del pa\u00eds vinculados al \u00e1rea energ\u00e9tica y \u00a0\u00a0fue realizada en la ciudad de Santiago, hasta donde fue invitada Sussana Garc\u00eda, egresada de T\u00e9cnico de Nivel Superior de El\u00e9ctrico en Energ\u00edas Renovables en el Centro de Formaci\u00f3n T\u00e9cnica (CFT) Estatal de la Regi\u00f3n \u00a0de Tarapac\u00e1. Seg\u00fan explic\u00f3 la estudiante aymara proveniente de la localidad de Ancuaque, en la comuna de Colchane, quien fue acompa\u00f1ada por su pareja y el jefe de carrera,\u00a0 ingeniero el\u00e9ctrico, \u00a0Benjam\u00edn Gonz\u00e1lez, \u201cesta fue una importante oportunidad para mi de poder exponer las problem\u00e1ticas en cuanto a la electricidad que afectan a mi comunidad, pude visibilizar la necesidad y las oportunidades que hay para desarrollar la energ\u00eda renovable en el territorio, especialmente en las comunidades m\u00e1s peque\u00f1as como la m\u00eda\u201d destac\u00f3. Agregando, que gracias a la profesionalizaci\u00f3n que ha realizado en el \u00e1mbito durante su formaci\u00f3n en el CFT Estatal de la regi\u00f3n de Tarapac\u00e1 \u201che podido ganar nuevas herramientas para aportar en la soluci\u00f3n de estos problemas, ense\u00f1ando tambi\u00e9n a otras mujeres de mi comunidad y de otros lugares como Puerto Rico donde pude viajar\u201d resalt\u00f3. En el encuentro, al que asisti\u00f3 el presidente de la Rep\u00fablica, Gabriel Boric y el ministro de Energ\u00eda Diego Pardow, la futura profesional T\u00e9cnico para Tarapac\u00e1 invit\u00f3 a la m\u00e1xima autoridad nacional a visitar su comunidad para empaparse de la realidad y las problem\u00e1ticas que implican la falta de acceso a la electricidad. \u201cAunque esto (los problemas) deben ser tambi\u00e9n una motivaci\u00f3n para\u00a0 nosotros los estudiantes o futuros profesionales\u2026 para prepararnos m\u00e1s, aprovechar las oportunidades que esto significa para nuestra zona, tenemos que seguir estudiando para poder aportar a nuestras comunidades, a nuestra regi\u00f3n y en lo que tiene que ver con energ\u00edas renovables a todo el pa\u00eds, porque hay muchas oportunidades laborales en esta \u00e1rea\u201d, resalt\u00f3. Ante la participaci\u00f3n de la estudiante en este importante encuentro, el rector del CFT Estatal de la regi\u00f3n de Tarapac\u00e1, Jorge Villegas Ahumada, destac\u00f3 que \u201cen lo logrado por Sussana, podemos ver reflejado el \u00e9xito de nuestra gesti\u00f3n en la formaci\u00f3n de los t\u00e9cnicos para la regi\u00f3n, pues se aprecia el compromiso con su territorio y las ganas de prepararse para aportar en \u00e9l. Prepar\u00e1ndose con plena conciencia de la importancia de su rol como profesional en el desarrollo de su comunidad\u201d, afirm\u00f3. Agregando que \u00a0\u201cesto da plena coherencia al respaldo que seguimos recibiendo, esta vez con la aprobaci\u00f3n completa del presupuesto 2023 por parte de nuestro directorio, que nos permite financiar lo necesario para que m\u00e1s estudiantes como Sussana sigan aportando al desarrollo de la regi\u00f3n y especialmente de sus familias. Siendo destacados y posicion\u00e1ndonos como uno de los CFT del pa\u00eds con mayor proyecci\u00f3n de crecimiento sustentable econ\u00f3micamente hablando\u201d destac\u00f3.\", \"Spanish Latin American Female\");\n                }\n            };\n        <\/script>\n    \n<p style=\"text-align: justify;\"><em>Susanna Garc\u00eda Mamani, fue convocada a exponer su experiencia en el Encuentro Nacional de Energ\u00eda El\u00e9ctrica ante el Presidente, Gabriel Boric y el ministro de Energ\u00eda, Diego Pardow.<\/em><!--more--><\/p>\n<p style=\"text-align: justify;\">La actividad organizada por las organizaciones Generadoras de Chile, la Asociaci\u00f3n de Transmisores de Chile y el Directorio de Empresas El\u00e9ctricas AG, reuni\u00f3 a representantes de diversas empresas e instituciones del pa\u00eds vinculados al \u00e1rea energ\u00e9tica y \u00a0\u00a0fue realizada en la ciudad de Santiago, hasta donde fue invitada Sussana Garc\u00eda, egresada de T\u00e9cnico de Nivel Superior de El\u00e9ctrico en Energ\u00edas Renovables en el Centro de Formaci\u00f3n T\u00e9cnica (CFT) Estatal de la Regi\u00f3n \u00a0de Tarapac\u00e1.<\/p>\n<p style=\"text-align: justify;\">Seg\u00fan explic\u00f3 la estudiante aymara proveniente de la localidad de Ancuaque, en la comuna de Colchane, quien fue acompa\u00f1ada por su pareja y el jefe de carrera,\u00a0 ingeniero el\u00e9ctrico, \u00a0Benjam\u00edn Gonz\u00e1lez, \u201cesta fue una importante oportunidad para mi de poder exponer las problem\u00e1ticas en cuanto a la electricidad que afectan a mi comunidad, pude visibilizar la necesidad y las oportunidades que hay para desarrollar la energ\u00eda renovable en el territorio, especialmente en las comunidades m\u00e1s peque\u00f1as como la m\u00eda\u201d destac\u00f3. Agregando, que gracias a la profesionalizaci\u00f3n que ha realizado en el \u00e1mbito durante su formaci\u00f3n en el CFT Estatal de la regi\u00f3n de Tarapac\u00e1 \u201che podido ganar nuevas herramientas para aportar en la soluci\u00f3n de estos problemas, ense\u00f1ando tambi\u00e9n a otras mujeres de mi comunidad y de otros lugares como Puerto Rico donde pude viajar\u201d resalt\u00f3.<\/p>\n<p style=\"text-align: justify;\">En el encuentro, al que asisti\u00f3 el presidente de la Rep\u00fablica, Gabriel Boric y el ministro de Energ\u00eda Diego Pardow, la futura profesional T\u00e9cnico para Tarapac\u00e1 invit\u00f3 a la m\u00e1xima autoridad nacional a visitar su comunidad para empaparse de la realidad y las problem\u00e1ticas que implican la falta de acceso a la electricidad.<\/p>\n<p style=\"text-align: justify;\">\u201cAunque esto (los problemas) deben ser tambi\u00e9n una motivaci\u00f3n para\u00a0 nosotros los estudiantes o futuros profesionales\u2026 para prepararnos m\u00e1s, aprovechar las oportunidades que esto significa para nuestra zona, tenemos que seguir estudiando para poder aportar a nuestras comunidades, a nuestra regi\u00f3n y en lo que tiene que ver con energ\u00edas renovables a todo el pa\u00eds, porque hay muchas oportunidades laborales en esta \u00e1rea\u201d, resalt\u00f3.<\/p>\n<p style=\"text-align: justify;\">Ante la participaci\u00f3n de la estudiante en este importante encuentro, el rector del CFT Estatal de la regi\u00f3n de Tarapac\u00e1, Jorge Villegas Ahumada, destac\u00f3 que \u201cen lo logrado por Sussana, podemos ver reflejado el \u00e9xito de nuestra gesti\u00f3n en la formaci\u00f3n de los t\u00e9cnicos para la regi\u00f3n, pues se aprecia el compromiso con su territorio y las ganas de prepararse para aportar en \u00e9l. Prepar\u00e1ndose con plena conciencia de la importancia de su rol como profesional en el desarrollo de su comunidad\u201d, afirm\u00f3.<\/p>\n<p style=\"text-align: justify;\">Agregando que \u00a0\u201cesto da plena coherencia al respaldo que seguimos recibiendo, esta vez con la aprobaci\u00f3n completa del presupuesto 2023 por parte de nuestro directorio, que nos permite financiar lo necesario para que m\u00e1s estudiantes como Sussana sigan aportando al desarrollo de la regi\u00f3n y especialmente de sus familias. Siendo destacados y posicion\u00e1ndonos como uno de los CFT del pa\u00eds con mayor proyecci\u00f3n de crecimiento sustentable econ\u00f3micamente hablando\u201d destac\u00f3.<\/p>\n\n","protected":false},"excerpt":{"rendered":"<p>Susanna Garc\u00eda Mamani, fue convocada a exponer su experiencia en el Encuentro Nacional de Energ\u00eda El\u00e9ctrica ante el Presidente, Gabriel Boric y el ministro de Energ\u00eda, Diego Pardow.<\/p>\n","protected":false},"author":2,"featured_media":9655,"comment_status":"open","ping_status":"open","sticky":false,"template":"","format":"standard","meta":{"_joinchat":[],"footnotes":""},"categories":[186,52],"tags":[],"class_list":["post-9654","post","type-post","status-publish","format-standard","has-post-thumbnail","hentry","category-asuntos-estudiantiles","category-comunicados"],"yoast_head":"<!-- This site is optimized with the Yoast SEO plugin v27.4 - https:\/\/yoast.com\/product\/yoast-seo-wordpress\/ -->\n<title>Egresada de TNS El\u00e9ctrico en Energ\u00edas Renovables expone en convocatoria nacional - CFT Estatal Tarapac\u00e1<\/title>\n<meta name=\"robots\" content=\"index, follow, max-snippet:-1, max-image-preview:large, max-video-preview:-1\" \/>\n<link rel=\"canonical\" href=\"https:\/\/www.cftestataltarapaca.cl\/inicio\/2023\/01\/11\/egresada-de-tns-electrico-en-energias-renovables-expone-en-convocatoria-nacional\/\" \/>\n<meta property=\"og:locale\" content=\"es_ES\" \/>\n<meta property=\"og:type\" content=\"article\" \/>\n<meta property=\"og:title\" content=\"Egresada de TNS El\u00e9ctrico en Energ\u00edas Renovables expone en convocatoria nacional - CFT Estatal Tarapac\u00e1\" \/>\n<meta property=\"og:description\" content=\"Susanna Garc\u00eda Mamani, fue convocada a exponer su experiencia en el Encuentro Nacional de Energ\u00eda El\u00e9ctrica ante el Presidente, Gabriel Boric y el ministro de Energ\u00eda, Diego Pardow.\" \/>\n<meta property=\"og:url\" content=\"https:\/\/www.cftestataltarapaca.cl\/inicio\/2023\/01\/11\/egresada-de-tns-electrico-en-energias-renovables-expone-en-convocatoria-nacional\/\" \/>\n<meta property=\"og:site_name\" content=\"CFT Estatal Tarapac\u00e1\" \/>\n<meta property=\"article:publisher\" content=\"https:\/\/www.facebook.com\/CFTestataltarapaca\/\" \/>\n<meta property=\"article:published_time\" content=\"2023-01-11T13:53:03+00:00\" \/>\n<meta property=\"article:modified_time\" content=\"2023-06-19T17:44:15+00:00\" \/>\n<meta property=\"og:image\" content=\"https:\/\/www.cftestataltarapaca.cl\/inicio\/wp-content\/uploads\/2023\/01\/1.jpeg\" \/>\n\t<meta property=\"og:image:width\" content=\"1280\" \/>\n\t<meta property=\"og:image:height\" content=\"919\" \/>\n\t<meta property=\"og:image:type\" content=\"image\/jpeg\" \/>\n<meta name=\"author\" content=\"Comunicaciones\" \/>\n<meta name=\"twitter:card\" content=\"summary_large_image\" \/>\n<meta name=\"twitter:creator\" content=\"@CFTesTarapaca\" \/>\n<meta name=\"twitter:site\" content=\"@CFTesTarapaca\" \/>\n<meta name=\"twitter:label1\" content=\"Escrito por\" \/>\n\t<meta name=\"twitter:data1\" content=\"Comunicaciones\" \/>\n\t<meta name=\"twitter:label2\" content=\"Tiempo de lectura\" \/>\n\t<meta name=\"twitter:data2\" content=\"3 minutos\" \/>\n<script type=\"application\/ld+json\" class=\"yoast-schema-graph\">{\"@context\":\"https:\\\/\\\/schema.org\",\"@graph\":[{\"@type\":\"Article\",\"@id\":\"https:\\\/\\\/www.cftestataltarapaca.cl\\\/inicio\\\/2023\\\/01\\\/11\\\/egresada-de-tns-electrico-en-energias-renovables-expone-en-convocatoria-nacional\\\/#article\",\"isPartOf\":{\"@id\":\"https:\\\/\\\/www.cftestataltarapaca.cl\\\/inicio\\\/2023\\\/01\\\/11\\\/egresada-de-tns-electrico-en-energias-renovables-expone-en-convocatoria-nacional\\\/\"},\"author\":{\"name\":\"Comunicaciones\",\"@id\":\"https:\\\/\\\/www.cftestataltarapaca.cl\\\/inicio\\\/#\\\/schema\\\/person\\\/ad1fbfa1fa7c3d3889f4ae5401dd660e\"},\"headline\":\"Egresada de TNS El\u00e9ctrico en Energ\u00edas Renovables expone en convocatoria nacional\",\"datePublished\":\"2023-01-11T13:53:03+00:00\",\"dateModified\":\"2023-06-19T17:44:15+00:00\",\"mainEntityOfPage\":{\"@id\":\"https:\\\/\\\/www.cftestataltarapaca.cl\\\/inicio\\\/2023\\\/01\\\/11\\\/egresada-de-tns-electrico-en-energias-renovables-expone-en-convocatoria-nacional\\\/\"},\"wordCount\":584,\"commentCount\":0,\"publisher\":{\"@id\":\"https:\\\/\\\/www.cftestataltarapaca.cl\\\/inicio\\\/#organization\"},\"image\":{\"@id\":\"https:\\\/\\\/www.cftestataltarapaca.cl\\\/inicio\\\/2023\\\/01\\\/11\\\/egresada-de-tns-electrico-en-energias-renovables-expone-en-convocatoria-nacional\\\/#primaryimage\"},\"thumbnailUrl\":\"https:\\\/\\\/www.cftestataltarapaca.cl\\\/inicio\\\/wp-content\\\/uploads\\\/2023\\\/01\\\/1.jpeg\",\"articleSection\":[\"Asuntos Estudiantiles\",\"Comunicados\"],\"inLanguage\":\"es\",\"potentialAction\":[{\"@type\":\"CommentAction\",\"name\":\"Comment\",\"target\":[\"https:\\\/\\\/www.cftestataltarapaca.cl\\\/inicio\\\/2023\\\/01\\\/11\\\/egresada-de-tns-electrico-en-energias-renovables-expone-en-convocatoria-nacional\\\/#respond\"]}]},{\"@type\":\"WebPage\",\"@id\":\"https:\\\/\\\/www.cftestataltarapaca.cl\\\/inicio\\\/2023\\\/01\\\/11\\\/egresada-de-tns-electrico-en-energias-renovables-expone-en-convocatoria-nacional\\\/\",\"url\":\"https:\\\/\\\/www.cftestataltarapaca.cl\\\/inicio\\\/2023\\\/01\\\/11\\\/egresada-de-tns-electrico-en-energias-renovables-expone-en-convocatoria-nacional\\\/\",\"name\":\"Egresada de TNS El\u00e9ctrico en Energ\u00edas Renovables expone en convocatoria nacional - CFT Estatal Tarapac\u00e1\",\"isPartOf\":{\"@id\":\"https:\\\/\\\/www.cftestataltarapaca.cl\\\/inicio\\\/#website\"},\"primaryImageOfPage\":{\"@id\":\"https:\\\/\\\/www.cftestataltarapaca.cl\\\/inicio\\\/2023\\\/01\\\/11\\\/egresada-de-tns-electrico-en-energias-renovables-expone-en-convocatoria-nacional\\\/#primaryimage\"},\"image\":{\"@id\":\"https:\\\/\\\/www.cftestataltarapaca.cl\\\/inicio\\\/2023\\\/01\\\/11\\\/egresada-de-tns-electrico-en-energias-renovables-expone-en-convocatoria-nacional\\\/#primaryimage\"},\"thumbnailUrl\":\"https:\\\/\\\/www.cftestataltarapaca.cl\\\/inicio\\\/wp-content\\\/uploads\\\/2023\\\/01\\\/1.jpeg\",\"datePublished\":\"2023-01-11T13:53:03+00:00\",\"dateModified\":\"2023-06-19T17:44:15+00:00\",\"breadcrumb\":{\"@id\":\"https:\\\/\\\/www.cftestataltarapaca.cl\\\/inicio\\\/2023\\\/01\\\/11\\\/egresada-de-tns-electrico-en-energias-renovables-expone-en-convocatoria-nacional\\\/#breadcrumb\"},\"inLanguage\":\"es\",\"potentialAction\":[{\"@type\":\"ReadAction\",\"target\":[\"https:\\\/\\\/www.cftestataltarapaca.cl\\\/inicio\\\/2023\\\/01\\\/11\\\/egresada-de-tns-electrico-en-energias-renovables-expone-en-convocatoria-nacional\\\/\"]}]},{\"@type\":\"ImageObject\",\"inLanguage\":\"es\",\"@id\":\"https:\\\/\\\/www.cftestataltarapaca.cl\\\/inicio\\\/2023\\\/01\\\/11\\\/egresada-de-tns-electrico-en-energias-renovables-expone-en-convocatoria-nacional\\\/#primaryimage\",\"url\":\"https:\\\/\\\/www.cftestataltarapaca.cl\\\/inicio\\\/wp-content\\\/uploads\\\/2023\\\/01\\\/1.jpeg\",\"contentUrl\":\"https:\\\/\\\/www.cftestataltarapaca.cl\\\/inicio\\\/wp-content\\\/uploads\\\/2023\\\/01\\\/1.jpeg\",\"width\":1280,\"height\":919},{\"@type\":\"BreadcrumbList\",\"@id\":\"https:\\\/\\\/www.cftestataltarapaca.cl\\\/inicio\\\/2023\\\/01\\\/11\\\/egresada-de-tns-electrico-en-energias-renovables-expone-en-convocatoria-nacional\\\/#breadcrumb\",\"itemListElement\":[{\"@type\":\"ListItem\",\"position\":1,\"name\":\"Portada\",\"item\":\"https:\\\/\\\/www.cftestataltarapaca.cl\\\/inicio\\\/\"},{\"@type\":\"ListItem\",\"position\":2,\"name\":\"Egresada de TNS El\u00e9ctrico en Energ\u00edas Renovables expone en convocatoria nacional\"}]},{\"@type\":\"WebSite\",\"@id\":\"https:\\\/\\\/www.cftestataltarapaca.cl\\\/inicio\\\/#website\",\"url\":\"https:\\\/\\\/www.cftestataltarapaca.cl\\\/inicio\\\/\",\"name\":\"CFT Estatal Tarapac\u00e1\",\"description\":\"Admisi\u00f3n 2025\",\"publisher\":{\"@id\":\"https:\\\/\\\/www.cftestataltarapaca.cl\\\/inicio\\\/#organization\"},\"potentialAction\":[{\"@type\":\"SearchAction\",\"target\":{\"@type\":\"EntryPoint\",\"urlTemplate\":\"https:\\\/\\\/www.cftestataltarapaca.cl\\\/inicio\\\/?s={search_term_string}\"},\"query-input\":{\"@type\":\"PropertyValueSpecification\",\"valueRequired\":true,\"valueName\":\"search_term_string\"}}],\"inLanguage\":\"es\"},{\"@type\":\"Organization\",\"@id\":\"https:\\\/\\\/www.cftestataltarapaca.cl\\\/inicio\\\/#organization\",\"name\":\"CFT Estatal Tarapac\u00e1\",\"url\":\"https:\\\/\\\/www.cftestataltarapaca.cl\\\/inicio\\\/\",\"logo\":{\"@type\":\"ImageObject\",\"inLanguage\":\"es\",\"@id\":\"https:\\\/\\\/www.cftestataltarapaca.cl\\\/inicio\\\/#\\\/schema\\\/logo\\\/image\\\/\",\"url\":\"https:\\\/\\\/www.cftestataltarapaca.cl\\\/inicio\\\/wp-content\\\/uploads\\\/2019\\\/03\\\/logo-retina-1.png\",\"contentUrl\":\"https:\\\/\\\/www.cftestataltarapaca.cl\\\/inicio\\\/wp-content\\\/uploads\\\/2019\\\/03\\\/logo-retina-1.png\",\"width\":401,\"height\":150,\"caption\":\"CFT Estatal Tarapac\u00e1\"},\"image\":{\"@id\":\"https:\\\/\\\/www.cftestataltarapaca.cl\\\/inicio\\\/#\\\/schema\\\/logo\\\/image\\\/\"},\"sameAs\":[\"https:\\\/\\\/www.facebook.com\\\/CFTestataltarapaca\\\/\",\"https:\\\/\\\/x.com\\\/CFTesTarapaca\",\"https:\\\/\\\/www.instagram.com\\\/CFTestataltarapaca\\\/\"]},{\"@type\":\"Person\",\"@id\":\"https:\\\/\\\/www.cftestataltarapaca.cl\\\/inicio\\\/#\\\/schema\\\/person\\\/ad1fbfa1fa7c3d3889f4ae5401dd660e\",\"name\":\"Comunicaciones\",\"image\":{\"@type\":\"ImageObject\",\"inLanguage\":\"es\",\"@id\":\"https:\\\/\\\/secure.gravatar.com\\\/avatar\\\/ed1c2728327f20a5a62edaeb7dc181858f225b765044c5314c3d1059a1bd992f?s=96&d=mm&r=g\",\"url\":\"https:\\\/\\\/secure.gravatar.com\\\/avatar\\\/ed1c2728327f20a5a62edaeb7dc181858f225b765044c5314c3d1059a1bd992f?s=96&d=mm&r=g\",\"contentUrl\":\"https:\\\/\\\/secure.gravatar.com\\\/avatar\\\/ed1c2728327f20a5a62edaeb7dc181858f225b765044c5314c3d1059a1bd992f?s=96&d=mm&r=g\",\"caption\":\"Comunicaciones\"},\"sameAs\":[\"http:\\\/\\\/www.cftestataltarapaca.cl\"],\"url\":\"https:\\\/\\\/www.cftestataltarapaca.cl\\\/inicio\\\/author\\\/comunicaciones\\\/\"}]}<\/script>\n<!-- \/ Yoast SEO plugin. -->","yoast_head_json":{"title":"Egresada de TNS El\u00e9ctrico en Energ\u00edas Renovables expone en convocatoria nacional - CFT Estatal Tarapac\u00e1","robots":{"index":"index","follow":"follow","max-snippet":"max-snippet:-1","max-image-preview":"max-image-preview:large","max-video-preview":"max-video-preview:-1"},"canonical":"https:\/\/www.cftestataltarapaca.cl\/inicio\/2023\/01\/11\/egresada-de-tns-electrico-en-energias-renovables-expone-en-convocatoria-nacional\/","og_locale":"es_ES","og_type":"article","og_title":"Egresada de TNS El\u00e9ctrico en Energ\u00edas Renovables expone en convocatoria nacional - CFT Estatal Tarapac\u00e1","og_description":"Susanna Garc\u00eda Mamani, fue convocada a exponer su experiencia en el Encuentro Nacional de Energ\u00eda El\u00e9ctrica ante el Presidente, Gabriel Boric y el ministro de Energ\u00eda, Diego Pardow.","og_url":"https:\/\/www.cftestataltarapaca.cl\/inicio\/2023\/01\/11\/egresada-de-tns-electrico-en-energias-renovables-expone-en-convocatoria-nacional\/","og_site_name":"CFT Estatal Tarapac\u00e1","article_publisher":"https:\/\/www.facebook.com\/CFTestataltarapaca\/","article_published_time":"2023-01-11T13:53:03+00:00","article_modified_time":"2023-06-19T17:44:15+00:00","og_image":[{"width":1280,"height":919,"url":"https:\/\/www.cftestataltarapaca.cl\/inicio\/wp-content\/uploads\/2023\/01\/1.jpeg","type":"image\/jpeg"}],"author":"Comunicaciones","twitter_card":"summary_large_image","twitter_creator":"@CFTesTarapaca","twitter_site":"@CFTesTarapaca","twitter_misc":{"Escrito por":"Comunicaciones","Tiempo de lectura":"3 minutos"},"schema":{"@context":"https:\/\/schema.org","@graph":[{"@type":"Article","@id":"https:\/\/www.cftestataltarapaca.cl\/inicio\/2023\/01\/11\/egresada-de-tns-electrico-en-energias-renovables-expone-en-convocatoria-nacional\/#article","isPartOf":{"@id":"https:\/\/www.cftestataltarapaca.cl\/inicio\/2023\/01\/11\/egresada-de-tns-electrico-en-energias-renovables-expone-en-convocatoria-nacional\/"},"author":{"name":"Comunicaciones","@id":"https:\/\/www.cftestataltarapaca.cl\/inicio\/#\/schema\/person\/ad1fbfa1fa7c3d3889f4ae5401dd660e"},"headline":"Egresada de TNS El\u00e9ctrico en Energ\u00edas Renovables expone en convocatoria nacional","datePublished":"2023-01-11T13:53:03+00:00","dateModified":"2023-06-19T17:44:15+00:00","mainEntityOfPage":{"@id":"https:\/\/www.cftestataltarapaca.cl\/inicio\/2023\/01\/11\/egresada-de-tns-electrico-en-energias-renovables-expone-en-convocatoria-nacional\/"},"wordCount":584,"commentCount":0,"publisher":{"@id":"https:\/\/www.cftestataltarapaca.cl\/inicio\/#organization"},"image":{"@id":"https:\/\/www.cftestataltarapaca.cl\/inicio\/2023\/01\/11\/egresada-de-tns-electrico-en-energias-renovables-expone-en-convocatoria-nacional\/#primaryimage"},"thumbnailUrl":"https:\/\/www.cftestataltarapaca.cl\/inicio\/wp-content\/uploads\/2023\/01\/1.jpeg","articleSection":["Asuntos Estudiantiles","Comunicados"],"inLanguage":"es","potentialAction":[{"@type":"CommentAction","name":"Comment","target":["https:\/\/www.cftestataltarapaca.cl\/inicio\/2023\/01\/11\/egresada-de-tns-electrico-en-energias-renovables-expone-en-convocatoria-nacional\/#respond"]}]},{"@type":"WebPage","@id":"https:\/\/www.cftestataltarapaca.cl\/inicio\/2023\/01\/11\/egresada-de-tns-electrico-en-energias-renovables-expone-en-convocatoria-nacional\/","url":"https:\/\/www.cftestataltarapaca.cl\/inicio\/2023\/01\/11\/egresada-de-tns-electrico-en-energias-renovables-expone-en-convocatoria-nacional\/","name":"Egresada de TNS El\u00e9ctrico en Energ\u00edas Renovables expone en convocatoria nacional - CFT Estatal Tarapac\u00e1","isPartOf":{"@id":"https:\/\/www.cftestataltarapaca.cl\/inicio\/#website"},"primaryImageOfPage":{"@id":"https:\/\/www.cftestataltarapaca.cl\/inicio\/2023\/01\/11\/egresada-de-tns-electrico-en-energias-renovables-expone-en-convocatoria-nacional\/#primaryimage"},"image":{"@id":"https:\/\/www.cftestataltarapaca.cl\/inicio\/2023\/01\/11\/egresada-de-tns-electrico-en-energias-renovables-expone-en-convocatoria-nacional\/#primaryimage"},"thumbnailUrl":"https:\/\/www.cftestataltarapaca.cl\/inicio\/wp-content\/uploads\/2023\/01\/1.jpeg","datePublished":"2023-01-11T13:53:03+00:00","dateModified":"2023-06-19T17:44:15+00:00","breadcrumb":{"@id":"https:\/\/www.cftestataltarapaca.cl\/inicio\/2023\/01\/11\/egresada-de-tns-electrico-en-energias-renovables-expone-en-convocatoria-nacional\/#breadcrumb"},"inLanguage":"es","potentialAction":[{"@type":"ReadAction","target":["https:\/\/www.cftestataltarapaca.cl\/inicio\/2023\/01\/11\/egresada-de-tns-electrico-en-energias-renovables-expone-en-convocatoria-nacional\/"]}]},{"@type":"ImageObject","inLanguage":"es","@id":"https:\/\/www.cftestataltarapaca.cl\/inicio\/2023\/01\/11\/egresada-de-tns-electrico-en-energias-renovables-expone-en-convocatoria-nacional\/#primaryimage","url":"https:\/\/www.cftestataltarapaca.cl\/inicio\/wp-content\/uploads\/2023\/01\/1.jpeg","contentUrl":"https:\/\/www.cftestataltarapaca.cl\/inicio\/wp-content\/uploads\/2023\/01\/1.jpeg","width":1280,"height":919},{"@type":"BreadcrumbList","@id":"https:\/\/www.cftestataltarapaca.cl\/inicio\/2023\/01\/11\/egresada-de-tns-electrico-en-energias-renovables-expone-en-convocatoria-nacional\/#breadcrumb","itemListElement":[{"@type":"ListItem","position":1,"name":"Portada","item":"https:\/\/www.cftestataltarapaca.cl\/inicio\/"},{"@type":"ListItem","position":2,"name":"Egresada de TNS El\u00e9ctrico en Energ\u00edas Renovables expone en convocatoria nacional"}]},{"@type":"WebSite","@id":"https:\/\/www.cftestataltarapaca.cl\/inicio\/#website","url":"https:\/\/www.cftestataltarapaca.cl\/inicio\/","name":"CFT Estatal Tarapac\u00e1","description":"Admisi\u00f3n 2025","publisher":{"@id":"https:\/\/www.cftestataltarapaca.cl\/inicio\/#organization"},"potentialAction":[{"@type":"SearchAction","target":{"@type":"EntryPoint","urlTemplate":"https:\/\/www.cftestataltarapaca.cl\/inicio\/?s={search_term_string}"},"query-input":{"@type":"PropertyValueSpecification","valueRequired":true,"valueName":"search_term_string"}}],"inLanguage":"es"},{"@type":"Organization","@id":"https:\/\/www.cftestataltarapaca.cl\/inicio\/#organization","name":"CFT Estatal Tarapac\u00e1","url":"https:\/\/www.cftestataltarapaca.cl\/inicio\/","logo":{"@type":"ImageObject","inLanguage":"es","@id":"https:\/\/www.cftestataltarapaca.cl\/inicio\/#\/schema\/logo\/image\/","url":"https:\/\/www.cftestataltarapaca.cl\/inicio\/wp-content\/uploads\/2019\/03\/logo-retina-1.png","contentUrl":"https:\/\/www.cftestataltarapaca.cl\/inicio\/wp-content\/uploads\/2019\/03\/logo-retina-1.png","width":401,"height":150,"caption":"CFT Estatal Tarapac\u00e1"},"image":{"@id":"https:\/\/www.cftestataltarapaca.cl\/inicio\/#\/schema\/logo\/image\/"},"sameAs":["https:\/\/www.facebook.com\/CFTestataltarapaca\/","https:\/\/x.com\/CFTesTarapaca","https:\/\/www.instagram.com\/CFTestataltarapaca\/"]},{"@type":"Person","@id":"https:\/\/www.cftestataltarapaca.cl\/inicio\/#\/schema\/person\/ad1fbfa1fa7c3d3889f4ae5401dd660e","name":"Comunicaciones","image":{"@type":"ImageObject","inLanguage":"es","@id":"https:\/\/secure.gravatar.com\/avatar\/ed1c2728327f20a5a62edaeb7dc181858f225b765044c5314c3d1059a1bd992f?s=96&d=mm&r=g","url":"https:\/\/secure.gravatar.com\/avatar\/ed1c2728327f20a5a62edaeb7dc181858f225b765044c5314c3d1059a1bd992f?s=96&d=mm&r=g","contentUrl":"https:\/\/secure.gravatar.com\/avatar\/ed1c2728327f20a5a62edaeb7dc181858f225b765044c5314c3d1059a1bd992f?s=96&d=mm&r=g","caption":"Comunicaciones"},"sameAs":["http:\/\/www.cftestataltarapaca.cl"],"url":"https:\/\/www.cftestataltarapaca.cl\/inicio\/author\/comunicaciones\/"}]}},"publishpress_future_action":{"enabled":false,"date":"2026-05-08 11:38:27","action":"change-status","newStatus":"draft","terms":[],"taxonomy":"category","extraData":[]},"publishpress_future_workflow_manual_trigger":{"enabledWorkflows":[]},"_links":{"self":[{"href":"https:\/\/www.cftestataltarapaca.cl\/inicio\/wp-json\/wp\/v2\/posts\/9654","targetHints":{"allow":["GET"]}}],"collection":[{"href":"https:\/\/www.cftestataltarapaca.cl\/inicio\/wp-json\/wp\/v2\/posts"}],"about":[{"href":"https:\/\/www.cftestataltarapaca.cl\/inicio\/wp-json\/wp\/v2\/types\/post"}],"author":[{"embeddable":true,"href":"https:\/\/www.cftestataltarapaca.cl\/inicio\/wp-json\/wp\/v2\/users\/2"}],"replies":[{"embeddable":true,"href":"https:\/\/www.cftestataltarapaca.cl\/inicio\/wp-json\/wp\/v2\/comments?post=9654"}],"version-history":[{"count":2,"href":"https:\/\/www.cftestataltarapaca.cl\/inicio\/wp-json\/wp\/v2\/posts\/9654\/revisions"}],"predecessor-version":[{"id":10561,"href":"https:\/\/www.cftestataltarapaca.cl\/inicio\/wp-json\/wp\/v2\/posts\/9654\/revisions\/10561"}],"wp:featuredmedia":[{"embeddable":true,"href":"https:\/\/www.cftestataltarapaca.cl\/inicio\/wp-json\/wp\/v2\/media\/9655"}],"wp:attachment":[{"href":"https:\/\/www.cftestataltarapaca.cl\/inicio\/wp-json\/wp\/v2\/media?parent=9654"}],"wp:term":[{"taxonomy":"category","embeddable":true,"href":"https:\/\/www.cftestataltarapaca.cl\/inicio\/wp-json\/wp\/v2\/categories?post=9654"},{"taxonomy":"post_tag","embeddable":true,"href":"https:\/\/www.cftestataltarapaca.cl\/inicio\/wp-json\/wp\/v2\/tags?post=9654"}],"curies":[{"name":"wp","href":"https:\/\/api.w.org\/{rel}","templated":true}]}}